{"id":1033,"date":"2023-04-11T20:45:45","date_gmt":"2023-04-11T20:45:45","guid":{"rendered":"https:\/\/ensantane.com\/?p=1033"},"modified":"2023-11-16T20:49:36","modified_gmt":"2023-11-16T20:49:36","slug":"secimler-ve-tavrimiz","status":"publish","type":"post","link":"https:\/\/dkder.org\/index.php\/2023\/04\/11\/secimler-ve-tavrimiz\/","title":{"rendered":"SE\u00c7\u0130MLER VE TAVRIMIZ"},"content":{"rendered":"<p><img loading=\"lazy\" decoding=\"async\" class=\"alignnone  wp-image-1034\" src=\"https:\/\/dkder.org\/wp-content\/uploads\/2023\/11\/1-may-300x140.jpg\" alt=\"\" width=\"804\" height=\"375\" srcset=\"https:\/\/dkder.org\/wp-content\/uploads\/2023\/11\/1-may-300x140.jpg 300w, https:\/\/dkder.org\/wp-content\/uploads\/2023\/11\/1-may-1024x477.jpg 1024w, https:\/\/dkder.org\/wp-content\/uploads\/2023\/11\/1-may-768x357.jpg 768w, https:\/\/dkder.org\/wp-content\/uploads\/2023\/11\/1-may-1536x715.jpg 1536w, https:\/\/dkder.org\/wp-content\/uploads\/2023\/11\/1-may.jpg 2048w\" sizes=\"auto, (max-width: 804px) 100vw, 804px\" \/><\/p>\n<p>&nbsp;<\/p>\n<p><strong>SE\u00c7\u0130MLER VE TAVRIMIZ<\/strong><\/p>\n<p>&nbsp;<\/p>\n<p>Her t\u00fcrl\u00fc\u00a0 bask\u0131, hak gasplar\u0131 ve yasa tan\u0131mazl\u0131klar\u0131yla bug\u00fcne kadar gelen AKP-MHP tekci, bask\u0131c\u0131\u00a0 y\u00f6netim temsil ettikleri oligar\u015finin iktidar\u0131n\u0131 koruyabilmek ad\u0131na son ve b\u00fcy\u00fck oyunu se\u00e7imler devreye sokulmu\u015ftur. Devreye sokulmu\u015ftur \u00e7\u00fcnk\u00fc, normal zaman\u0131nda yap\u0131lmas\u0131na k\u0131sa bir zaman kala kendi \u00e7\u0131kard\u0131klar\u0131 yasay\u0131 hile ile deliyorlar. &#8220;\u00dc\u00e7\u00fcnc\u00fc kez aday olamama&#8221; \u015fart\u0131 \u00fc\u00e7\u00fcnc\u00fc se\u00e7imi normal tarihinin \u00f6n\u00fcne \u00e7ekerek ikinci se\u00e7im olmam\u0131\u015f gibi kendi yasalar\u0131n\u0131 delerek halk\u0131 kand\u0131r\u0131yorlar. Erdo\u011fans\u0131z kendilerini hi\u00e7 g\u00f6renler asl\u0131nda koca bir hi\u00e7tirler. Ve me\u015fru olmayan bir se\u00e7im tezgah\u0131 kuruyorlar. Bu konunun bir yan\u0131 olmakla birlikte neden se\u00e7imlerin bir \u00e7are olmad\u0131\u011f\u0131n\u0131n da a\u00e7\u0131k ifadesidir.<\/p>\n<p>Peki bu durumun kayna\u011f\u0131 nedir?<\/p>\n<p>\u00dclkemiz emperyalist k\u00fcresel sermayenin k\u00fcresel s\u00f6m\u00fcrgesi olan yeni s\u00f6m\u00fcrge bir \u00fclkedir. Kapitalisttir, devlet bi\u00e7imi fa\u015fizmdir. K\u00fcrdistan, \u00f6zg\u00fcn, par\u00e7al\u0131, tipik olmayan, Ortado\u011fu&#8217;da uluslararas\u0131 s\u00f6m\u00fcrgedir.<\/p>\n<p>Halklar\u0131n kurtulu\u015fu sosyalizmde, Ortado\u011fu\u2019nun kurtulu\u015fu, Ortado\u011fu Devrimci \u00c7emberi plan\u0131nda, devrimci ve uluslararas\u0131 bir\u00e7ok ko\u015fula ba\u011fl\u0131 olarak par\u00e7a par\u00e7a ya da bir\u00e7ok \u00fclke kapsaml\u0131 devrim ile m\u00fcmk\u00fcnd\u00fcr.<\/p>\n<p>Kapitalist sistem i\u00e7indeki siyasal geli\u015fmelere, se\u00e7imlere, demokratik m\u00fccadele alanlar\u0131na ve d\u00fczen i\u00e7i \u00e7al\u0131\u015fmalara, \u0130zlenecek taktiklere bu perspektif klavuzlu\u011funda bak\u0131yoruz.<\/p>\n<p>Bu temel yakla\u015f\u0131mlarla devrimci m\u00fccadeleyi y\u00fcr\u00fct\u00fcrken, parlamenterizmi, parlamentoyu devrim ve halklar\u0131n kurtulu\u015fu i\u00e7in bir \u00e7\u00f6z\u00fcm olarak g\u00f6rm\u00fcyoruz. Parlamentoyu Umudun ba\u011flan\u0131laca\u011f\u0131 bir yer de\u011fil, ko\u015fullara ba\u011fl\u0131 olarak yararlan\u0131lacak mevzilerden biri olarak kabul ediyoruz. Tabii\u00a0 devrimci m\u00fccadelenin durumuna,\u00a0 ko\u015fullara, yer ve zamana ba\u011fl\u0131 olarak&#8230;Bu perspektiften uzakla\u015f\u0131ld\u0131\u011f\u0131nda, devrimci hareket ve devrimciler sisteme yedeklenilir, suni dengenin g\u00fc\u00e7lenmesine hizmet etme konumuna s\u00fcr\u00fcklenilir, parlamenterizmin kuyru\u011funa tak\u0131l\u0131p kal\u0131n\u0131r.<\/p>\n<p>Bu bar\u0131\u015f\u00e7\u0131l yoldan sosyalizme ge\u00e7meyi hayal edenleri Mahir \u00c7ayan \u015f\u00f6yle tan\u0131ml\u0131yor:<\/p>\n<p>&#8220;Bar\u0131\u015f\u00e7\u0131 yoldan sosyalizme ge\u00e7mek burjuva parlamentosu arac\u0131l\u0131\u011f\u0131yla sosyalizme ge\u00e7meyi m\u00fcmk\u00fcn g\u00f6rmektedir. Ve bar\u0131\u015f\u00e7\u0131l yollardan sosyalizme ge\u00e7mek proletarya diktat\u00f6ryas\u0131n\u0131 \u00f6n g\u00f6rmez. S\u0131n\u0131flar aras\u0131 parlamenterist yar\u0131\u015f\u0131 ve bu yolla nihai olarak sosyalizme ge\u00e7irebilece\u011fini kabul eden b\u00fct\u00fcn parlamentocu sosyalist partiler, iktidara geldiklerinde proletarya diktat\u00f6ryas\u0131n\u0131 kurmayacaklar\u0131n\u0131 a\u00e7\u0131k\u00e7a ilan etmi\u015flerdir.&#8221;<\/p>\n<p>Burjuva parlamentosu arac\u0131l\u0131\u011f\u0131yla sosyalizme ge\u00e7meyi m\u00fcmk\u00fcn g\u00f6ren anlay\u0131\u015flar do\u011fal olarak t\u00fcm umutlar\u0131n\u0131 parlamentoya ve daha fazla milletvekili g\u00f6ndermeye ba\u011flar! Bunun bir uzant\u0131s\u0131 olarak zafer de bu eksende g\u00f6r\u00fcr! Ya da kapitalist sistemde demokrasi maskesinin ayaklar\u0131 olan parlamentoya girmek i\u00e7in se\u00e7imlerde tav\u0131r belirlerken, sergilenen pragmatik yakla\u015f\u0131m k\u00f6rl\u00fc\u011f\u00fc de beraberinde getirir ve \u00fclkemizde fa\u015fizmin icras\u0131n\u0131n parlamento kanal\u0131yla s\u00fcrd\u00fcrd\u00fc\u011f\u00fc unutur. Ama\u00e7 devrim ve sosyalizm olmaktan \u00e7\u0131kar, devrim ve sosyalizm m\u00fccadelesinin bilinmeze \u00f6telenmesine d\u00f6n\u00fc\u015f\u00fcr. Bug\u00fcn solda a\u011f\u0131rl\u0131kl\u0131 olarak ya\u015fanan tam da budur.<\/p>\n<p>Simdi bu tesbitlerimiz \u0131\u015f\u0131\u011f\u0131nda \u00f6n\u00fcm\u00fczdeki se\u00e7imlere ili\u015fkin tutumumuzu k\u0131saca ifade edelim.<\/p>\n<p>Biz hedefi anti-emperyalist anti-oligar\u015fik devrim ve devam\u0131nda sosyalizm olan bir g\u00f6r\u00fc\u015f\u00fc savunuyoruz.<\/p>\n<p>Bug\u00fcn temel g\u00f6rev \u00fclkemizde devrimci m\u00fccadeleyi, devrimci hareketi aya\u011fa kald\u0131rmak, m\u00fccadeleyi y\u00fckseltmektir. Her t\u00fcrl\u00fc s\u00f6m\u00fcrgecili\u011fe, ABD emperyalizmine ve NATO\u2019ya kar\u015f\u0131 t\u00fcm halklar\u0131n kurtulu\u015fu i\u00e7in m\u00fccadele etmektir. Bu g\u00f6rev kapsam\u0131nda K\u00fcrt halk\u0131n\u0131n \u00f6zg\u00fcrl\u00fck m\u00fccadelesini savunmak ve desteklemektir.<\/p>\n<p>D\u00fcnyada reel sosyalizmin \u00e7\u00f6k\u00fc\u015f\u00fcn\u00fcn yaratt\u0131\u011f\u0131 dezavantajlar ve gerek d\u00fcnyada devrimci sosyalist m\u00fccadelenin d\u00fc\u015f\u00fck seyri hepimizin g\u00f6zlemledi\u011fi, bildi\u011fi bir durumdur. Bug\u00fcn, K\u00fcrt \u00f6zg\u00fcrl\u00fck hareketinin durumu bir yana konulursa, T\u00fcrkiye solu 1965-70 s\u00fcreci gibi reformizmin egemen oldu\u011fu, devrim yerine reformizmin ikame edilmeye \u00e7al\u0131\u015f\u0131ld\u0131\u011f\u0131, savrulmalar\u0131n ya\u015fand\u0131\u011f\u0131, bununda \u00e7e\u015fitli ambalajlarla sunuldu\u011fu bir s\u00fcreci ya\u015f\u0131yoruz.<\/p>\n<p>Bizler, ideolojik olarak ge\u00e7mi\u015fte mahkum edilmi\u015f bu anlay\u0131\u015flar\u0131n yeniden kar\u015f\u0131m\u0131za \u00e7\u0131kar\u0131lmas\u0131n\u0131, devrimci m\u00fccadelenin g\u00fc\u00e7s\u00fcz d\u00fc\u015ft\u00fc\u011f\u00fc, umutsuzluk, \u00f6rg\u00fcts\u00fczl\u00fc\u011f\u00fcn ba\u015ftac\u0131 edildi\u011fi bir s\u00fcreci f\u0131rsat bilerek bayraktarl\u0131\u011f\u0131n\u0131n yap\u0131lmas\u0131n\u0131 hepten reddediyoruz<\/p>\n<p>\u00dclkemiz ko\u015fullar\u0131nda egemen g\u00fc\u00e7ler fa\u015fizmi parlamenter maskeli olarak uygulamaktad\u0131r dedik. Bu uygulama ister istemez devrimci g\u00fc\u00e7lerinde yararlanabilece\u011fi baz\u0131 mevziler sunmaktad\u0131r. S\u0131n\u0131rl\u0131 say\u0131da olsa da parlamento k\u00fcrs\u00fcs\u00fcn\u00fcn kullan\u0131lmas\u0131na imkan tan\u0131maktad\u0131r. Bu imkan, yan\u0131lg\u0131lara da \u00f6n a\u00e7makta, devrimci g\u00fc\u00e7leri reformizme, se\u00e7im yar\u0131\u015f\u0131na, daha fazla milletvekili kazanma sevdas\u0131na s\u00fcr\u00fcklemektedir. Oysa, devrim ile iktidar\u0131 hedeflemeyen ve bu y\u00f6nde m\u00fccadeleyi y\u00fckseltmeyen bir yap\u0131n\u0131n kapitalist sistem i\u00e7inde yapabilece\u011fi pek bir \u015fey yoktur. K\u0131sacas\u0131, Parlamenterizm \u00e7\u00f6z\u00fcm de\u011fildir! Devrimden ve deneyimlerden anlad\u0131\u011f\u0131m\u0131z, s\u0131n\u0131flar m\u00fccadelesinden \u00f6\u011frendi\u011fimiz budur.<\/p>\n<p>Bug\u00fcn kitlelere \u00f6nderlik edecek bir devrimci \u00f6nderli\u011fin olmay\u0131\u015f\u0131, kitlelerin bilin\u00e7 ve \u00f6rg\u00fctlenme durumu parlamento ile maskelenmi\u015f fa\u015fizme kar\u015f\u0131 boykotu g\u00fcndeme almay\u0131 engellemektedir. Ancak bu demek de\u011fildir ki, her ko\u015fulda boykot yapmak gerekir ya da se\u00e7imler tamamen reddedilir. Ne var ki, bug\u00fcnk\u00fc ko\u015fullar boykot i\u00e7in uygun de\u011fildir.<\/p>\n<p>Peki bug\u00fcnk\u00fc ko\u015fullarda nas\u0131l bir politika,\u00a0 nas\u0131l bir taktik izlemeliyiz?<\/p>\n<p>\u00dclkemizde fa\u015fizm, parti ve devlet kurumlar\u0131n\u0131n i\u00e7i\u00e7e ge\u00e7ti\u011fi, t\u00fcm burjuva yasall\u0131\u011f\u0131n\u0131 olu\u015fturan normlar\u0131n, anayasan\u0131n da i\u015flemedi\u011fi, parlamenter maskesini de bir kenara atmay\u0131p ancak a\u00e7\u0131k fa\u015fizm a\u011f\u0131rl\u0131kl\u0131 bir sistem i\u015flemektedir.<\/p>\n<p>Burjuva partileri ve bu temelde olu\u015fturulan ittifaklar s\u0131n\u0131f ve devrim perspektifimiz gere\u011fi se\u00e7enek de\u011fildir ve olamaz. Kitlelerin kurtulu\u015fu kapitalizm i\u00e7i se\u00e7eneklerde aranamaz. Aranmamal\u0131d\u0131r.<\/p>\n<p>Hedefinde tan\u0131m\u0131na uygun devrim ve sosyalizm olmayan,\u00a0 devrimi temel almayan siyasi parti ve \u00f6rg\u00fctlerin se\u00e7im taktikleri, parlamentoya girmeleri d\u00fczen i\u00e7i se\u00e7enek ve kapitalizm uyumlu politikalar olmaktan \u00f6teye gidemez.<\/p>\n<p>Devrim hedefi ve devrimci m\u00fccadele varsa, ko\u015fullara ba\u011fl\u0131 olarak se\u00e7imler boykot edilir yada bir mevzi yaratma anlam\u0131nda se\u00e7imlere girilir, parlamentoya milletvekili g\u00f6nderilebilir. Yoksa, \u00f6n\u00fcnde sonunda kapitalizme ve sisteme yedeklenilir, devrime de\u011fil. Burjuvazinin \u00e7izdi\u011fi anayasa, yasalar ve s\u0131n\u0131rlar i\u00e7inde d\u00f6n\u00fcp durulur!<\/p>\n<p>T\u00fcm d\u00fcnya devrim ve se\u00e7im deneyimleri a\u00e7\u0131k de\u011fil mi? En ba\u015far\u0131l\u0131s\u0131 da \u015eili de\u011fil mi?<\/p>\n<p>Devrimin yoksa, devrim hedefli m\u00fccadelen yoksa parlamentoda yoktur senin i\u00e7in.<\/p>\n<p>Buradan \u00f6n\u00fcm\u00fczdeki se\u00e7imlere ve Emek ve \u00d6zg\u00fcrl\u00fck \u0130ttifak\u0131 g\u00fc\u00e7lerine gelirsek, bu ittifak\u0131n program\u0131 ve ideolojik yap\u0131lar\u0131 reformist ve parlamenterist bir \u00e7izgiye kaym\u0131\u015f g\u00f6r\u00fcn\u00fcyor. \u00c7\u00fcnk\u00fc, devrim hedefi bulunmuyor. Bu nedenle,\u00a0 se\u00e7im ittifak\u0131 olarak kar\u015f\u0131m\u0131za \u00e7\u0131kan Emek ve \u00d6zg\u00fcrl\u00fck \u0130ttifak\u0131n\u0131 da bir b\u00fct\u00fcn olarak destekliyoruz demek do\u011fru olmaz.<\/p>\n<p>Sol ittifak ad\u0131 alt\u0131nda olu\u015fturulan t\u00fcm ittifaklara da bak\u0131\u015f a\u00e7\u0131m\u0131z ayn\u0131d\u0131r.<\/p>\n<p>Bu arada hi\u00e7bir ku\u015fkuya yer vermeyecek \u015fekilde ifade edelim ki, ittifak g\u00fc\u00e7leri ile m\u00fccadele alanlar\u0131nda, ortak m\u00fccadele platformlar\u0131nda ittifak i\u00e7inde oluruz, oluyoruz,\u00a0 olaca\u011f\u0131z ve birlikte m\u00fccadele edece\u011fiz ama ifade etti\u011fimiz gibi programlar\u0131 nedeniyle pe\u015flerinden y\u00fcr\u00fcyemeyiz. Bu sorumlulu\u011fu alamay\u0131z.<\/p>\n<p>K\u0131sacas\u0131 bu tavr\u0131m\u0131z politik ve ideolojik nedenlerle \u015fekillenmektedir.<\/p>\n<p>Ancak, HDP-Ye\u015fil Sol Parti a\u00e7\u0131s\u0131ndan soruna sadece se\u00e7im sorunu olarak bakm\u0131yor, \u00e7ok \u00a0da farkl\u0131 bak\u0131yoruz. Di\u011fer alanlarda oldu\u011fu gibi, se\u00e7im s\u00fcrecinde de HDP-Ye\u015fil Sol Parti&#8217;yi mevzi tutmas\u0131 i\u00e7in desteklemeliyiz ve destekleyece\u011fiz.<\/p>\n<p>Neden?<\/p>\n<p>HDP-Ye\u015fil Sol Parti fa\u015fizme ve s\u00f6m\u00fcrgecili\u011fe kar\u015f\u0131 bir direni\u015f oda\u011f\u0131d\u0131r. Ve ayn\u0131 zamanda zul\u00fcmlerin \u00fczerine ya\u011fd\u0131\u011f\u0131, tutuklamalar, kayyumlar, bas\u0131klar ve her t\u00fcrl\u00fc yasal ve anayasal ihlallere u\u011frayan bir odakt\u0131r. HDP-Ye\u015fil Sol Parti K\u00fcrt \u00f6zg\u00fcrl\u00fck m\u00fccadelesinin dostu,\u00a0 kitlelerle b\u00fct\u00fcnle\u015fmeyi ba\u015farm\u0131\u015f, bir halk hareketidir,\u00a0 bir mevzi hareketidir. Parlamentoyu halklar i\u00e7in kullanma g\u00fc\u00e7 ve yetene\u011fine sahiptir.<\/p>\n<p>Bu cepheden bakt\u0131\u011f\u0131m\u0131zdan HDP-Ye\u015fil Sol Parti&#8217;nin desteklenmesi do\u011fru bir tutumdur. Zira fa\u015fizme ezdirmemek i\u00e7in yan\u0131nda durulmas\u0131 ba\u015fl\u0131 ba\u015f\u0131na bir nedendir. T\u00fcrkiye emek\u00e7ilerinin K\u00fcrt halk\u0131na dayan\u0131\u015fmas\u0131d\u0131r. HDP-Ye\u015fil Sol Parti&#8217;nin fa\u015fizme kar\u015f\u0131 direni\u015fi s\u00fcrd\u00fc\u011f\u00fc s\u00fcrece yan\u0131nda oluruz.<\/p>\n<p>HDP-Ye\u015fil Sol Parti&#8217;nin kendi mevzisini kazanma yolunda ittifaklar olu\u015fturma tercihine elbette sayg\u0131l\u0131y\u0131z. Bizim HDP-Ye\u015fil Sol Parti&#8217;ye belirtti\u011fimiz nedenlerle destek vermemiz, ittifaka destek anlam\u0131na gelmez. Deste\u011fimiz, sol ve devrimci hareketlerin destekleme gerek\u00e7elerinden tamamen farkl\u0131 ve pragmatizmden \u00e7ok uzak nedenlere dayanmaktad\u0131r.<\/p>\n<p>Biz d\u00f6nemin do\u011fru tutumunun bu oldu\u011funu d\u00fc\u015f\u00fcn\u00fcyoruz.<\/p>\n<p>Yukar\u0131da \u00fclkemiz ko\u015fullar\u0131nda egemen g\u00fc\u00e7ler fa\u015fizmi parlamenter maskeli olarak uygulamaktad\u0131r dedik. Ve fa\u015fizm parti devletine d\u00f6n\u00fc\u015fm\u00fc\u015f ve baz\u0131 ayr\u0131nt\u0131lar nedeniyle a\u00e7\u0131k fa\u015fizm a\u011f\u0131rl\u0131kl\u0131 diyebilece\u011fimiz uygulamalar\u0131yla h\u00fck\u00fcm s\u00fcrmekte, kapitalizm olanca \u015fiddetiyle ekonomik krizini ya\u015famaktad\u0131r. Se\u00e7imler, egemen g\u00fc\u00e7ler aras\u0131nda bir el de\u011fi\u015ftirme yar\u0131\u015f\u0131d\u0131r. Kapitalist sistemi kurtarma yar\u0131\u015f\u0131d\u0131r. Kapitalist sistem, s\u00f6m\u00fcr\u00fc d\u00fczeni yeni yeni uygulamalarla devam edecektir.<\/p>\n<p>Bunun bir aya\u011f\u0131 parlamento ise di\u011fer aya\u011f\u0131 Cumhurba\u015fkanl\u0131\u011f\u0131d\u0131r. Parlamento se\u00e7imlerinde izlenecek takti\u011fi yukarda ifade ederken, Cumhurba\u015fkanl\u0131\u011f\u0131 konusunda devrimciler i\u00e7in elde edilebilecek, tutulabilecek bir mevzi yoktur. AKP fa\u015fizmi kar\u015f\u0131s\u0131nda net tutum almakla beraber, di\u011fer adaylar konusunda da taraf olmak durumunda de\u011filiz. Se\u00e7im sonras\u0131 devam eden bir s\u00f6m\u00fcr\u00fc sistemi, s\u0131n\u0131f m\u00fccadelesinin, devrimci m\u00fccadelenin y\u00fckselmesine paralel hangi iktidar olursa olsun bask\u0131, \u015fiddet ve sava\u015f politikalar\u0131 \u00fcretece\u011finden bir \u00e7a\u011fr\u0131da bulunamay\u0131z. Kefil olamayaca\u011f\u0131m\u0131z politikalar konusunda kitlelere bir hedef g\u00f6steremeyiz.<\/p>\n<p>B\u0130Z SE\u00c7\u0130M S\u00dcREC\u0130NDE, HALKIN GER\u00c7EK KURTULU\u015eUNUN DEVR\u0130M VE SOSYAL\u0130ZMDE OLDU\u011eUNU ISRARLA ANLATACA\u011eIZ.<\/p>\n<p>Bir not:<\/p>\n<p>HDP ( Ye\u015fil Sol Parti) adaylar\u0131n\u0131n belirlenmesinde ittifak olmad\u0131\u011f\u0131m\u0131z i\u00e7in bir rol\u00fcm\u00fcz ve s\u00f6z hakk\u0131m\u0131z olmad\u0131\u011f\u0131ndan, \u00f6neri ve ele\u015ftiri hakk\u0131m\u0131z\u0131 da kullanmak istiyoruz. \u00c7e\u015fitli kanallarda g\u00f6r\u00fc\u015flerimizi ifade etti\u011fimiz ve iletti\u011fimiz gibi,\u00a0 Emek ve \u00f6zg\u00fcrl\u00fck m\u00fccadelesi kar\u015f\u0131s\u0131nda yer alm\u0131\u015f, s\u00fcre\u00e7leri tart\u0131\u015fmalarla dolu, Ye\u015fil Sol Parti\u2019nin \u00f6n\u00fcm\u00fczdeki s\u00fcre\u00e7 ve mevzi tutmas\u0131na yararl\u0131 olmayaca\u011f\u0131n\u0131 d\u00fc\u015f\u00fcnd\u00fc\u011f\u00fcm\u00fcz adaylara itiraz hakk\u0131m\u0131z\u0131 tarihe not d\u00fc\u015f\u00fcyoruz.<\/p>\n","protected":false},"excerpt":{"rendered":"<p>&nbsp; SE\u00c7\u0130MLER VE TAVRIMIZ &nbsp; Her t\u00fcrl\u00fc\u00a0 bask\u0131, hak gasplar\u0131 ve yasa tan\u0131mazl\u0131klar\u0131yla bug\u00fcne kadar gelen AKP-MHP tekci, bask\u0131c\u0131\u00a0 y\u00f6netim<\/p>\n","protected":false},"author":1,"featured_media":1034,"comment_status":"open","ping_status":"closed","sticky":false,"template":"","format":"standard","meta":{"footnotes":""},"categories":[67,72],"tags":[],"class_list":["post-1033","post","type-post","status-publish","format-standard","has-post-thumbnail","hentry","category-duyurular","category-guncel"],"_links":{"self":[{"href":"https:\/\/dkder.org\/index.php\/wp-json\/wp\/v2\/posts\/1033","targetHints":{"allow":["GET"]}}],"collection":[{"href":"https:\/\/dkder.org\/index.php\/wp-json\/wp\/v2\/posts"}],"about":[{"href":"https:\/\/dkder.org\/index.php\/wp-json\/wp\/v2\/types\/post"}],"author":[{"embeddable":true,"href":"https:\/\/dkder.org\/index.php\/wp-json\/wp\/v2\/users\/1"}],"replies":[{"embeddable":true,"href":"https:\/\/dkder.org\/index.php\/wp-json\/wp\/v2\/comments?post=1033"}],"version-history":[{"count":1,"href":"https:\/\/dkder.org\/index.php\/wp-json\/wp\/v2\/posts\/1033\/revisions"}],"predecessor-version":[{"id":1035,"href":"https:\/\/dkder.org\/index.php\/wp-json\/wp\/v2\/posts\/1033\/revisions\/1035"}],"wp:featuredmedia":[{"embeddable":true,"href":"https:\/\/dkder.org\/index.php\/wp-json\/wp\/v2\/media\/1034"}],"wp:attachment":[{"href":"https:\/\/dkder.org\/index.php\/wp-json\/wp\/v2\/media?parent=1033"}],"wp:term":[{"taxonomy":"category","embeddable":true,"href":"https:\/\/dkder.org\/index.php\/wp-json\/wp\/v2\/categories?post=1033"},{"taxonomy":"post_tag","embeddable":true,"href":"https:\/\/dkder.org\/index.php\/wp-json\/wp\/v2\/tags?post=1033"}],"curies":[{"name":"wp","href":"https:\/\/api.w.org\/{rel}","templated":true}]}}