{"id":1060,"date":"2023-03-18T21:40:20","date_gmt":"2023-03-18T21:40:20","guid":{"rendered":"https:\/\/ensantane.com\/?p=1060"},"modified":"2023-11-16T21:43:00","modified_gmt":"2023-11-16T21:43:00","slug":"adanada-depremde-yasamini-yitirenler-anildi","status":"publish","type":"post","link":"https:\/\/dkder.org\/index.php\/2023\/03\/18\/adanada-depremde-yasamini-yitirenler-anildi\/","title":{"rendered":"ADANA\u2019DA DEPREMDE YA\u015eAMINI Y\u0130T\u0130RENLER ANILDI"},"content":{"rendered":"<h2>Adana Emek ve Demokrasi G\u00fc\u00e7leri, depremin 40\u2019\u0131nc\u0131 g\u00fcn\u00fcnde ya\u015fam\u0131n\u0131 yitirenleri and\u0131.<\/h2>\n<p>Adana Emek ve Demokrasi G\u00fc\u00e7leri, depremin 40\u2019\u0131nc\u0131 g\u00fcn\u00fcnde ya\u015fam\u0131n\u0131 yitirenleri and\u0131. Anmaya KESK\u2019e ba\u011fl\u0131 sendikalar, \u0130HD, HDP, EMEP, ESP, Halkevleri, T\u00d6P, Kald\u0131ra\u00e7 kat\u0131ld\u0131. Eylemde HDP Milletvekilleri Serpil Kemalbay ve Erol Kat\u0131rc\u0131o\u011flu, deprem b\u00f6lgesi olan T\u00fcrkiye\u2019de yurtta\u015flar\u0131n \u00f6lmemek i\u00e7in kaderini kendi ellerine alarak depremi \u201ckader plan\u0131\u201d olarak a\u00e7\u0131klayan iktidar\u0131 g\u00f6ndermesi gerekti\u011fine dikkat \u00e7ektiler. A\u00e7\u0131klamay\u0131 izleyen deprem b\u00f6lgesinden Adana\u2019ya gelen iki vatanda\u015f depremzedelerin g\u00f6\u00e7ebe hayat\u0131 ya\u015fad\u0131klar\u0131n\u0131, \u00e7ad\u0131ra ula\u015fmakta dahi zorland\u0131klar\u0131n\u0131 s\u00f6ylediler.<\/p>\n<h3>&#8220;YA\u015eANILAB\u0130L\u0130R B\u0130R T\u00dcRK\u0130YE\u2019Y\u0130 B\u0130RL\u0130KTE KURACA\u011eIZ&#8221;<\/h3>\n<p>40\u2019\u0131nc\u0131 g\u00fcn\u00fc biten depremde ilk g\u00fcnden itibaren 11 ilde deprem b\u00f6lgesinde bulunduklar\u0131n\u0131 dile getiren Kemalbay, halk\u0131n halen \u00e7ad\u0131r, konteyner, tuvalet, du\u015f, hijyen \u00fcr\u00fcnlerine ula\u015famad\u0131\u011f\u0131na dikkat \u00e7ekti\u011fi konu\u015fmas\u0131nda bu tabloya yurtta\u015flar\u0131n selde hayat\u0131n\u0131 kaybetmesinin eklendi\u011fini belirterek 40 g\u00fcnde ortaya \u00e7\u0131kan sonucun deprem ve sel felaketlerinin ya\u015fanaca\u011f\u0131 bilinmesine ra\u011fmen yurtta\u015flar a\u00e7\u0131s\u0131ndan belirsizlik, yaln\u0131zl\u0131k ve \u00f6l\u00fcm oldu\u011funu anlatt\u0131. Halk\u0131n ya\u015fam hakk\u0131n\u0131 y\u00f6neticilere ve yerel y\u00f6netimlere b\u0131rakmamas\u0131 gerekti\u011fini ifade eden Kemalbay, \u015funlar\u0131 s\u00f6yledi: &#8220;Depremlerde, sel felaketlerinde, kad\u0131n cinayetlerinde, i\u015f cinayetlerinde \u00f6l\u00fcyoruz. Ancak ya\u015fam\u0131m\u0131z\u0131 korumam\u0131z halk\u0131n kendi ya\u015fam\u0131n\u0131 savunulmas\u0131 i\u00e7in kaderini kendi ellerine almas\u0131ndan ba\u015fka \u00e7are yok. Se\u00e7imlerde ve sonraki d\u00f6nemde ya\u015fan\u0131labilir bir T\u00fcrkiye\u2019yi kurmak i\u00e7in elimizden geleni yapaca\u011f\u0131z&#8221;<\/p>\n<h3>&#8220;DAYANI\u015eMA G\u00dcVENEB\u0130LECE\u011e\u0130M\u0130Z EN \u00d6NEML\u0130 KAVRAMDIR&#8221;<\/h3>\n<p>HDP \u0130stanbul Milletvekili Erol Kat\u0131rc\u0131o\u011flu, &#8220;Ya\u015fanan sel ve depremin yol a\u00e7t\u0131\u011f\u0131 y\u0131k\u0131m\u0131 kader plan\u0131 oldu\u011funu d\u00fc\u015f\u00fcnen bir zihniyetle 85 milyonun y\u00f6netilmesi gibi bir tuhaf durumla kar\u015f\u0131 kar\u015f\u0131yay\u0131z. Kaybetti\u011fimiz binlerce can\u0131m\u0131z devletin devlet olamamas\u0131ndan kaynaklanan olaylard\u0131r. Bu t\u00fcr olaylar esas itibariyle insan yap\u0131m\u0131d\u0131r, kader plan\u0131n\u0131n bir par\u00e7as\u0131 de\u011fildir. Bu sarayda oturan k\u00fc\u00e7\u00fck bir grubun hepimizin hayatlar\u0131 ile ilgili karar veriyor olmas\u0131 garabeti ile ilgili bir mesele\u201d diye konu\u015ftu.<\/p>\n<p>Ya\u015fananlarda olumlu olan tek \u015feyin dayan\u0131\u015fma oldu\u011funu ifade eden Kat\u0131rc\u0131o\u011flu, \u201cGer\u00e7ekten de \u00f6n\u00fcm\u00fczdeki se\u00e7im d\u00f6neminde dayan\u0131\u015fma ile iktidar\u0131 de\u011fi\u015ftirecek bir g\u00fc\u00e7 ortaya \u00e7\u0131karmam\u0131z gerekir. \u00c7\u00fcnk\u00fc bilimin bu kadar geli\u015fti\u011fi bir d\u00fcnyada bu olaylar\u0131 kader plan\u0131 ile a\u00e7\u0131klayan bir h\u00fck\u00fcmetle y\u00f6netilmek kabul edilebilir bir \u015fey de\u011fildir. Dolay\u0131s\u0131yla bu iktidar\u0131n gitmesi gerekiyor. Taleplerimiz do\u011frultusunda, \u00f6zg\u00fcrl\u00fck, demokrasi y\u00f6n\u00fcnde bir de\u011fi\u015fimi T\u00fcrkiye\u2019nin g\u00fcndemine getirmesi gerekiyor. \u00d6len on binlerce can\u0131m\u0131z\u0131 and\u0131\u011f\u0131m\u0131z \u015fu g\u00fcnde dayan\u0131\u015fma g\u00fcvenebilece\u011fimiz en \u00f6nemli kavramd\u0131r\u201d dedi.<\/p>\n","protected":false},"excerpt":{"rendered":"<p>Adana Emek ve Demokrasi G\u00fc\u00e7leri, depremin 40\u2019\u0131nc\u0131 g\u00fcn\u00fcnde ya\u015fam\u0131n\u0131 yitirenleri and\u0131. Adana Emek ve Demokrasi G\u00fc\u00e7leri, depremin 40\u2019\u0131nc\u0131 g\u00fcn\u00fcnde ya\u015fam\u0131n\u0131<\/p>\n","protected":false},"author":1,"featured_media":1061,"comment_status":"open","ping_status":"closed","sticky":false,"template":"","format":"standard","meta":{"footnotes":""},"categories":[72],"tags":[],"class_list":["post-1060","post","type-post","status-publish","format-standard","has-post-thumbnail","hentry","category-guncel"],"_links":{"self":[{"href":"https:\/\/dkder.org\/index.php\/wp-json\/wp\/v2\/posts\/1060","targetHints":{"allow":["GET"]}}],"collection":[{"href":"https:\/\/dkder.org\/index.php\/wp-json\/wp\/v2\/posts"}],"about":[{"href":"https:\/\/dkder.org\/index.php\/wp-json\/wp\/v2\/types\/post"}],"author":[{"embeddable":true,"href":"https:\/\/dkder.org\/index.php\/wp-json\/wp\/v2\/users\/1"}],"replies":[{"embeddable":true,"href":"https:\/\/dkder.org\/index.php\/wp-json\/wp\/v2\/comments?post=1060"}],"version-history":[{"count":1,"href":"https:\/\/dkder.org\/index.php\/wp-json\/wp\/v2\/posts\/1060\/revisions"}],"predecessor-version":[{"id":1062,"href":"https:\/\/dkder.org\/index.php\/wp-json\/wp\/v2\/posts\/1060\/revisions\/1062"}],"wp:featuredmedia":[{"embeddable":true,"href":"https:\/\/dkder.org\/index.php\/wp-json\/wp\/v2\/media\/1061"}],"wp:attachment":[{"href":"https:\/\/dkder.org\/index.php\/wp-json\/wp\/v2\/media?parent=1060"}],"wp:term":[{"taxonomy":"category","embeddable":true,"href":"https:\/\/dkder.org\/index.php\/wp-json\/wp\/v2\/categories?post=1060"},{"taxonomy":"post_tag","embeddable":true,"href":"https:\/\/dkder.org\/index.php\/wp-json\/wp\/v2\/tags?post=1060"}],"curies":[{"name":"wp","href":"https:\/\/api.w.org\/{rel}","templated":true}]}}