{"id":1130,"date":"2021-08-28T20:52:46","date_gmt":"2021-08-28T20:52:46","guid":{"rendered":"https:\/\/ensantane.com\/?p=1130"},"modified":"2023-11-28T20:56:27","modified_gmt":"2023-11-28T20:56:27","slug":"keskin-ankara-yuruyusu-ve-taleplerini-destekliyoruz","status":"publish","type":"post","link":"https:\/\/dkder.org\/index.php\/2021\/08\/28\/keskin-ankara-yuruyusu-ve-taleplerini-destekliyoruz\/","title":{"rendered":"KESK\u2019\u0130N ANKARA Y\u00dcR\u00dcY\u00dc\u015e\u00dc VE TALEPLER\u0130N\u0130 DESTEKL\u0130YORUZ!"},"content":{"rendered":"<p>\u00c7al\u0131\u015fma ve Sosyal G\u00fcvenlik Bakanl\u0131\u011f\u0131 taraf\u0131ndan a\u00e7\u0131klanan teklife g\u00f6re; kamu emek\u00e7ilerinin ve emeklilerinin maa\u015flar\u0131nda 2022 y\u0131l\u0131 i\u00e7in alt\u0131\u015far ayl\u0131k dilimler halinde y\u00fczde 5 + y\u00fczde 6, 2023 y\u0131l\u0131 i\u00e7in ise y\u00fczde 6 + y\u00fczde 6 art\u0131\u015f \u00f6nerilmi\u015ftir. B\u00fcy\u00fck bir l\u00fctufmu\u015f gibi, alt\u0131\u015far ayl\u0131k d\u00f6nemlerde enflasyon fark\u0131n\u0131n olu\u015fmas\u0131 durumunda s\u00f6z konusu fark\u0131n maa\u015flara yans\u0131t\u0131laca\u011f\u0131n\u0131 ifade edildi.<\/p>\r\n<!-- \/wp:paragraph -->\r\n\r\n<!-- wp:paragraph -->\r\n<p>Kamu Emek\u00e7ileri Sendikalar\u0131 Konfederasyonu\u2019nun (KESK), Toplu \u0130\u015f S\u00f6zle\u015fmesi (T\u0130S) g\u00f6r\u00fc\u015fmelerinde h\u00fck\u00fcmetin a\u00e7\u0131klad\u0131\u011f\u0131 teklife kar\u015f\u0131 \u201c\u0130nsanca bir ya\u015fam, demokratik, grevli toplu s\u00f6zle\u015fme i\u00e7in m\u00fccadeleyi birlikte b\u00fcy\u00fct\u00fcyoruz\u201d \u015fiar\u0131yla iki koldan, Edirne ve Batman\u2019dan Ankara\u2019ya\u00a0y\u00fcr\u00fcy\u00fc\u015f ba\u015flatt\u0131.<\/p>\r\n<!-- \/wp:paragraph -->\r\n\r\n<!-- wp:image -->\r\n<figure class=\"wp-block-image\"><img decoding=\"async\" src=\"https:\/\/scontent.fadb6-2.fna.fbcdn.net\/v\/t39.30808-6\/238199813_10220177581375745_1006957162230863493_n.jpg?_nc_cat=103&amp;ccb=1-5&amp;_nc_sid=730e14&amp;_nc_ohc=exmKrRF3bRUAX82IaD5&amp;tn=4NLUEphkVjEEGuLN&amp;_nc_ht=scontent.fadb6-2.fna&amp;oh=dac53d588243a4dedcff52f162556c17&amp;oe=612236F4\" alt=\"Bir 3 ki\u015fi, ayakta duran insanlar, a\u00e7\u0131k hava ve \u015funu diyen bir yaz\u0131 'REV SK 99.5' g\u00f6rseli olabilir\" \/><\/figure>\r\n<!-- \/wp:image -->\r\n\r\n<!-- wp:paragraph -->\r\n<p>KESK taraf\u0131ndan yap\u0131lan a\u00e7\u0131klamada dile getirilen talepler ise \u015f\u00f6yle:<\/p>\r\n<!-- \/wp:paragraph -->\r\n\r\n<!-- wp:paragraph -->\r\n<p>TALEPLER<\/p>\r\n<!-- \/wp:paragraph -->\r\n\r\n<!-- wp:paragraph -->\r\n<p>Bozkurt, KESK olarak yapt\u0131klar\u0131 tekliflerini \u015f\u00f6yle s\u0131ralad\u0131: Buradan hareketle bu d\u00f6nem teklifimizde e\u015fi \u00e7al\u0131\u015fmayan, iki \u00e7ocuklu en d\u00fc\u015f\u00fck maa\u015f\u0131 alan kamu emek\u00e7isinin eline ge\u00e7en tutar\u0131n e\u015f, \u00e7ocuk, kira, yakacak, ula\u015ft\u0131rma, yemek, ikramiye gibi kalemlerle Haziran itibari ile 9 bin 332 TL olan 4 ki\u015filik ailenin yoksulluk s\u0131n\u0131r\u0131 \u00fczerine \u00e7\u0131kar\u0131lmas\u0131n\u0131 temel ald\u0131k.<\/p>\r\n<!-- \/wp:paragraph -->\r\n\r\n<!-- wp:list -->\r\n<ul>\r\n<li>E\u015fi \u00e7al\u0131\u015fmayan, iki \u00e7ocuklu en d\u00fc\u015f\u00fck maa\u015f\u0131 alan kamu emek\u00e7isinin eline ge\u00e7en tutar\u0131n s\u00f6z konusu yard\u0131mlar ve ikramiye ile birlikte 2022 Ocak itibari ile 10 bin 400 TL&#8217;ye \u00e7\u0131kar\u0131lmas\u0131n\u0131 teklif ettik. Buna g\u00f6re t\u00fcm kamu emek\u00e7ilerinin maa\u015flar\u0131n\u0131n yard\u0131m, ikramiye kalemlerinin d\u0131\u015f\u0131nda y\u00fczde 43,5 art\u0131r\u0131lmas\u0131n\u0131 talep ettik.<\/li>\r\n<\/ul>\r\n<!-- \/wp:list -->\r\n\r\n<!-- wp:list -->\r\n<ul>\r\n<li>Ge\u00e7mi\u015fte yoksulluk s\u0131n\u0131r\u0131ndaki art\u0131\u015f\u0131, maa\u015flar\u0131m\u0131zdaki reel erimeyi g\u00f6rmeyen hatta KESK&#8217;in maa\u015f art\u0131\u015f\u0131 tekliflerini \u2018abart\u0131l\u0131&#8217; bulanlar bu d\u00f6nem bizim maa\u015f art\u0131\u015f\u0131 teklifimize yak\u0131n art\u0131\u015flar teklif etmi\u015ftir.<\/li>\r\n<\/ul>\r\n<!-- \/wp:list -->\r\n\r\n<!-- wp:list -->\r\n<ul>\r\n<li>Bunun i\u00e7in ayr\u0131m yapmaks\u0131z\u0131n hepinizi insanca ya\u015famaya yetecek bir \u00fccret, g\u00fcvenceli istihdam- g\u00fcvenli gelecek, demokratik-adil bir \u00e7al\u0131\u015fma ya\u015fam\u0131, halktan yana bir kamu hizmeti, grev hakk\u0131m\u0131z\u0131n \u00f6n\u00fcndeki engellerin kald\u0131r\u0131ld\u0131\u011f\u0131 ger\u00e7ek bir toplu pazarl\u0131k sistemi i\u00e7in t\u00fcm konfederasyonlar\u0131, kamu emek\u00e7ilerinin birlikte ortak m\u00fccadele etmeye, omuz omuza vermeye \u00e7a\u011f\u0131r\u0131yoruz.\u201d<\/li>\r\n<\/ul>\r\n<!-- \/wp:list -->\r\n\r\n<!-- wp:paragraph -->\r\n<p>Dostluk ve K\u00fclt\u00fcr Derne\u011fi olarak, KESK taraf\u0131ndan ba\u015flat\u0131lan Ankara y\u00fcr\u00fcy\u00fc\u015f\u00fcn\u00fc ve Toplu S\u00f6zle\u015fme taleplerinin yan\u0131nday\u0131z ve destekliyoruz.<\/p>\r\n<!-- \/wp:paragraph -->\r\n\r\n<!-- wp:paragraph -->\r\n<p>DOSTLUK VE K\u00dcLT\u00dcR DERNE\u011e\u0130<\/p>\r\n<!-- \/wp:paragraph -->\r\n\r\n<!-- wp:paragraph -->\r\n<p>(DKDER)<\/p>\r\n<!-- \/wp:paragraph -->\r\n\r\n<!-- wp:paragraph -->\r\n<p>18 A\u011fustos 2021<\/p>","protected":false},"excerpt":{"rendered":"<p>\u00c7al\u0131\u015fma ve Sosyal G\u00fcvenlik Bakanl\u0131\u011f\u0131 taraf\u0131ndan a\u00e7\u0131klanan teklife g\u00f6re; kamu emek\u00e7ilerinin ve emeklilerinin maa\u015flar\u0131nda 2022 y\u0131l\u0131 i\u00e7in alt\u0131\u015far ayl\u0131k dilimler<\/p>\n","protected":false},"author":1,"featured_media":1131,"comment_status":"open","ping_status":"closed","sticky":false,"template":"","format":"standard","meta":{"footnotes":""},"categories":[69,71,72],"tags":[],"class_list":["post-1130","post","type-post","status-publish","format-standard","has-post-thumbnail","hentry","category-emek-dunyasi","category-genclik-2","category-guncel"],"_links":{"self":[{"href":"https:\/\/dkder.org\/index.php\/wp-json\/wp\/v2\/posts\/1130","targetHints":{"allow":["GET"]}}],"collection":[{"href":"https:\/\/dkder.org\/index.php\/wp-json\/wp\/v2\/posts"}],"about":[{"href":"https:\/\/dkder.org\/index.php\/wp-json\/wp\/v2\/types\/post"}],"author":[{"embeddable":true,"href":"https:\/\/dkder.org\/index.php\/wp-json\/wp\/v2\/users\/1"}],"replies":[{"embeddable":true,"href":"https:\/\/dkder.org\/index.php\/wp-json\/wp\/v2\/comments?post=1130"}],"version-history":[{"count":2,"href":"https:\/\/dkder.org\/index.php\/wp-json\/wp\/v2\/posts\/1130\/revisions"}],"predecessor-version":[{"id":1133,"href":"https:\/\/dkder.org\/index.php\/wp-json\/wp\/v2\/posts\/1130\/revisions\/1133"}],"wp:featuredmedia":[{"embeddable":true,"href":"https:\/\/dkder.org\/index.php\/wp-json\/wp\/v2\/media\/1131"}],"wp:attachment":[{"href":"https:\/\/dkder.org\/index.php\/wp-json\/wp\/v2\/media?parent=1130"}],"wp:term":[{"taxonomy":"category","embeddable":true,"href":"https:\/\/dkder.org\/index.php\/wp-json\/wp\/v2\/categories?post=1130"},{"taxonomy":"post_tag","embeddable":true,"href":"https:\/\/dkder.org\/index.php\/wp-json\/wp\/v2\/tags?post=1130"}],"curies":[{"name":"wp","href":"https:\/\/api.w.org\/{rel}","templated":true}]}}