{"id":1158,"date":"2021-03-18T21:23:13","date_gmt":"2021-03-18T21:23:13","guid":{"rendered":"https:\/\/ensantane.com\/?p=1158"},"modified":"2023-11-28T21:26:12","modified_gmt":"2023-11-28T21:26:12","slug":"gergerlioglu-ve-hdp-ye-yonelik-saldirilari-kiniyoruz","status":"publish","type":"post","link":"https:\/\/dkder.org\/index.php\/2021\/03\/18\/gergerlioglu-ve-hdp-ye-yonelik-saldirilari-kiniyoruz\/","title":{"rendered":"Gergerlio\u011flu ve HDP &#8216;ye Y\u00f6nelik Sald\u0131r\u0131lar\u0131 K\u0131n\u0131yoruz."},"content":{"rendered":"GERGERL\u0130O\u011eLU VE HDP\u2019YE Y\u00d6NEL\u0130K SALDIRILARI KINIYORUZ\r\n\r\n<!-- \/wp:paragraph --><!-- wp:paragraph -->\r\n\r\nHalklar\u0131n Demokratik Partisi\u2019ne y\u00f6nelik g\u00f6zalt\u0131lar, tutuklamalar, kayyum ve TBMM\u2019den uzakla\u015ft\u0131rma gibi \u00e7ok y\u00f6nl\u00fc ku\u015fatman\u0131n bir devam\u0131 ve par\u00e7as\u0131 olarak olarak \u00d6mer Faruk Gergerlio\u011flu\u2019nun milletvekilli\u011finin d\u00fc\u015f\u00fcr\u00fclmesi ve HDP\u2019nin kapat\u0131lmas\u0131 i\u00e7in harekete ge\u00e7ildi.\r\nSistemin kendi yasalar\u0131n\u0131 bile bir tarafa atarak hareket etmesi kimse taraf\u0131ndan \u015fa\u015fk\u0131nl\u0131kla kar\u015f\u0131lanmamaktad\u0131r. \u00d6mer Faruk Gergerlio\u011flu\u2019nun milletvekilli\u011fi d\u00fc\u015f\u00fcr\u00fclmesi,bir insan haklar\u0131 aktivisti olarak, 30 y\u0131ldan beri cezaevlerindeki vah\u015fi ko\u015fullar\u0131, cezaevleri ve emniyetteki insan hakk\u0131 ihlallerini, \u00e7\u0131plak aramaya varan uygulamalar\u0131 g\u00fcndeme getirmesi giri\u015fimleriyle ba\u011flant\u0131l\u0131 oldu\u011fu kadar HDP\u2019ye y\u00f6nlik \u00e7ekilen operasyonlar\u0131n da bir par\u00e7as\u0131d\u0131r.\r\nHDP Kocaeli Milletvekili \u00d6mer Faruk Gergerlio\u011flu hakk\u0131nda Yarg\u0131tay taraf\u0131ndan onaylanan 2 y\u0131l 6 ayl\u0131k cezas\u0131 karar\u0131 d\u00fcn TBMM Genel Kurulunda okundu.B\u00f6ylece Gergerlio\u011flu\u2019nun milletvekilli\u011fi d\u00fc\u015fm\u00fc\u015f oldu!\r\nBu tutumun kabul edilebilir bir taraf\u0131 yoktur. Nitekim ba\u015fta Gergerlio\u011flu\u2019nun her f\u0131rsatta haklar\u0131n\u0131 savundu\u011fu emek\u00e7i halklar olmak \u00fczere Demokratik Kitle \u00d6rg\u00fctleri taraf\u0131ndan \u015fiddetle reddedilmektedir.\r\nBizlerde k\u0131n\u0131yoruz, protesto ediyoruz.\r\n\u00d6te yandan, bilindi\u011fi gibi, Yarg\u0131tay Cumhuriyet Ba\u015fsavc\u0131l\u0131\u011f\u0131, zaten binlerce y\u00f6neticisi, belediye ba\u015fkan\u0131 ve \u00fcyesi tutuklu bulunan HDP&#8217;nin kapat\u0131lmas\u0131 istemiyle a\u00e7t\u0131\u011f\u0131 davada hem HDP\u2019nin kapat\u0131lmas\u0131n\u0131 hem de 687 HDP&#8217;li hakk\u0131nda siyasi yasak istedi.\r\nBu, uluslararas\u0131 s\u00f6zle\u015fmelerin, kendi sistemlerinin bir par\u00e7as\u0131 olan yasalar\u0131n ve anayasan\u0131n, s\u0131n\u0131rl\u0131 bi\u00e7imde de olsa demokratik hak ve \u00f6zg\u00fcrl\u00fcklerin tamamen ortadan kald\u0131r\u0131lmas\u0131 anlam\u0131na gelmektedir.Bunun esas\u0131nda ise, halk\u0131n iradesinin yok say\u0131lmas\u0131, bask\u0131 alt\u0131na al\u0131nmas\u0131d\u0131r.\r\nHDP\u2019nin kapat\u0131lmak istenmesi, siyasi \u00e7al\u0131\u015fmalar\u0131n tamamen bertaraf edilmesi i\u00e7in y\u00f6neticilerinin de siyaseten devre d\u0131\u015f\u0131 b\u0131rak\u0131lmak istenmesi kabul edilemez.\r\nAyn\u0131 \u015feklide, kabul edilemez buldu\u011fumuz bu sald\u0131r\u0131lar\u0131 k\u0131n\u0131yoruz.\r\n\r\n<!-- \/wp:paragraph --><!-- wp:paragraph -->\r\n\r\nDOSTLUK VE K\u00dcLT\u00dcR DERNE\u011e\u0130\r\n(DKDER)","protected":false},"excerpt":{"rendered":"<p>GERGERL\u0130O\u011eLU VE HDP\u2019YE Y\u00d6NEL\u0130K SALDIRILARI KINIYORUZ Halklar\u0131n Demokratik Partisi\u2019ne y\u00f6nelik g\u00f6zalt\u0131lar, tutuklamalar, kayyum ve TBMM\u2019den uzakla\u015ft\u0131rma gibi \u00e7ok y\u00f6nl\u00fc ku\u015fatman\u0131n<\/p>\n","protected":false},"author":1,"featured_media":1159,"comment_status":"open","ping_status":"closed","sticky":false,"template":"","format":"standard","meta":{"footnotes":""},"categories":[72],"tags":[],"class_list":["post-1158","post","type-post","status-publish","format-standard","has-post-thumbnail","hentry","category-guncel"],"_links":{"self":[{"href":"https:\/\/dkder.org\/index.php\/wp-json\/wp\/v2\/posts\/1158","targetHints":{"allow":["GET"]}}],"collection":[{"href":"https:\/\/dkder.org\/index.php\/wp-json\/wp\/v2\/posts"}],"about":[{"href":"https:\/\/dkder.org\/index.php\/wp-json\/wp\/v2\/types\/post"}],"author":[{"embeddable":true,"href":"https:\/\/dkder.org\/index.php\/wp-json\/wp\/v2\/users\/1"}],"replies":[{"embeddable":true,"href":"https:\/\/dkder.org\/index.php\/wp-json\/wp\/v2\/comments?post=1158"}],"version-history":[{"count":1,"href":"https:\/\/dkder.org\/index.php\/wp-json\/wp\/v2\/posts\/1158\/revisions"}],"predecessor-version":[{"id":1160,"href":"https:\/\/dkder.org\/index.php\/wp-json\/wp\/v2\/posts\/1158\/revisions\/1160"}],"wp:featuredmedia":[{"embeddable":true,"href":"https:\/\/dkder.org\/index.php\/wp-json\/wp\/v2\/media\/1159"}],"wp:attachment":[{"href":"https:\/\/dkder.org\/index.php\/wp-json\/wp\/v2\/media?parent=1158"}],"wp:term":[{"taxonomy":"category","embeddable":true,"href":"https:\/\/dkder.org\/index.php\/wp-json\/wp\/v2\/categories?post=1158"},{"taxonomy":"post_tag","embeddable":true,"href":"https:\/\/dkder.org\/index.php\/wp-json\/wp\/v2\/tags?post=1158"}],"curies":[{"name":"wp","href":"https:\/\/api.w.org\/{rel}","templated":true}]}}