{"id":1161,"date":"2021-03-16T21:26:19","date_gmt":"2021-03-16T21:26:19","guid":{"rendered":"https:\/\/ensantane.com\/?p=1161"},"modified":"2023-11-28T21:29:16","modified_gmt":"2023-11-28T21:29:16","slug":"16-mart-istanbul-universitesi-ve-halepce-katliamini-kiniyoruz","status":"publish","type":"post","link":"https:\/\/dkder.org\/index.php\/2021\/03\/16\/16-mart-istanbul-universitesi-ve-halepce-katliamini-kiniyoruz\/","title":{"rendered":"16 Mart \u0130stanbul \u00dcniversitesi ve Halep\u00e7e Katliam\u0131n\u0131 K\u0131n\u0131yoruz!"},"content":{"rendered":"<figure class=\"wp-block-image size-large\"><img decoding=\"async\" class=\"wp-image-1725\" src=\"https:\/\/dkder.org\/wp-content\/uploads\/2021\/03\/WhatsApp-Image-2021-03-16-at-11.05.02-1.jpeg\" alt=\"\" \/><\/figure>\r\n<!-- \/wp:image --><!-- wp:paragraph -->\r\n\r\n16 Mart 1978&#8217;de \u0130stanbul \u00dcniversitesi Eczac\u0131l\u0131k Fak\u00fcltesi \u00f6n\u00fcnde fa\u015fistler taraf\u0131ndan devrimci gen\u00e7li\u011fe bombal\u0131 sald\u0131r\u0131 d\u00fczenlendi ve yedi devrimci \u00f6\u011frenci Abdullah \u015eim\u015fek ,Baki Ekiz,Cemil S\u00f6nmez, Hamit Ak\u0131l,Hatice \u00d6zen, Murat Kurt, Turan \u00d6ren ya\u015fam\u0131n\u0131 yitirirken onlarca devrimci \u00f6\u011frenci ise yaraland\u0131.\r\n\r\n<!-- \/wp:paragraph --><!-- wp:paragraph -->\r\n\r\nYine 1988 y\u0131l\u0131 16 Mart&#8217;\u0131nda ise Irak \u0130ran sava\u015f\u0131nda, Saddam H\u00fcseyin rejimi, K\u00fcrt halk\u0131n\u0131n ya\u015fad\u0131\u011f\u0131 Halep\u00e7e kasabas\u0131n\u0131 kimyasal gazlarla bombalanm\u0131\u015f, \u00e7o\u011funlu\u011fu kad\u0131n ve \u00e7ocuk be\u015f bin ki\u015fi ya\u015fam\u0131n\u0131 yitirdi.\r\n\r\n<!-- \/wp:paragraph --><!-- wp:paragraph -->\r\n\r\nT\u00dcM KATL\u0130AMLARI KINIYORUZ!\r\n\r\n<!-- \/wp:paragraph --><!-- wp:paragraph -->\r\n\r\nDOSTLUK VE K\u00dcLT\u00dcR DERNE\u011e\u0130\r\n(DKDER)","protected":false},"excerpt":{"rendered":"<p>16 Mart 1978&#8217;de \u0130stanbul \u00dcniversitesi Eczac\u0131l\u0131k Fak\u00fcltesi \u00f6n\u00fcnde fa\u015fistler taraf\u0131ndan devrimci gen\u00e7li\u011fe bombal\u0131 sald\u0131r\u0131 d\u00fczenlendi ve yedi devrimci \u00f6\u011frenci Abdullah<\/p>\n","protected":false},"author":1,"featured_media":1162,"comment_status":"open","ping_status":"closed","sticky":false,"template":"","format":"standard","meta":{"footnotes":""},"categories":[71,72],"tags":[],"class_list":["post-1161","post","type-post","status-publish","format-standard","has-post-thumbnail","hentry","category-genclik-2","category-guncel"],"_links":{"self":[{"href":"https:\/\/dkder.org\/index.php\/wp-json\/wp\/v2\/posts\/1161","targetHints":{"allow":["GET"]}}],"collection":[{"href":"https:\/\/dkder.org\/index.php\/wp-json\/wp\/v2\/posts"}],"about":[{"href":"https:\/\/dkder.org\/index.php\/wp-json\/wp\/v2\/types\/post"}],"author":[{"embeddable":true,"href":"https:\/\/dkder.org\/index.php\/wp-json\/wp\/v2\/users\/1"}],"replies":[{"embeddable":true,"href":"https:\/\/dkder.org\/index.php\/wp-json\/wp\/v2\/comments?post=1161"}],"version-history":[{"count":1,"href":"https:\/\/dkder.org\/index.php\/wp-json\/wp\/v2\/posts\/1161\/revisions"}],"predecessor-version":[{"id":1163,"href":"https:\/\/dkder.org\/index.php\/wp-json\/wp\/v2\/posts\/1161\/revisions\/1163"}],"wp:featuredmedia":[{"embeddable":true,"href":"https:\/\/dkder.org\/index.php\/wp-json\/wp\/v2\/media\/1162"}],"wp:attachment":[{"href":"https:\/\/dkder.org\/index.php\/wp-json\/wp\/v2\/media?parent=1161"}],"wp:term":[{"taxonomy":"category","embeddable":true,"href":"https:\/\/dkder.org\/index.php\/wp-json\/wp\/v2\/categories?post=1161"},{"taxonomy":"post_tag","embeddable":true,"href":"https:\/\/dkder.org\/index.php\/wp-json\/wp\/v2\/tags?post=1161"}],"curies":[{"name":"wp","href":"https:\/\/api.w.org\/{rel}","templated":true}]}}