{"id":1167,"date":"2021-03-04T21:32:56","date_gmt":"2021-03-04T21:32:56","guid":{"rendered":"https:\/\/ensantane.com\/?p=1167"},"modified":"2023-11-28T21:34:39","modified_gmt":"2023-11-28T21:34:39","slug":"herkesin-yakininda-omuz-verecegi-bir-eylem-var","status":"publish","type":"post","link":"https:\/\/dkder.org\/index.php\/2021\/03\/04\/herkesin-yakininda-omuz-verecegi-bir-eylem-var\/","title":{"rendered":"Herkesin yak\u0131n\u0131nda omuz verece\u011fi bir eylem var!"},"content":{"rendered":"<strong>\u2026\u2026.<\/strong>\r\n\r\n<!-- \/wp:paragraph --><!-- wp:paragraph -->\r\n\r\n<strong>\u0130STANBUL<\/strong>\r\n\r\n<!-- \/wp:paragraph --><!-- wp:paragraph -->\r\n\r\n<strong>* 8 Mart Kad\u0131n Platformu \u00e7a\u011fr\u0131s\u0131yla:<\/strong>\r\n\r\n<!-- \/wp:paragraph --><!-- wp:paragraph -->\r\n\r\n<strong>Tarih:<\/strong>\u00a06 Mart Cumartesi\r\n\r\n<!-- \/wp:paragraph --><!-- wp:paragraph -->\r\n\r\n<strong>Saat:<\/strong>\u00a016.00\r\n\r\n<!-- \/wp:paragraph --><!-- wp:paragraph -->\r\n\r\n<strong>Yer:<\/strong>\u00a0Kad\u0131k\u00f6y\/ Kad\u0131k\u00f6y Be\u015fikta\u015f \u0130skele Meydan\u0131\r\n\r\n<!-- \/wp:paragraph --><!-- wp:paragraph -->\r\n\r\n<strong>*Ekmek ve G\u00fcl Avc\u0131lar online a\u00e7\u0131k k\u00fcrs\u00fc etkinli\u011fi<\/strong>\r\n\r\n<!-- \/wp:paragraph --><!-- wp:paragraph -->\r\n\r\n<strong>Tarih:<\/strong>\u00a07 Mart Pazar\r\n\r\n<!-- \/wp:paragraph --><!-- wp:paragraph -->\r\n\r\n<strong>Saat:<\/strong>\u00a017.00\r\n\r\n<!-- \/wp:paragraph --><!-- wp:paragraph -->\r\n\r\n<strong>Yer:<\/strong>\u00a0Instagram @ekmekvegulavcilar hesab\u0131\r\n\r\n<!-- \/wp:paragraph --><!-- wp:paragraph -->\r\n\r\n<strong>*Esenyal\u0131 Kad\u0131n Dayan\u0131\u015fma Derne\u011fi 8 Mart etkinli\u011fi<\/strong>\r\n\r\n<!-- \/wp:paragraph --><!-- wp:paragraph -->\r\n\r\n<strong>Tarih:\u00a0<\/strong>8 Mart Pazartesi\r\n\r\n<!-- \/wp:paragraph --><!-- wp:paragraph -->\r\n\r\n<strong>Saat:<\/strong>\u00a018.30\r\n\r\n<!-- \/wp:paragraph --><!-- wp:paragraph -->\r\n\r\n<strong>Yer:\u00a0<\/strong>Esenyal\u0131 Mahallesi \/\/ Pendik\r\n\r\n<!-- \/wp:paragraph --><!-- wp:paragraph -->\r\n\r\n<strong>* SES Aksaray \u015eube 8 Mart etkinlikleri<\/strong>\r\n\r\n<!-- \/wp:paragraph --><!-- wp:paragraph -->\r\n\r\n<strong>Tarih:\u00a0<\/strong>8 Mart Pazartesi\r\n\r\n<!-- \/wp:paragraph --><!-- wp:paragraph -->\r\n\r\n<strong>Saat:<\/strong>\u00a012.00\r\n\r\n<!-- \/wp:paragraph --><!-- wp:paragraph -->\r\n\r\n<strong>Yer:\u00a0<\/strong>\u0130STANBUL EAH (SAMATYA)\r\n\r\n<!-- \/wp:paragraph --><!-- wp:paragraph -->\r\n\r\n<strong>* Birle\u015fik Metal-\u0130\u015f Kad\u0131n \u0130\u015f\u00e7iler Komisyonu 8 Mart etkinli\u011fi<\/strong>\r\n\r\n<!-- \/wp:paragraph --><!-- wp:paragraph -->\r\n\r\n<strong>Tarih:<\/strong>\u00a08 Mart\r\n\r\n<!-- \/wp:paragraph --><!-- wp:paragraph -->\r\n\r\n<strong>Yer:\u00a0<\/strong>Birle\u015fik Metal-\u0130\u015f Genel Merkezi Konferans Salonu\r\n\r\n<!-- \/wp:paragraph --><!-- wp:paragraph -->\r\n\r\n<strong>Saat:\u00a0<\/strong>13.00\r\n\r\n<!-- \/wp:paragraph --><!-- wp:paragraph -->\r\n\r\n<strong>* \u0130stanbul Feminist Gece Y\u00fcr\u00fcy\u00fc\u015f\u00fc<\/strong>\r\n\r\n<!-- \/wp:paragraph --><!-- wp:paragraph -->\r\n\r\n<strong>Tarih:<\/strong>\u00a08 Mart Pazartesi\r\n\r\n<!-- \/wp:paragraph --><!-- wp:paragraph -->\r\n\r\n<strong>Saat:\u00a0<\/strong>19.00\r\n\r\n<!-- \/wp:paragraph --><!-- wp:paragraph -->\r\n\r\n<strong>Yer:\u00a0<\/strong>Taksim\r\n\r\n<!-- \/wp:paragraph --><!-- wp:paragraph -->\r\n\r\n<strong>\u2026..<\/strong>\r\n\r\n<!-- \/wp:paragraph --><!-- wp:paragraph -->\r\n\r\n<strong>ANKARA<\/strong>\r\n\r\n<!-- \/wp:paragraph --><!-- wp:paragraph -->\r\n\r\n<strong>*ODT\u00dc&#8217;l\u00fc kad\u0131nlar bir arada!<\/strong>\r\n\r\n<!-- \/wp:paragraph --><!-- wp:paragraph -->\r\n\r\n<strong>Tarih:<\/strong>\u00a05 Mart Cuma\r\n\r\n<!-- \/wp:paragraph --><!-- wp:paragraph -->\r\n\r\n<strong>Saat:\u00a0<\/strong>14.00\r\n\r\n<!-- \/wp:paragraph --><!-- wp:paragraph -->\r\n\r\n<strong>Yer:<\/strong>\u00a0ODT\u00dc Matematik \u00f6n\u00fc\r\n\r\n<!-- \/wp:paragraph --><!-- wp:paragraph -->\r\n\r\n<strong>* Mamak Dernekler ve Sendikalar Platformu \u00e7a\u011fr\u0131s\u0131yla y\u00fcr\u00fcy\u00fc\u015f<\/strong>\r\n\r\n<!-- \/wp:paragraph --><!-- wp:paragraph -->\r\n\r\n<strong>Tarih:<\/strong>\u00a05 Mart Cuma\r\n\r\n<!-- \/wp:paragraph --><!-- wp:paragraph -->\r\n\r\n<strong>Saat:<\/strong>\u00a016.00\r\n\r\n<!-- \/wp:paragraph --><!-- wp:paragraph -->\r\n\r\n<strong>Yer:\u00a0<\/strong>Tekmezar Park\u0131\r\n\r\n<!-- \/wp:paragraph --><!-- wp:paragraph -->\r\n\r\n<strong>* Bat\u0131kentli kad\u0131nlar 8 Mart eylemi<\/strong>\r\n\r\n<!-- \/wp:paragraph --><!-- wp:paragraph -->\r\n\r\n<strong>Tarih:\u00a0<\/strong>7 Mart\r\n\r\n<!-- \/wp:paragraph --><!-- wp:paragraph -->\r\n\r\n<strong>Saat:\u00a0<\/strong>15.30\r\n\r\n<!-- \/wp:paragraph --><!-- wp:paragraph -->\r\n\r\n<strong>Yer:\u00a0<\/strong>Bat\u0131kent Metro \u00e7\u0131k\u0131\u015f\u0131 boyal\u0131 merdivenler\r\n\r\n<!-- \/wp:paragraph --><!-- wp:paragraph -->\r\n\r\n<strong>* Ankara Kad\u0131n Platformu \u00e7a\u011fr\u0131s\u0131yla 8 Mart y\u00fcr\u00fcy\u00fc\u015f\u00fc<\/strong>\r\n\r\n<!-- \/wp:paragraph --><!-- wp:paragraph -->\r\n\r\n<strong>Tarih:<\/strong>\u00a08 Mart Pazartesi\r\n\r\n<!-- \/wp:paragraph --><!-- wp:paragraph -->\r\n\r\n<strong>Saat:<\/strong>\u00a014.30\r\n\r\n<!-- \/wp:paragraph --><!-- wp:paragraph -->\r\n\r\n<strong>Yer:<\/strong>\u00a0Sakarya Caddesi\r\n\r\n<!-- \/wp:paragraph --><!-- wp:paragraph -->\r\n\r\n<strong>\u2026..<\/strong>\r\n\r\n<!-- \/wp:paragraph --><!-- wp:paragraph -->\r\n\r\n<strong>\u0130ZM\u0130R<\/strong>\r\n\r\n<!-- \/wp:paragraph --><!-- wp:paragraph -->\r\n\r\n<strong>* Ekmek ve G\u00fcl\u2019\u00fcn \u00e7a\u011fr\u0131s\u0131yla Menemen Belediye i\u015f\u00e7isi kad\u0131nlar bulu\u015fuyor<\/strong>\r\n\r\n<!-- \/wp:paragraph --><!-- wp:paragraph -->\r\n\r\n<strong>Tarih:<\/strong>\u00a05 Mart Cuma\r\n\r\n<!-- \/wp:paragraph --><!-- wp:paragraph -->\r\n\r\n<strong>Saat:<\/strong>\u00a014.00\r\n\r\n<!-- \/wp:paragraph --><!-- wp:paragraph -->\r\n\r\n<strong>Yer:<\/strong>\u00a0Menemen G\u00f6lpark\r\n\r\n<!-- \/wp:paragraph --><!-- wp:paragraph -->\r\n\r\n<strong>* \u0130zmir Kad\u0131n Platformu \u00e7a\u011fr\u0131s\u0131yla i\u015f\u00e7i kad\u0131n bulu\u015fmas\u0131<\/strong>\r\n\r\n<!-- \/wp:paragraph --><!-- wp:paragraph -->\r\n\r\n<strong>Tarih:\u00a0<\/strong>5 Mart Cuma\r\n\r\n<!-- \/wp:paragraph --><!-- wp:paragraph -->\r\n\r\n<strong>Saat:\u00a0<\/strong>15.00\r\n\r\n<!-- \/wp:paragraph --><!-- wp:paragraph -->\r\n\r\n<strong>* Emek Partisi \u00c7i\u011fli il\u00e7e \u00f6rg\u00fct\u00fc 8 Mart i\u015f\u00e7i kad\u0131n bulu\u015fmas\u0131<\/strong>\r\n\r\n<!-- \/wp:paragraph --><!-- wp:paragraph -->\r\n\r\n<strong>Tarih:<\/strong>\u00a06 Mart Cumartesi\r\n\r\n<!-- \/wp:paragraph --><!-- wp:paragraph -->\r\n\r\n<strong>Saat:<\/strong>\u00a017.30\r\n\r\n<!-- \/wp:paragraph --><!-- wp:paragraph -->\r\n\r\n<strong>Yer:\u00a0<\/strong>Emek Partisi \u00c7i\u011fli il\u00e7e binas\u0131\r\n\r\n<!-- \/wp:paragraph --><!-- wp:paragraph -->\r\n\r\n<strong>* Alia\u011fa Kad\u0131n Platformu \u00e7a\u011fr\u0131s\u0131yla y\u00fcr\u00fcy\u00fc\u015f<\/strong>\r\n\r\n<!-- \/wp:paragraph --><!-- wp:paragraph -->\r\n\r\nT<strong>arih:\u00a0\u00a0<\/strong>8 Mart Pazartesi\r\n\r\n<!-- \/wp:paragraph --><!-- wp:paragraph -->\r\n\r\n<strong>Saat:\u00a0<\/strong>17.30\r\n\r\n<!-- \/wp:paragraph --><!-- wp:paragraph -->\r\n\r\n<strong>Yer:<\/strong>\u00a0Petrol \u0130\u015f Sendikas\u0131nda bulu\u015fma, Alia\u011fa meydan\u0131na y\u00fcr\u00fcy\u00fc\u015f\r\n\r\n<!-- \/wp:paragraph --><!-- wp:paragraph -->\r\n\r\n<strong>* \u0130zmir Kad\u0131n Platformu \u00e7a\u011fr\u0131s\u0131yla 8 Mart y\u00fcr\u00fcy\u00fc\u015f\u00fc<\/strong>\r\n\r\n<!-- \/wp:paragraph --><!-- wp:paragraph -->\r\n\r\n<strong>Tarih:\u00a0<\/strong>8 Mart Pazartesi\r\n\r\n<!-- \/wp:paragraph --><!-- wp:paragraph -->\r\n\r\n<strong>Saat:<\/strong>\u00a018.30\r\n\r\n<!-- \/wp:paragraph --><!-- wp:paragraph -->\r\n\r\n<strong>Yer:\u00a0<\/strong>\u00d6SYM \u00d6n\u00fc\r\n\r\n<!-- \/wp:paragraph --><!-- wp:paragraph -->\r\n\r\n<strong>*\u0130zmir Emek ve Demokrasi G\u00fc\u00e7leri ve \u0130zmir Kent Konseyinin \u00e7a\u011fr\u0131s\u0131yla \u201cPandemide kad\u0131n olmak\u201d paneli<\/strong>\r\n\r\n<!-- \/wp:paragraph --><!-- wp:paragraph -->\r\n\r\n<strong>G\u00fcn:\u00a0<\/strong>7 Mart Pazar\r\n\r\n<!-- \/wp:paragraph --><!-- wp:paragraph -->\r\n\r\n<strong>Saat:<\/strong>\u00a020.00\r\n\r\n<!-- \/wp:paragraph --><!-- wp:paragraph -->\r\n\r\n<strong>Yer:\u00a0<\/strong>\u0130zmir Kent Konseyi sosyal medya hesaplar\u0131\r\n\r\n<!-- \/wp:paragraph --><!-- wp:paragraph -->\r\n\r\n<strong>\u2026..<\/strong>\r\n\r\n<!-- \/wp:paragraph --><!-- wp:paragraph -->\r\n\r\n<strong>ANTALYA<\/strong>\r\n\r\n<!-- \/wp:paragraph --><!-- wp:paragraph -->\r\n\r\n<strong>* Antalya Kad\u0131n Platformu 8 Mart bulu\u015fmas\u0131<\/strong>\r\n\r\n<!-- \/wp:paragraph --><!-- wp:paragraph -->\r\n\r\n<strong>Tarih:<\/strong>\u00a08 Mart Pazartesi\r\n\r\n<!-- \/wp:paragraph --><!-- wp:paragraph -->\r\n\r\n<strong>Saat:\u00a0<\/strong>18.15\r\n\r\n<!-- \/wp:paragraph --><!-- wp:paragraph -->\r\n\r\n<strong>Yer:<\/strong>\u00a0Attalos Heykeli \u00f6n\u00fc\r\n\r\n<!-- \/wp:paragraph --><!-- wp:paragraph -->\r\n\r\n<strong>\u2026..<\/strong>\r\n\r\n<!-- \/wp:paragraph --><!-- wp:paragraph -->\r\n\r\n<strong>AYDIN<\/strong>\r\n\r\n<!-- \/wp:paragraph --><!-- wp:paragraph -->\r\n\r\n<strong>*Ku\u015fadas\u0131 Kad\u0131n Platformu etkinli\u011fi<\/strong>\r\n\r\n<!-- \/wp:paragraph --><!-- wp:paragraph -->\r\n\r\n\u0130\u015f cinayetinde ve erkek \u015fiddetiyle hayat\u0131n\u0131 kaybeden kad\u0131nlar\u0131n canland\u0131r\u0131laca\u011f\u0131 etkinlik\r\n\r\n<!-- \/wp:paragraph --><!-- wp:paragraph -->\r\n\r\n<strong>Tarih:<\/strong>\u00a05 Mart Cuma\r\n\r\n<!-- \/wp:paragraph --><!-- wp:paragraph -->\r\n\r\n<strong>Yer:\u00a0<\/strong>Ceferli k\u00f6y\u00fc\r\n\r\n<!-- \/wp:paragraph --><!-- wp:paragraph -->\r\n\r\n<strong>Saat:<\/strong>\u00a013.00\r\n\r\n<!-- \/wp:paragraph --><!-- wp:paragraph -->\r\n\r\n<strong>*Ku\u015fadas\u0131 Kad\u0131n Platformu 8 Mart bas\u0131n a\u00e7\u0131klamas\u0131\u00a0\u00a0<\/strong>\r\n\r\n<!-- \/wp:paragraph --><!-- wp:paragraph -->\r\n\r\nTarih: 8 Mart\r\n\r\n<!-- \/wp:paragraph --><!-- wp:paragraph -->\r\n\r\nYer: G\u00fcvercinli Park\r\n\r\n<!-- \/wp:paragraph --><!-- wp:paragraph -->\r\n\r\nSaat:\u00a015.00\r\n\r\n<!-- \/wp:paragraph --><!-- wp:paragraph -->\r\n\r\n<strong>* Didim Kad\u0131n Platformu \u00e7a\u011fr\u0131s\u0131yla<\/strong>\r\n\r\n<!-- \/wp:paragraph --><!-- wp:paragraph -->\r\n\r\n<strong>Tarih:<\/strong>\u00a08 Mart Pazartesi\r\n\r\n<!-- \/wp:paragraph --><!-- wp:paragraph -->\r\n\r\n<strong>Saat:\u00a0<\/strong>14.30\r\n\r\n<!-- \/wp:paragraph --><!-- wp:paragraph -->\r\n\r\n<strong>Yer:\u00a0<\/strong>Didim Kent Meydan\u0131\r\n\r\n<!-- \/wp:paragraph --><!-- wp:paragraph -->\r\n\r\n<strong>* Ayd\u0131n Kad\u0131n Platformu \u00e7a\u011fr\u0131s\u0131yla 8 Mart bas\u0131n a\u00e7\u0131klamas\u0131<\/strong>\r\n\r\n<!-- \/wp:paragraph --><!-- wp:paragraph -->\r\n\r\n<strong>Tarih:<\/strong>\u00a08 Mart Pazartesi\r\n\r\n<!-- \/wp:paragraph --><!-- wp:paragraph -->\r\n\r\n<strong>Saat:\u00a0<\/strong>18.00\r\n\r\n<!-- \/wp:paragraph --><!-- wp:paragraph -->\r\n\r\n<strong>Yer:<\/strong>\u00a0Ayd\u0131n Kent Meydan\u0131\r\n\r\n<!-- \/wp:paragraph --><!-- wp:paragraph -->\r\n\r\n<strong>\u2026..<\/strong>\r\n\r\n<!-- \/wp:paragraph --><!-- wp:paragraph -->\r\n\r\n<strong>BALIKES\u0130R<\/strong>\r\n\r\n<!-- \/wp:paragraph --><!-- wp:paragraph -->\r\n\r\n<strong>* Bal\u0131kesir Kad\u0131n Platformu 8 Mart eylemi<\/strong>\r\n\r\n<!-- \/wp:paragraph --><!-- wp:paragraph -->\r\n\r\n<strong>Tarih:\u00a0<\/strong>8 Mart\r\n\r\n<!-- \/wp:paragraph --><!-- wp:paragraph -->\r\n\r\n<strong>Saat:<\/strong>\u00a017.00\r\n\r\n<!-- \/wp:paragraph --><!-- wp:paragraph -->\r\n\r\n<strong>Yer:\u00a0<\/strong>Ali Hikmet Pa\u015fa Meydan\u0131\r\n\r\n<!-- \/wp:paragraph --><!-- wp:paragraph -->\r\n\r\n<strong>* Edremit 8 Mart Kad\u0131n Platformu 8 Mart eylemi<\/strong>\r\n\r\n<!-- \/wp:paragraph --><!-- wp:paragraph -->\r\n\r\n<strong>Tarih:<\/strong>\u00a08 Mart Pazartesi\r\n\r\n<!-- \/wp:paragraph --><!-- wp:paragraph -->\r\n\r\n<strong>Saat:<\/strong>\u00a012.00\r\n\r\n<!-- \/wp:paragraph --><!-- wp:paragraph -->\r\n\r\n<strong>Yer:\u00a0<\/strong>Edremit Cumhuriyet Meydan\u0131\r\n\r\n<!-- \/wp:paragraph --><!-- wp:paragraph -->\r\n\r\n<strong>* Ayval\u0131k 8 Mart Kad\u0131n Platformu \u00e7a\u011fr\u0131s\u0131yla bulu\u015fma<\/strong>\r\n\r\n<!-- \/wp:paragraph --><!-- wp:paragraph -->\r\n\r\n<strong>Tarih:\u00a0<\/strong>8 Mart Pazartesi\r\n\r\n<!-- \/wp:paragraph --><!-- wp:paragraph -->\r\n\r\n<strong>Saat:<\/strong>\u00a012.00\r\n\r\n<!-- \/wp:paragraph --><!-- wp:paragraph -->\r\n\r\n<strong>Yer:<\/strong>\u00a0Cumhuriyet Alan\u0131\/ Ayval\u0131k- Bal\u0131kesir\r\n\r\n<!-- \/wp:paragraph --><!-- wp:paragraph -->\r\n\r\n<strong>* Band\u0131rma Emek\u00e7i Kad\u0131n Platformu kermes etkinli\u011fi<\/strong>\r\n\r\n<!-- \/wp:paragraph --><!-- wp:paragraph -->\r\n\r\n<strong>Tarih:\u00a0<\/strong>8 Mart Pazartesi\r\n\r\n<!-- \/wp:paragraph --><!-- wp:paragraph -->\r\n\r\n<strong>Saat:<\/strong>\u00a012.00\r\n\r\n<!-- \/wp:paragraph --><!-- wp:paragraph -->\r\n\r\n<strong>Yer:<\/strong>\u00a0Band\u0131rma Kristal Kafe\r\n\r\n<!-- \/wp:paragraph --><!-- wp:paragraph -->\r\n\r\n<strong>* G\u00f6me\u00e7<\/strong>\r\n\r\n<!-- \/wp:paragraph --><!-- wp:paragraph -->\r\n\r\n<strong>Tarih:\u00a0<\/strong>8 mart Pazartesi\r\n\r\n<!-- \/wp:paragraph --><!-- wp:paragraph -->\r\n\r\n<strong>Saat:\u00a0<\/strong>11.30\r\n\r\n<!-- \/wp:paragraph --><!-- wp:paragraph -->\r\n\r\n<strong>Yer:\u00a0<\/strong>G\u00f6me\u00e7 Cumhuriyet Meydan\u0131\r\n\r\n<!-- \/wp:paragraph --><!-- wp:paragraph -->\r\n\r\n\u2026\u2026\r\n\r\n<!-- \/wp:paragraph --><!-- wp:paragraph -->\r\n\r\n<strong>\u00c7ANAKKALE<\/strong>\r\n\r\n<!-- \/wp:paragraph --><!-- wp:paragraph -->\r\n\r\n<strong>* \u00c7anakkale Ekmek ve G\u00fcl Toplulu\u011fu<\/strong>\r\n\r\n<!-- \/wp:paragraph --><!-- wp:paragraph -->\r\n\r\n<strong>Tarih:<\/strong>\u00a05 Mart Cuma\r\n\r\n<!-- \/wp:paragraph --><!-- wp:paragraph -->\r\n\r\n<strong>Saat:\u00a0<\/strong>12.00\r\n\r\n<!-- \/wp:paragraph --><!-- wp:paragraph -->\r\n\r\n<strong>Yer:<\/strong>\u00a0\u00c7anakkale Emek Partisi binas\u0131\r\n\r\n<!-- \/wp:paragraph --><!-- wp:paragraph -->\r\n\r\n<strong>* \u00c7anakkale Kad\u0131n Platformu \u00e7a\u011fr\u0131s\u0131yla y\u00fcr\u00fcy\u00fc\u015f<\/strong>\r\n\r\n<!-- \/wp:paragraph --><!-- wp:paragraph -->\r\n\r\n<strong>Tarih:<\/strong>\u00a08 Mart Pazartesi\r\n\r\n<!-- \/wp:paragraph --><!-- wp:paragraph -->\r\n\r\n<strong>Saat:<\/strong>\u00a018.00\r\n\r\n<!-- \/wp:paragraph --><!-- wp:paragraph -->\r\n\r\n<strong>Yer:\u00a0<\/strong>Golf Aile \u00c7ay Bah\u00e7esi&#8217;nde toplan\u0131lacak ve \u0130skele Meydan\u0131na y\u00fcr\u00fcnecek\r\n\r\n<!-- \/wp:paragraph --><!-- wp:paragraph -->\r\n\r\n<strong>\u2026..<\/strong>\r\n\r\n<!-- \/wp:paragraph --><!-- wp:paragraph -->\r\n\r\n<strong>DERS\u0130M<\/strong>\r\n\r\n<!-- \/wp:paragraph --><!-- wp:paragraph -->\r\n\r\n<strong>*Dersim Kad\u0131n Platformu \u00e7a\u011fr\u0131s\u0131yla bas\u0131n a\u00e7\u0131lamas\u0131<\/strong>\r\n\r\n<!-- \/wp:paragraph --><!-- wp:paragraph -->\r\n\r\n<strong>Tarih:<\/strong>\u00a08 Mart Pazartesi\r\n\r\n<!-- \/wp:paragraph --><!-- wp:paragraph -->\r\n\r\n<strong>Saat:<\/strong>\u00a012.00\r\n\r\n<!-- \/wp:paragraph --><!-- wp:paragraph -->\r\n\r\n<strong>Yer:<\/strong>\u00a0Seyit R\u0131za Meydan\u0131\r\n\r\n<!-- \/wp:paragraph --><!-- wp:paragraph -->\r\n\r\n<strong>\u2026.<\/strong>\r\n\r\n<!-- \/wp:paragraph --><!-- wp:paragraph -->\r\n\r\n<strong>D\u0130YARBAKIR<\/strong>\r\n\r\n<!-- \/wp:paragraph --><!-- wp:paragraph -->\r\n\r\n<strong>* Dicle Amed Kad\u0131n Platformu 8 Mart a\u00e7\u0131klamas\u0131<\/strong>\r\n\r\n<!-- \/wp:paragraph --><!-- wp:paragraph -->\r\n\r\n<strong>Tarih:<\/strong>\u00a08 Mart Pazartesi\r\n\r\n<!-- \/wp:paragraph --><!-- wp:paragraph -->\r\n\r\n<strong>Saat:<\/strong>\u00a013.00\r\n\r\n<!-- \/wp:paragraph --><!-- wp:paragraph -->\r\n\r\n<strong>Yer:<\/strong>\u00a0Diyarbak\u0131r \u0130stasyon Meydan\u0131\r\n\r\n<!-- \/wp:paragraph --><!-- wp:paragraph -->\r\n\r\n<strong>\u2026.<\/strong>\r\n\r\n<!-- \/wp:paragraph --><!-- wp:paragraph -->\r\n\r\n<strong>ESK\u0130\u015eEH\u0130R<\/strong>\r\n\r\n<!-- \/wp:paragraph --><!-- wp:paragraph -->\r\n\r\n<strong>* Eski\u015fehir Demokratik Kad\u0131n Platformu \u00e7a\u011fr\u0131s\u0131yla bas\u0131n a\u00e7\u0131klamas\u0131\u00a0<\/strong>\r\n\r\n<!-- \/wp:paragraph --><!-- wp:paragraph -->\r\n\r\n<strong>Tarih:<\/strong>\u00a08 Mart Pazartesi\r\n\r\n<!-- \/wp:paragraph --><!-- wp:paragraph -->\r\n\r\n<strong>Saat:\u00a0<\/strong>12.00\r\n\r\n<!-- \/wp:paragraph --><!-- wp:paragraph -->\r\n\r\n<strong>Yer:\u00a0<\/strong>Espark\r\n\r\n<!-- \/wp:paragraph --><!-- wp:paragraph -->\r\n\r\n\u2026..\r\n\r\n<!-- \/wp:paragraph --><!-- wp:paragraph -->\r\n\r\n<strong>GAZ\u0130ANTEP<\/strong>\r\n\r\n<!-- \/wp:paragraph --><!-- wp:paragraph -->\r\n\r\n<strong>* Gaziantep Demokratik Kad\u0131n Platformu \u00e7a\u011fr\u0131s\u0131yla y\u00fcr\u00fcy\u00fc\u015f<\/strong>\r\n\r\n<!-- \/wp:paragraph --><!-- wp:paragraph -->\r\n\r\n<strong>Tarih:\u00a0<\/strong>7 Mart Pazar\r\n\r\n<!-- \/wp:paragraph --><!-- wp:paragraph -->\r\n\r\n<strong>Saat:<\/strong>\u00a014.00\r\n\r\n<!-- \/wp:paragraph --><!-- wp:paragraph -->\r\n\r\n<strong>Yer:<\/strong>\u00a0K\u0131rkayak park\u0131nda toplanma, Bal\u0131kl\u0131 parkta bas\u0131n a\u00e7\u0131klamas\u0131\r\n\r\n<!-- \/wp:paragraph --><!-- wp:paragraph -->\r\n\r\n<strong>\u2026\u2026<\/strong>\r\n\r\n<!-- \/wp:paragraph --><!-- wp:paragraph -->\r\n\r\n<strong>KOCAEL\u0130<\/strong>\r\n\r\n<!-- \/wp:paragraph --><!-- wp:paragraph -->\r\n\r\n<strong>* Kocaeli \u0130stanbul S\u00f6zle\u015fmesi \u0130nisiyatifi direni\u015fteki Migros Depo i\u015f\u00e7ileriyle bulu\u015fuyor<\/strong>\r\n\r\n<!-- \/wp:paragraph --><!-- wp:paragraph -->\r\n\r\n<strong>Tarih:<\/strong>\u00a04 Mart Per\u015fembe\r\n\r\n<!-- \/wp:paragraph --><!-- wp:paragraph -->\r\n\r\n<strong>Saat:<\/strong>\u00a012.00\r\n\r\n<!-- \/wp:paragraph --><!-- wp:paragraph -->\r\n\r\n<strong>Yer:<\/strong>\u00a0Migros Depo \u00f6n\u00fc\r\n\r\n<!-- \/wp:paragraph --><!-- wp:paragraph -->\r\n\r\n<strong>* Kocaeli Ekmek ve G\u00fcl Kad\u0131n Dayan\u0131\u015fma Derne\u011fi \u00e7a\u011fr\u0131s\u0131yla;<\/strong>\r\n\r\n<!-- \/wp:paragraph --><!-- wp:paragraph -->\r\n\r\n<strong>Tarih:<\/strong>\u00a06 Mart Cumartesi\r\n\r\n<!-- \/wp:paragraph --><!-- wp:paragraph -->\r\n\r\n<strong>Saat:<\/strong>\u00a014.00\r\n\r\n<!-- \/wp:paragraph --><!-- wp:paragraph -->\r\n\r\n<strong>Yer:\u00a0<\/strong>Kocaeli Yenikent Muhtarl\u0131k \u00f6n\u00fc\r\n\r\n<!-- \/wp:paragraph --><!-- wp:paragraph -->\r\n\r\n<strong>\u2026..<\/strong>\r\n\r\n<!-- \/wp:paragraph --><!-- wp:paragraph -->\r\n\r\n<strong>MALATYA<\/strong>\r\n\r\n<!-- \/wp:paragraph --><!-- wp:paragraph -->\r\n\r\n<strong>Tarih:\u00a0<\/strong>8 Mart Pazartesi\r\n\r\n<!-- \/wp:paragraph --><!-- wp:paragraph -->\r\n\r\n<strong>Saat:\u00a0<\/strong>14.00\r\n\r\n<!-- \/wp:paragraph --><!-- wp:paragraph -->\r\n\r\n<strong>Yer:<\/strong>\u00a0Emeksiz \u00dcst Kav\u015fa\u011f\u0131\r\n\r\n<!-- \/wp:paragraph --><!-- wp:paragraph -->\r\n\r\n<strong>\u2026..<\/strong>\r\n\r\n<!-- \/wp:paragraph --><!-- wp:paragraph -->\r\n\r\n<strong>MERS\u0130N<\/strong>\r\n\r\n<!-- \/wp:paragraph --><!-- wp:paragraph -->\r\n\r\n<strong>*8 Mart Kad\u0131n bulu\u015fmas\u0131<\/strong>\r\n\r\n<!-- \/wp:paragraph --><!-- wp:paragraph -->\r\n\r\n<strong>Tarih:<\/strong>\u00a05 Mart Cuma\r\n\r\n<!-- \/wp:paragraph --><!-- wp:paragraph -->\r\n\r\n<strong>Saat:\u00a0<\/strong>18.00\r\n\r\n<!-- \/wp:paragraph --><!-- wp:paragraph -->\r\n\r\n<strong>Yer:<\/strong>\u00a0Yeni\u015fehir Belediyesi etkinlik alan\u0131 &#8211; Forum \u00f6n\u00fc\r\n\r\n<!-- \/wp:paragraph --><!-- wp:paragraph -->\r\n\r\n<strong>*8 Mart Feminist gece y\u00fcr\u00fcy\u00fc\u015f\u00fc<\/strong>\r\n\r\n<!-- \/wp:paragraph --><!-- wp:paragraph -->\r\n\r\n<strong>Tarih:<\/strong>\u00a08 Mart Pazartesi\r\n\r\n<!-- \/wp:paragraph --><!-- wp:paragraph -->\r\n\r\n<strong>Saat:\u00a0<\/strong>18.30\r\n\r\n<!-- \/wp:paragraph --><!-- wp:paragraph -->\r\n\r\n<strong>Yer:<\/strong>\u00a0Be\u015fikta\u015f Meydan\u0131\r\n\r\n<!-- \/wp:paragraph --><!-- wp:paragraph -->\r\n\r\n\u2026\u2026\r\n\r\n<!-- \/wp:paragraph --><!-- wp:paragraph -->\r\n\r\n<strong>MU\u011eLA<\/strong>\r\n\r\n<!-- \/wp:paragraph --><!-- wp:paragraph -->\r\n\r\n<strong>* Bodrum<\/strong>\r\n\r\n<!-- \/wp:paragraph --><!-- wp:paragraph -->\r\n\r\n<strong>Tarih:\u00a0<\/strong>8 Mart Pazartesi\r\n\r\n<!-- \/wp:paragraph --><!-- wp:paragraph -->\r\n\r\n<strong>Saat:\u00a0<\/strong>17.30\r\n\r\n<!-- \/wp:paragraph --><!-- wp:paragraph -->\r\n\r\n<strong>Yer:\u00a0<\/strong>Bodrum Belediyesi \u00f6n\u00fc\r\n\r\n<!-- \/wp:paragraph --><!-- wp:paragraph -->\r\n\r\n<strong>* Fethiye<\/strong>\r\n\r\n<!-- \/wp:paragraph --><!-- wp:paragraph -->\r\n\r\n<strong>Tarih:\u00a0<\/strong>8 Mart Pazartesi\r\n\r\n<!-- \/wp:paragraph --><!-- wp:paragraph -->\r\n\r\n<strong>Saat:\u00a0<\/strong>17.00\r\n\r\n<!-- \/wp:paragraph --><!-- wp:paragraph -->\r\n\r\n<strong>Yer:\u00a0<\/strong>Fethiye K\u00fclt\u00fcr Merkezi \u00d6n\u00fc\r\n\r\n<!-- \/wp:paragraph --><!-- wp:paragraph -->\r\n\r\n<strong>\u2026\u2026..<\/strong>\r\n\r\n<!-- \/wp:paragraph --><!-- wp:paragraph -->\r\n\r\n<strong>MAN\u0130SA<\/strong>\r\n\r\n<!-- \/wp:paragraph --><!-- wp:paragraph -->\r\n\r\n<strong>*Manisa Kad\u0131n Platformu online etkinlik<\/strong>\r\n\r\n<!-- \/wp:paragraph --><!-- wp:paragraph -->\r\n\r\n<strong>Tarih:\u00a0<\/strong>6 Mart Cumartesi\r\n\r\n<!-- \/wp:paragraph --><!-- wp:paragraph -->\r\n\r\n<strong>Saat:<\/strong>\u00a019.30\r\n\r\n<!-- \/wp:paragraph --><!-- wp:paragraph -->\r\n\r\n<strong>Yer:<\/strong>\u00a0\u0130nstagram @manisakadinplatformu\r\n\r\n<!-- \/wp:paragraph --><!-- wp:paragraph -->\r\n\r\n<strong>*Bas\u0131n a\u00e7\u0131klamas\u0131<\/strong>\r\n\r\n<!-- \/wp:paragraph --><!-- wp:paragraph -->\r\n\r\n<strong>Tarih:<\/strong>\u00a08 Mart Pazartesi\r\n\r\n<!-- \/wp:paragraph --><!-- wp:paragraph -->\r\n\r\n<strong>Saat:\u00a0<\/strong>17.30\r\n\r\n<!-- \/wp:paragraph --><!-- wp:paragraph -->\r\n\r\n<strong>Yer:\u00a0<\/strong>Manolya Meydan\u0131","protected":false},"excerpt":{"rendered":"<p>\u2026\u2026. \u0130STANBUL * 8 Mart Kad\u0131n Platformu \u00e7a\u011fr\u0131s\u0131yla: Tarih:\u00a06 Mart Cumartesi Saat:\u00a016.00 Yer:\u00a0Kad\u0131k\u00f6y\/ Kad\u0131k\u00f6y Be\u015fikta\u015f \u0130skele Meydan\u0131 *Ekmek ve G\u00fcl<\/p>\n","protected":false},"author":1,"featured_media":1168,"comment_status":"open","ping_status":"closed","sticky":false,"template":"","format":"standard","meta":{"footnotes":""},"categories":[72],"tags":[],"class_list":["post-1167","post","type-post","status-publish","format-standard","has-post-thumbnail","hentry","category-guncel"],"_links":{"self":[{"href":"https:\/\/dkder.org\/index.php\/wp-json\/wp\/v2\/posts\/1167","targetHints":{"allow":["GET"]}}],"collection":[{"href":"https:\/\/dkder.org\/index.php\/wp-json\/wp\/v2\/posts"}],"about":[{"href":"https:\/\/dkder.org\/index.php\/wp-json\/wp\/v2\/types\/post"}],"author":[{"embeddable":true,"href":"https:\/\/dkder.org\/index.php\/wp-json\/wp\/v2\/users\/1"}],"replies":[{"embeddable":true,"href":"https:\/\/dkder.org\/index.php\/wp-json\/wp\/v2\/comments?post=1167"}],"version-history":[{"count":1,"href":"https:\/\/dkder.org\/index.php\/wp-json\/wp\/v2\/posts\/1167\/revisions"}],"predecessor-version":[{"id":1169,"href":"https:\/\/dkder.org\/index.php\/wp-json\/wp\/v2\/posts\/1167\/revisions\/1169"}],"wp:featuredmedia":[{"embeddable":true,"href":"https:\/\/dkder.org\/index.php\/wp-json\/wp\/v2\/media\/1168"}],"wp:attachment":[{"href":"https:\/\/dkder.org\/index.php\/wp-json\/wp\/v2\/media?parent=1167"}],"wp:term":[{"taxonomy":"category","embeddable":true,"href":"https:\/\/dkder.org\/index.php\/wp-json\/wp\/v2\/categories?post=1167"},{"taxonomy":"post_tag","embeddable":true,"href":"https:\/\/dkder.org\/index.php\/wp-json\/wp\/v2\/tags?post=1167"}],"curies":[{"name":"wp","href":"https:\/\/api.w.org\/{rel}","templated":true}]}}