{"id":1205,"date":"2020-12-19T22:21:03","date_gmt":"2020-12-19T22:21:03","guid":{"rendered":"https:\/\/ensantane.com\/?p=1205"},"modified":"2023-11-28T22:23:05","modified_gmt":"2023-11-28T22:23:05","slug":"19-22-aralik-2000unutmadik-unutmayacagiz","status":"publish","type":"post","link":"https:\/\/dkder.org\/index.php\/2020\/12\/19\/19-22-aralik-2000unutmadik-unutmayacagiz\/","title":{"rendered":"19-22 Aral\u0131k 2000\u2026Unutmad\u0131k, Unutmayaca\u011f\u0131z!"},"content":{"rendered":"19 Aral\u0131k 2000 tarihinde, ad\u0131na \u2018Hayata D\u00f6n\u00fc\u015f Operasyonu\u2019 verilen bir sald\u0131r\u0131 ba\u015flatan iktidar, i\u015f makineleri, ate\u015fli silahlar, gaz bombalar\u0131, yan\u0131c\u0131 kimyasal silahlar kullanarak 20 hapishanede ayn\u0131 anda yap\u0131lan ve 4 g\u00fcn s\u00fcren operasyon sonucunda 30\u2019u tutuklu, 2 si asker 32 insan hayat\u0131na son verildi.\r\n\r\n<!-- \/wp:paragraph --><!-- wp:embed {\"url\":\"https:\/\/youtu.be\/QarY0GmBbzE\",\"type\":\"video\",\"providerNameSlug\":\"youtube\",\"responsive\":true,\"className\":\"wp-embed-aspect-16-9 wp-has-aspect-ratio\"} -->\r\n<figure class=\"wp-block-embed is-type-video is-provider-youtube wp-block-embed-youtube wp-embed-aspect-16-9 wp-has-aspect-ratio\">\r\n<div class=\"wp-block-embed__wrapper\">https:\/\/youtu.be\/QarY0GmBbzE<\/div><\/figure>\r\n<!-- \/wp:embed --><!-- wp:paragraph -->\r\n\r\n&#8220;Hayata d\u00f6n\u00fc\u015f&#8221; ad\u0131 verilen bu katliam operasyonu,\u00a0 iktidar yetkilileri taraf\u0131ndan yap\u0131lan a\u00e7\u0131klamalarda da net olarak ifade edildi\u011fi gibi, en \u00fcst d\u00fczeyindeki kurumlar aras\u0131nda tam bir mutabakatla ger\u00e7ekle\u015ftirildi.\r\n\r\n<!-- \/wp:paragraph --><!-- wp:paragraph -->\r\n\r\n19-22 Aral\u0131k\u2019ta medyan\u0131n tak\u0131nd\u0131\u011f\u0131 tav\u0131r da ibret vericiydi ama \u015fa\u015f\u0131rt\u0131c\u0131 de\u011fildi. G\u00fcnlerce yap\u0131lan sald\u0131r\u0131lar\u0131 me\u015fru g\u00f6steren, \u00f6ld\u00fcr\u00fclmeleri aklayan bir kampanya\u00a0 y\u00fcr\u00fctt\u00fcler.\r\n\r\n<!-- \/wp:paragraph --><!-- wp:paragraph -->\r\n\r\n19-22 Aral\u0131k, yani katliam\u0131n\u0131n\u00a0 ger\u00e7ekle\u015ftirildi\u011fi tarih ku\u015fkusuz tesad\u00fcf de\u011fildi. 2000 y\u0131l\u0131 ba\u015f\u0131nda IMF ile yap\u0131lan yeni anla\u015fmalar\u0131n \u00fclkeye getirece\u011fi a\u011f\u0131r \u015fartlar\u0131n uygulanabilmesi i\u00e7in, \u00f6nce buna kar\u015f\u0131 \u00e7\u0131kacak muhalefet odaklar\u0131n\u0131n ortadan kald\u0131r\u0131lmas\u0131 gerekiyordu. Bunun \u00f6nemli ayaklar\u0131ndan birini de\u00a0 hapishaneler olu\u015fturuyordu.\r\n\r\n<!-- \/wp:paragraph --><!-- wp:paragraph -->\r\n\r\nSald\u0131r\u0131larla, sisteme muhalif olanlar hedef al\u0131nd\u0131. \u0130\u00e7erde tutuklular ad\u0131na F tip denilen h\u00fccrelere mahkum edilmek istenirken, d\u0131\u015far\u0131daki herkese, &#8220;Bana muhalif olanlar\u0131n sonu &#8216;Hayata D\u00f6n\u00fc\u015f'&#8221; olur mesaj\u0131 verilmek isteniyordu.\r\n\r\n<!-- \/wp:paragraph --><!-- wp:paragraph -->\r\n\r\nBu sald\u0131r\u0131da;\u00a0 devrimci tutuklular Ahmet \u0130bili, Ali Ate\u015f,Ali \u0130hsan \u00d6zkan,Alp Ata Ak\u00e7ay\u00fcz, A\u015fur Korkmaz, Berrin B\u0131\u00e7k\u0131lar,Cengiz \u00c7al\u0131koparan,Ercan Polat,Fahri Sar\u0131,F\u0131rat Tavuk, Fidan Kal\u015fen,G\u00fclser Tuzcu,\u0130lker Babacan,\u0130rfan Ortak\u00e7\u0131,Murat \u00d6rdek\u00e7iMurat \u00d6zdemir,Mustafa Y\u0131lmaz, Nil\u00fcfer Alcan,\u00d6zlem Ercan,Seyhan Do\u011fan,Sultan Sar\u0131 \u015eefinur Tezgel, \u00dcnsal Gedik,Yasemin Canc\u0131,Yazg\u00fcl\u00fc G\u00fcder \u00d6zt\u00fcrk,Halil \u00d6nder Ceyhan,Hasan G\u00fcng\u00f6rmez,R\u0131za Poyraz ya\u015fam\u0131n\u0131 yitirdi.\r\n\r\n<!-- \/wp:paragraph --><!-- wp:paragraph -->\r\n\r\nD\u0131\u015farda da\u00a0 bu katliam\u0131n \u00f6nlenmesi, tutuklular\u0131n insanl\u0131k d\u0131\u015f\u0131 h\u00fccrelere konulmamas\u0131 i\u00e7in demokratik kitle \u00f6rg\u00fctleri ve tutuklu ailelerine kar\u015f\u0131 ise operasyonlar yap\u0131ld\u0131, 3 bine yak\u0131n insan g\u00f6zalt\u0131na al\u0131nd\u0131.\r\n\r\n<!-- \/wp:paragraph --><!-- wp:paragraph -->\r\n\r\nBunca bilgiye, bilirki\u015fi raporlar\u0131na, tan\u0131k anlat\u0131mlar\u0131na, Adli T\u0131p raporlar\u0131na ra\u011fmen, katliam san\u0131klar\u0131na kar\u015f\u0131 a\u00e7\u0131lan davalar zamana\u015f\u0131m\u0131 ve beraat kararlar\u0131 ile bir bir kapat\u0131ld\u0131. Bayrampa\u015fa hapishanesindeki katliamla ilgili dava ise Bu davan\u0131n 42\u2019inci duru\u015fmas\u0131 Bak\u0131rk\u00f6y 13&#8217;\u00fcnc\u00fc A\u011f\u0131r Ceza Mahkemesi&#8217;nde 3 Mart 2021 tarihinde g\u00f6r\u00fclecek. Yani 20 y\u0131ld\u0131r bir sonu\u00e7 yok.\r\n\r\n<!-- \/wp:paragraph --><!-- wp:paragraph -->\r\n\r\n19-22 Aral\u0131k sald\u0131r\u0131s\u0131n\u0131n \u00fczerinden 20 y\u0131l ge\u00e7ti. Katliam\u0131 direni\u015fle yan\u0131tlayan tutsaklara y\u00f6nelik sald\u0131r\u0131lar bug\u00fcn farkl\u0131 y\u00f6ntemlerle fakat ayn\u0131 anlay\u0131\u015fla s\u00fcr\u00fcyor.\r\n\r\n<!-- \/wp:paragraph --><!-- wp:paragraph -->\r\n\r\nHapishanelerdeki keyfi uygulama ve hak gasplar\u0131n\u0131 artt\u0131rd\u0131. Tutsaklar\u0131n bedel \u00f6deyerek elde etti\u011fi haklar gasp edilmek isteniyor. G\u00f6r\u00fc\u015fler k\u0131s\u0131tlan\u0131yor, ko\u011fu\u015flar bas\u0131larak \u00e7al\u0131\u015fmalar\u0131na, kitaplar\u0131na, foto\u011fraflar\u0131na, mektuplar\u0131na vb. \u00f6zel e\u015fyalar\u0131na el konuyor. Mektuplar g\u00f6nderilmiyor, gelen mektuplar verilmiyor. Keyfi disiplin cezalar\u0131yla infazlar yak\u0131l\u0131yor. Hasta tutsaklar serbest b\u0131rak\u0131lm\u0131yor.\r\n\r\n<!-- \/wp:paragraph --><!-- wp:paragraph -->\r\n\r\n19 Aral\u0131k katliam\u0131 bir insanl\u0131\u011fa kar\u015f\u0131 su\u00e7tur. Yarg\u0131lama bu su\u00e7 kapsam\u0131nda yap\u0131lana, zamana\u015f\u0131m\u0131yla desteklenen cezas\u0131zl\u0131k son bulmal\u0131d\u0131r.\r\n\r\n<!-- \/wp:paragraph --><!-- wp:paragraph -->\r\n\r\n19 Aral\u0131k Katliam\u0131n\u0131 unutmad\u0131k, unutturmayaca\u011f\u0131z!\r\n\r\n<!-- \/wp:paragraph --><!-- wp:paragraph -->\r\n\r\nDOSTLUK VE K\u00dcLT\u00dcR DERNE\u011e\u0130\r\n\r\n<!-- \/wp:paragraph --><!-- wp:paragraph -->\r\n\r\n(DKDER)19","protected":false},"excerpt":{"rendered":"<p>19 Aral\u0131k 2000 tarihinde, ad\u0131na \u2018Hayata D\u00f6n\u00fc\u015f Operasyonu\u2019 verilen bir sald\u0131r\u0131 ba\u015flatan iktidar, i\u015f makineleri, ate\u015fli silahlar, gaz bombalar\u0131, yan\u0131c\u0131<\/p>\n","protected":false},"author":1,"featured_media":1206,"comment_status":"open","ping_status":"closed","sticky":false,"template":"","format":"standard","meta":{"footnotes":""},"categories":[71,72],"tags":[],"class_list":["post-1205","post","type-post","status-publish","format-standard","has-post-thumbnail","hentry","category-genclik-2","category-guncel"],"_links":{"self":[{"href":"https:\/\/dkder.org\/index.php\/wp-json\/wp\/v2\/posts\/1205","targetHints":{"allow":["GET"]}}],"collection":[{"href":"https:\/\/dkder.org\/index.php\/wp-json\/wp\/v2\/posts"}],"about":[{"href":"https:\/\/dkder.org\/index.php\/wp-json\/wp\/v2\/types\/post"}],"author":[{"embeddable":true,"href":"https:\/\/dkder.org\/index.php\/wp-json\/wp\/v2\/users\/1"}],"replies":[{"embeddable":true,"href":"https:\/\/dkder.org\/index.php\/wp-json\/wp\/v2\/comments?post=1205"}],"version-history":[{"count":1,"href":"https:\/\/dkder.org\/index.php\/wp-json\/wp\/v2\/posts\/1205\/revisions"}],"predecessor-version":[{"id":1207,"href":"https:\/\/dkder.org\/index.php\/wp-json\/wp\/v2\/posts\/1205\/revisions\/1207"}],"wp:featuredmedia":[{"embeddable":true,"href":"https:\/\/dkder.org\/index.php\/wp-json\/wp\/v2\/media\/1206"}],"wp:attachment":[{"href":"https:\/\/dkder.org\/index.php\/wp-json\/wp\/v2\/media?parent=1205"}],"wp:term":[{"taxonomy":"category","embeddable":true,"href":"https:\/\/dkder.org\/index.php\/wp-json\/wp\/v2\/categories?post=1205"},{"taxonomy":"post_tag","embeddable":true,"href":"https:\/\/dkder.org\/index.php\/wp-json\/wp\/v2\/tags?post=1205"}],"curies":[{"name":"wp","href":"https:\/\/api.w.org\/{rel}","templated":true}]}}