{"id":1285,"date":"2023-12-05T11:14:18","date_gmt":"2023-12-05T11:14:18","guid":{"rendered":"https:\/\/dkder.org\/?p=1285"},"modified":"2023-12-05T11:14:18","modified_gmt":"2023-12-05T11:14:18","slug":"insanca-yasamaya-yeten-asgari-ucret-icin-mucadeleye","status":"publish","type":"post","link":"https:\/\/dkder.org\/index.php\/2023\/12\/05\/insanca-yasamaya-yeten-asgari-ucret-icin-mucadeleye\/","title":{"rendered":"\u0130NSANCA YA\u015eAMAYA YETEN ASGAR\u0130 \u00dcCRET \u0130\u00c7\u0130N M\u00dcCADELEYE!"},"content":{"rendered":"<p>\u00dccretli k\u00f6lelik d\u00fczeninde milyonlarca i\u015f\u00e7i, emek\u00e7i ad\u0131na asgari \u00fccret dedikleri sefalet \u00fccretine mahk\u00fbm ediliyor.<\/p>\n<p>Asgari \u00fccret hepimizi ilgilendiriyor. Toplu \u0130\u015f S\u00f6zle\u015fmeleri asgari \u00fccret temel al\u0131narak yap\u0131l\u0131yor. K\u0131dem Tazminat\u0131 Tavan\u0131 asgari \u00fccrete g\u00f6re belirleniyor. Asgari \u00fccret temel al\u0131narak \u00fccretlere zam yap\u0131l\u0131yor.<\/p>\n<p>Her y\u0131l Aral\u0131k ay\u0131nda sermaye, devlet ve sendika a\u011falar\u0131 birlikte asgari \u00fccreti belirleme oyunu oynuyor.<\/p>\n<p>H\u00fck\u00fcmet patronlar ile birlikte asgari \u00fccret miktar\u0131n\u0131 belirliyor. Komisyon toplant\u0131lar\u0131na, g\u00fcya i\u015f\u00e7ileri temsilen kat\u0131lan T\u00fcrk-\u0130\u015f\u2019li sendika b\u00fcrokratlar\u0131 dan\u0131\u015f\u0131kl\u0131 bir tutum sergiliyor.<\/p>\n<p>Hayat\u0131, zenginli\u011fi yaratan bizlerin \u00e7al\u0131\u015fma ve ya\u015fama \u015fartlar\u0131 giderek k\u00f6t\u00fcye gidiyor. \u00dccretler erimeye, al\u0131m g\u00fcc\u00fcm\u00fcz d\u00fc\u015fmeye devam ediyor. Cebimize giren para miktar olarak artsa bile, enflasyon k\u0131sa s\u00fcre i\u00e7inde art\u0131\u015f\u0131 al\u0131p g\u00f6t\u00fcr\u00fcyor. Yoksulla\u015f\u0131yoruz. Enflasyon, i\u015fsizlik art\u0131yor.<\/p>\n<p><strong>Ge\u00e7inemiyoruz!<\/strong><\/p>\n<p>Ge\u00e7erli olan asgari \u00fccret \u0130stanbul\u2019da bir kiraya yetmiyor. Yenisi de yetmeyecek! Ge\u00e7inemiyoruz! Bar\u0131nam\u0131yoruz! Asgari \u00fccret ile ge\u00e7inmek m\u00fcmk\u00fcn de\u011fil. Her hanede birka\u00e7 ki\u015fi asgari \u00fccret ile \u00e7al\u0131\u015fmak zorunda kal\u0131yor.<\/p>\n<p>Elektrik, su, do\u011falgaz, ileti\u015fim, ula\u015f\u0131ma s\u00fcrekli zam geliyor. Zam ya\u011fmuru alt\u0131nda k\u0131t kanaat ge\u00e7inmeye \u00e7al\u0131\u015f\u0131yoruz. \u201cKriz var, bekleyin, ge\u00e7ecek, az kald\u0131, enflasyonu tek haneye indirece\u011fiz, enflasyona ezdirmeyece\u011fiz\u201d diyerek bizleri s\u00fcrekli oyal\u0131yorlar. Yalan s\u00f6yl\u00fcyorlar. Krizin y\u00fck\u00fcn\u00fc biz i\u015f\u00e7ilerin, emek\u00e7ilerin s\u0131rt\u0131na y\u0131kmaya \u00e7al\u0131\u015f\u0131yorlar. Dolayl\u0131 vergileri, KDV\u2019yi, har\u00e7lar\u0131 art\u0131rd\u0131lar. Ocak 2023\u2019te yakla\u015f\u0131k y\u00fczde 22 olan \u00fccretliler \u00fczerindeki vergi ve kesinti y\u00fck\u00fc 2023 A\u011fustos ay\u0131nda yakla\u015f\u0131k y\u00fczde 30 oldu.<\/p>\n<p>Kriz sadece bizim i\u00e7in var. Sermayedarlar, holdingler, bankalar i\u00e7in kriz yok. Onlar k\u00e2rlar\u0131n\u0131 s\u00fcrekli bizim s\u0131rt\u0131m\u0131zdan katl\u0131yorlar.<\/p>\n<p>Bu soygun d\u00fczenine art\u0131k yeter! \u0130nsanca ya\u015famak istiyoruz!<\/p>\n<p>Bizler aya\u011fa kalmazsak, soka\u011fa \u00e7\u0131kmazsak, m\u00fccadele etmezsek, her zaman yapt\u0131klar\u0131 gibi krizin y\u00fck\u00fcn\u00fc bizim s\u0131rt\u0131m\u0131za y\u0131kacaklar.<\/p>\n<p>Yoksulluk s\u0131n\u0131r\u0131 Kas\u0131m 2023 d\u00f6nemi i\u00e7in 45.686 TL\u2019dir. A\u00e7l\u0131k s\u0131n\u0131r\u0131 ise 14.025 TL\u2019dir. Mevcut asgari \u00fccret 11.400 TL a\u00e7l\u0131k s\u0131n\u0131r\u0131n\u0131n alt\u0131ndad\u0131r.<\/p>\n<p>Asgari \u00fccret yoksulluk s\u0131n\u0131r\u0131n\u0131n alt\u0131nda de\u011fil \u00fcst\u00fcnde olmal\u0131d\u0131r. <span style=\"text-decoration: line-through;\">\u00a0<\/span><\/p>\n<p>Ge\u00e7mi\u015f d\u00f6nemde h\u00fck\u00fcmet kriz, y\u00fcksek enflasyon sebebiyle asgari \u00fccrete y\u0131lda iki defa zam yapmak zorunda kalm\u0131\u015ft\u0131. Se\u00e7imlerden sonra Hazine ve Maliye Bakan\u0131\u00a0yap\u0131lan <strong>Mehmet \u015eim\u015fek \u201c<\/strong>y\u00fcksek maa\u015f zamlar\u0131n\u0131n enflasyonu tetikledi\u011fini\u201d belirterek y\u0131lda bir asgari \u00fccrete zam yap\u0131laca\u011f\u0131n\u0131 a\u00e7\u0131klad\u0131.<\/p>\n<p>A\u00e7l\u0131k s\u0131n\u0131r\u0131 alt\u0131nda kalan asgari \u00fccrete zam enflasyonun y\u00fckselmesinin sebebi de\u011fildir. Enflasyonun as\u0131l sebebi burjuva iktidar\u0131n sermaye yarar\u0131na izledi\u011fi ekonomik siyasettir. Holdinglerin, sermayedarlar\u0131n vergi bor\u00e7lar\u0131 silinirken, onlara te\u015fvik \u00fczerine te\u015fvik verilirken, i\u015f\u00e7iler, emek\u00e7iler s\u00f6z konusu olunca b\u00fct\u00e7e dengesi, enflasyon, cari a\u00e7\u0131k ak\u0131llar\u0131na geliyor. \u00c7\u00fcnk\u00fc sermaye yarar\u0131na \u00e7al\u0131\u015f\u0131yorlar. Sermayenin \u00e7\u0131karlar\u0131n\u0131 g\u00f6zetiyorlar. Onlar i\u00e7in \u00f6nemli olan hizmet ettikleri sermayenin \u00e7\u0131karlar\u0131d\u0131r.<\/p>\n<p>Burjuva muhalefet ise iktidara gelseydi sorunlar\u0131m\u0131z\u0131 bir \u00e7\u0131rp\u0131da \u00e7\u00f6zece\u011fini iddia ediyor. Bunlar iktidar olsalard\u0131, i\u015f\u00e7i-emek\u00e7ilere reva g\u00f6recekleri maa\u015flar\u0131 biz belediye i\u015f\u00e7ilerinden, belediye uygulamalar\u0131ndan biliyoruz.<\/p>\n<p><strong>Asgari \u00fccrete mahk\u00fbm de\u011filiz!<\/strong><\/p>\n<p>Biz i\u015f\u00e7iler-emek\u00e7iler kendi kaderimizi kendi ellerimize almad\u0131\u011f\u0131m\u0131z s\u00fcrece, bizim ad\u0131m\u0131za al\u0131nacak kararlarda s\u00f6z sahibi olmamaya devam ederiz. S\u00f6z sahibi olmak istiyorsak, ad\u0131m\u0131za karar al\u0131nmas\u0131n\u0131 istemiyorsak; m\u00fccadeleyi ellerimize almal\u0131, haklar\u0131m\u0131z i\u00e7in m\u00fccadele etmeliyiz.<\/p>\n<p>Bizim ad\u0131m\u0131za asgari \u00fccretin belirlenmesi oyununa son vermeliyiz! Asgari \u00fccreti belirleyen Asgari \u00dccret Tespit Komisyonu bizi temsil etmiyor. Birilerinin bizim ad\u0131m\u0131za karar vermesine, bizleri sefalete mahk\u00fbm etmesine izin vermeyelim, gelece\u011fimize sahip \u00e7\u0131kal\u0131m.<\/p>\n<p><strong>M\u00fccadele ile kazanabiliriz!<\/strong><\/p>\n<p>*Elektrik, su, do\u011falgaz, ula\u015f\u0131m, ileti\u015fim, en temel insan haklar\u0131d\u0131r insan\u00ee ihtiya\u00e7 kadar\u0131 \u00fccretsiz olmal\u0131d\u0131r!<\/p>\n<p>*Sendikal \u00f6rg\u00fctlenmenin \u00f6n\u00fcndeki engeller kald\u0131r\u0131ls\u0131n!<\/p>\n<p>*E\u011fitim ve sa\u011fl\u0131k her d\u00fczeyde \u00fccretsiz olmal\u0131d\u0131r!<\/p>\n<p>*\u0130nsanca ya\u015fanabilir bir \u00fccret!<\/p>\n<p>*Herkese insanca ya\u015famaya yara\u015f\u0131r bar\u0131nma hakk\u0131!<\/p>\n<p>*\u0130\u015f\u00e7i ve emek\u00e7ilerden al\u0131nan dolayl\u0131, dolays\u0131z t\u00fcm vergiler kald\u0131r\u0131ls\u0131n!<\/p>\n<p>*Asgari \u00fccret g\u00f6r\u00fc\u015fmeleri canl\u0131 yay\u0131nlans\u0131n!<\/p>\n<p>Sermayenin ve iktidar\u0131n sald\u0131r\u0131lar\u0131na kar\u015f\u0131 greve \u00e7\u0131kan ve direnen i\u015f\u00e7iler izlenmesi gereken yolu g\u00f6steriyor. Asgari \u00fccret oyununu bozman\u0131n, insanca \u00e7al\u0131\u015fma ve ya\u015fam ko\u015fullar\u0131 elde etmenin yolu i\u015f\u00e7i s\u0131n\u0131f\u0131n\u0131n birli\u011finden, fiili-me\u015fru m\u00fccadelesinden ge\u00e7iyor.<\/p>\n<p><strong>\u0130nsanca ya\u015famak istiyoruz!<\/strong><\/p>\n<p>Biliyoruz ki kapitalizm s\u00f6m\u00fcr\u00fc, bask\u0131, sava\u015f, i\u015fsizlik, yoksulluk, do\u011fa talan\u0131, i\u015f cinayetleri vb. demektir. M\u00fccadele ederek, \u00f6rg\u00fctlenerek \u00e7al\u0131\u015fma ve ya\u015fama \u015fartlar\u0131m\u0131z\u0131 iyile\u015ftirebiliriz. Ancak bu yetmez!<\/p>\n<p>Kapitalizm \u00fccretli emek s\u00f6m\u00fcr\u00fcs\u00fcne dayan\u0131r. Kapitalizmde i\u015f\u00e7iler, emek\u00e7iler \u00fccretli k\u00f6lelerdir.<\/p>\n<p>\u00dccret k\u00f6leli\u011fine son vermek i\u00e7in kapitalizmi y\u0131kmak gerekir. Bu sebeple \u00fcretti\u011fimiz art\u0131 de\u011ferden daha fazla pay almak, daha iyi \u00e7al\u0131\u015fma ve ya\u015fam ko\u015fullar\u0131 i\u00e7in m\u00fccadeleyle elde edece\u011fimiz her kazan\u0131m\u0131 \u00fccretli k\u00f6lelik d\u00fczenini ortadan kald\u0131rma m\u00fccadelesinin bir par\u00e7as\u0131 olarak y\u00fcr\u00fctmeliyiz. \u0130nsanca ya\u015famak ancak \u00fcretim ara\u00e7lar\u0131 \u00fczerinde \u00f6zel m\u00fclkiyetin kald\u0131r\u0131laca\u011f\u0131 sosyalizmde ger\u00e7eklik haline gelecektir. A\u00e7l\u0131\u011fa, yoksullu\u011fa mahk\u00fbm de\u011filiz. Patronlar\u0131n s\u00fcrekli b\u00fcy\u00fcyen zenginliklerinin yarat\u0131c\u0131lar\u0131 bizleriz. Yaratan ve \u00fcreten bizleriz. G\u00fcc\u00fcm\u00fcz\u00fcn fark\u0131na varal\u0131m, \u00f6rg\u00fctlenelim!<\/p>\n<p>\u0130\u015f\u00e7i ve emek\u00e7ileri \u0130nsanca ya\u015fanacak \u00fccret i\u00e7in, en temel hak ve \u00f6zg\u00fcrl\u00fcklerimiz i\u00e7in fabrikalarda, havzalarda, mahallelerde bir araya gelmeye, \u00fccretli k\u00f6lelik d\u00fczenine kar\u015f\u0131 m\u00fccadeleyi b\u00fcy\u00fctmeye davet ediyoruz. Eme\u011fin s\u00f6m\u00fcr\u00fcs\u00fc \u00fczerine kurulu kapitalist d\u00fczeni y\u0131kma, i\u015f\u00e7i-emek\u00e7ilerin kendi iktidar\u0131n\u0131 kurma m\u00fccadelesine omuz vermeye davet ediyoruz.<\/p>\n","protected":false},"excerpt":{"rendered":"<p>\u00dccretli k\u00f6lelik d\u00fczeninde milyonlarca i\u015f\u00e7i, emek\u00e7i ad\u0131na asgari \u00fccret dedikleri sefalet \u00fccretine mahk\u00fbm ediliyor. Asgari \u00fccret hepimizi ilgilendiriyor. Toplu \u0130\u015f<\/p>\n","protected":false},"author":1,"featured_media":1286,"comment_status":"open","ping_status":"closed","sticky":false,"template":"","format":"standard","meta":{"footnotes":""},"categories":[69,72],"tags":[],"class_list":["post-1285","post","type-post","status-publish","format-standard","has-post-thumbnail","hentry","category-emek-dunyasi","category-guncel"],"_links":{"self":[{"href":"https:\/\/dkder.org\/index.php\/wp-json\/wp\/v2\/posts\/1285","targetHints":{"allow":["GET"]}}],"collection":[{"href":"https:\/\/dkder.org\/index.php\/wp-json\/wp\/v2\/posts"}],"about":[{"href":"https:\/\/dkder.org\/index.php\/wp-json\/wp\/v2\/types\/post"}],"author":[{"embeddable":true,"href":"https:\/\/dkder.org\/index.php\/wp-json\/wp\/v2\/users\/1"}],"replies":[{"embeddable":true,"href":"https:\/\/dkder.org\/index.php\/wp-json\/wp\/v2\/comments?post=1285"}],"version-history":[{"count":1,"href":"https:\/\/dkder.org\/index.php\/wp-json\/wp\/v2\/posts\/1285\/revisions"}],"predecessor-version":[{"id":1287,"href":"https:\/\/dkder.org\/index.php\/wp-json\/wp\/v2\/posts\/1285\/revisions\/1287"}],"wp:featuredmedia":[{"embeddable":true,"href":"https:\/\/dkder.org\/index.php\/wp-json\/wp\/v2\/media\/1286"}],"wp:attachment":[{"href":"https:\/\/dkder.org\/index.php\/wp-json\/wp\/v2\/media?parent=1285"}],"wp:term":[{"taxonomy":"category","embeddable":true,"href":"https:\/\/dkder.org\/index.php\/wp-json\/wp\/v2\/categories?post=1285"},{"taxonomy":"post_tag","embeddable":true,"href":"https:\/\/dkder.org\/index.php\/wp-json\/wp\/v2\/tags?post=1285"}],"curies":[{"name":"wp","href":"https:\/\/api.w.org\/{rel}","templated":true}]}}