{"id":1304,"date":"2023-12-08T09:07:48","date_gmt":"2023-12-08T09:07:48","guid":{"rendered":"https:\/\/dkder.org\/?p=1304"},"modified":"2023-12-08T09:09:31","modified_gmt":"2023-12-08T09:09:31","slug":"keskin-kurulusunun-28-yil-donumu-umudu-buyutmeyi-surdurecegiz","status":"publish","type":"post","link":"https:\/\/dkder.org\/index.php\/2023\/12\/08\/keskin-kurulusunun-28-yil-donumu-umudu-buyutmeyi-surdurecegiz\/","title":{"rendered":"KESK&#8217;in kurulu\u015funun 28. y\u0131l d\u00f6n\u00fcm\u00fc: Umudu b\u00fcy\u00fctmeyi s\u00fcrd\u00fcrece\u011fiz"},"content":{"rendered":"<div class=\"entry__article-wrap\">\n<div class=\"entry__article\">\n<p><strong>28. kurulu\u015f y\u0131l d\u00f6n\u00fcm\u00fcne ili\u015fkin a\u00e7\u0131klama yapan KESK, &#8220;Bundan sonra da r\u00fczgar g\u00fcc\u00fcyle de\u011fil r\u00fczgara kar\u015f\u0131 durarak y\u00fckseltti\u011fimiz m\u00fccadele bayra\u011f\u0131m\u0131z\u0131 dalgaland\u0131rmaya devam edece\u011fiz. Ge\u00e7mi\u015ften gelece\u011fe uzanan y\u00fcr\u00fcy\u00fc\u015f\u00fcm\u00fczde eme\u011fin ortak m\u00fccadelesini ye\u015fertmek i\u00e7in kurulu\u015f ilkelerimize daha s\u0131k\u0131 sar\u0131laca\u011f\u0131z&#8221; ifadelerini kulland\u0131.<\/strong><\/p>\n<p>Kamu Emek\u00e7ileri Sendikalar\u0131 Konfederasyonu (KESK), kurulu\u015funun 28. y\u0131l d\u00f6n\u00fcm\u00fcne ili\u015fkin yaz\u0131l\u0131 a\u00e7\u0131klama yay\u0131nlad\u0131.<\/p>\n<p>Bu \u00fclkede eme\u011fi ile ge\u00e7inen t\u00fcm kesimlerin \u00f6n\u00fcnde her zaman zorlu s\u00fcre\u00e7ler, \u00e7etin m\u00fccadeleler oldu\u011fu ifade edilen a\u00e7\u0131klamada, bug\u00fcn de \u00fclkenin ad\u0131m ad\u0131m i\u00e7ine itildi\u011fi ekonomik, siyasal, toplumsal bunal\u0131m\u0131n giderek derinle\u015fti\u011fi ifade edildi.<\/p>\n<p>&#8220;\u0130ktidarda olanlar &#8216;asgari \u00fccretliler \u00fclkesine&#8217; \u00e7evirdikleri \u00fclkede eme\u011fe daha fazla yoksulluktan, g\u00fcvencesizlikten, geleceksizlikten ba\u015fka bir \u015fey vaat etmiyor. Orta Vadeli Program\u0131ndan Kalk\u0131nma Plan\u0131na, B\u00fct\u00e7esinden torba yasalar\u0131na kadar uzanan sald\u0131r\u0131 dalgas\u0131 ile bir avu\u00e7 mutlu az\u0131nl\u0131\u011f\u0131n d\u0131\u015f\u0131nda kalan herkese, hepimize rol ucuz emek cennetinin kat\u0131ks\u0131z k\u00f6leleri olma rol\u00fc bi\u00e7iliyor. Sa\u011flam hi\u00e7bir \u00e7ark\u0131 kalmayan bu bozuk d\u00fczenin enkaz\u0131 i\u015f\u00e7isinden kamu emek\u00e7isine, asgari \u00fccretlisinden emeklisine, \u00e7ift\u00e7isinden k\u00fc\u00e7\u00fck esnaf\u0131na halk\u0131n y\u00fczde 99&#8217;una y\u0131k\u0131lmak isteniyor. Bizler her ge\u00e7en g\u00fcn yoksulla\u015f\u0131rken y\u00fczde 1&#8217;lik az\u0131nl\u0131\u011f\u0131n zenginli\u011fi b\u00fcy\u00fcyor&#8221; denilen a\u00e7\u0131klamada, KESK&#8217;in kurulu\u015funun 28. y\u0131l d\u00f6n\u00fcm\u00fcn\u00fcn sadece bir kutlama g\u00fcn\u00fc de\u011fil m\u00fccadeleyi y\u00fckseltme kararl\u0131l\u0131\u011f\u0131n\u0131 hayk\u0131rd\u0131klar\u0131 bir g\u00fcn oldu\u011fu belirtildi.<\/p>\n<p><img loading=\"lazy\" decoding=\"async\" class=\"\" src=\"https:\/\/scontent.fyei6-1.fna.fbcdn.net\/v\/t1.15752-9\/403412547_244947145272587_4838056813394364230_n.jpg?_nc_cat=102&amp;ccb=1-7&amp;_nc_sid=8cd0a2&amp;_nc_ohc=g_5JL9mDw9UAX8vLN6d&amp;_nc_ht=scontent.fyei6-1.fna&amp;oh=03_AdSzoYLG8ISZfzkjV5_kxVo63e2JfPraqiCa8jm41QL93Q&amp;oe=659A5E63\" alt=\"A\u00e7\u0131klama yok.\" width=\"1076\" height=\"642\" \/><\/p>\n<p>KESK olarak en ba\u015f\u0131ndan itibaren &#8220;Hak verilmez, m\u00fccadele ile al\u0131n\u0131r&#8221; ilkesiyle yol al\u0131nd\u0131\u011f\u0131 vurgulanan a\u00e7\u0131klamada, &#8220;Bundan sonra da r\u00fczgar g\u00fcc\u00fcyle de\u011fil r\u00fczgara kar\u015f\u0131 durarak y\u00fckseltti\u011fimiz m\u00fccadele bayra\u011f\u0131m\u0131z\u0131 dalgaland\u0131rmaya devam edece\u011fiz. Ge\u00e7mi\u015ften gelece\u011fe uzanan y\u00fcr\u00fcy\u00fc\u015f\u00fcm\u00fczde eme\u011fin ortak m\u00fccadelesini ye\u015fertmek i\u00e7in kurulu\u015f ilkelerimize daha s\u0131k\u0131 sar\u0131laca\u011f\u0131z&#8221; denildi.<\/p>\n<p>A\u00e7\u0131klama, \u015f\u00f6yle devam etti: &#8220;Fa\u015fizme kar\u015f\u0131 demokrasi, emperyalizme kar\u015f\u0131 ba\u011f\u0131ms\u0131zl\u0131k, sava\u015fa kar\u015f\u0131 bar\u0131\u015f, bask\u0131lara kar\u015f\u0131 \u00f6zg\u00fcrl\u00fck, \u0131rk\u00e7\u0131l\u0131\u011fa ve \u015fovenizme kar\u015f\u0131 eme\u011fin birli\u011fi, halklar\u0131n karde\u015fli\u011fi ve gericili\u011fe kar\u015f\u0131 laiklik m\u00fccadelemizi kararl\u0131l\u0131kla s\u00fcrd\u00fcrece\u011fiz. &#8216;Bizi ezen, bir kenara iten, eme\u011fimizi g\u00f6r\u00fcnmez k\u0131lan, bedenlerimizi metala\u015ft\u0131ran erkek egemen sistemin \u00e7arklar\u0131na tak\u0131lan \u00e7ak\u0131l ta\u015f\u0131 olaca\u011f\u0131z&#8217; diyen kad\u0131nlar\u0131n m\u00fccadelesinin en \u00f6nemli \u00f6zneleri aras\u0131nda olmaya devam edece\u011fiz. Hakl\u0131 m\u00fccadelemizi bask\u0131 alt\u0131na almaya \u00e7al\u0131\u015fan, her t\u00fcrl\u00fc hukuk d\u0131\u015f\u0131 ve fiili uygulamalar kar\u015f\u0131s\u0131nda ge\u00e7mi\u015fte oldu\u011fu gibi bug\u00fcn de sessiz kalmayaca\u011f\u0131z. Bug\u00fcnden yar\u0131na umudu b\u00fcy\u00fctmeyi s\u00fcrd\u00fcrece\u011fiz.&#8221;<\/p>\n<p>\u00dclkenin emek\u00e7ilerinin hak ettikleri bir \u00fclke ve d\u00fcnyaya kavu\u015facaklar\u0131na dair inan\u00e7lar\u0131n\u0131n diri oldu\u011fu kaydedilen a\u00e7\u0131klamada, emek, demokrasi, bar\u0131\u015f ve karde\u015fli\u011fin er ya da ge\u00e7 kazanaca\u011f\u0131 vurguland\u0131.<\/p>\n<\/div>\n<\/div>\n<section class=\"section related-posts mt-40 mb-0\">\n<div class=\"title-wrap title-wrap--line title-wrap--pr\"><\/div>\n<\/section>\n","protected":false},"excerpt":{"rendered":"<p>28. kurulu\u015f y\u0131l d\u00f6n\u00fcm\u00fcne ili\u015fkin a\u00e7\u0131klama yapan KESK, &#8220;Bundan sonra da r\u00fczgar g\u00fcc\u00fcyle de\u011fil r\u00fczgara kar\u015f\u0131 durarak y\u00fckseltti\u011fimiz m\u00fccadele bayra\u011f\u0131m\u0131z\u0131<\/p>\n","protected":false},"author":1,"featured_media":1305,"comment_status":"open","ping_status":"closed","sticky":false,"template":"","format":"standard","meta":{"footnotes":""},"categories":[69,72],"tags":[],"class_list":["post-1304","post","type-post","status-publish","format-standard","has-post-thumbnail","hentry","category-emek-dunyasi","category-guncel"],"_links":{"self":[{"href":"https:\/\/dkder.org\/index.php\/wp-json\/wp\/v2\/posts\/1304","targetHints":{"allow":["GET"]}}],"collection":[{"href":"https:\/\/dkder.org\/index.php\/wp-json\/wp\/v2\/posts"}],"about":[{"href":"https:\/\/dkder.org\/index.php\/wp-json\/wp\/v2\/types\/post"}],"author":[{"embeddable":true,"href":"https:\/\/dkder.org\/index.php\/wp-json\/wp\/v2\/users\/1"}],"replies":[{"embeddable":true,"href":"https:\/\/dkder.org\/index.php\/wp-json\/wp\/v2\/comments?post=1304"}],"version-history":[{"count":2,"href":"https:\/\/dkder.org\/index.php\/wp-json\/wp\/v2\/posts\/1304\/revisions"}],"predecessor-version":[{"id":1307,"href":"https:\/\/dkder.org\/index.php\/wp-json\/wp\/v2\/posts\/1304\/revisions\/1307"}],"wp:featuredmedia":[{"embeddable":true,"href":"https:\/\/dkder.org\/index.php\/wp-json\/wp\/v2\/media\/1305"}],"wp:attachment":[{"href":"https:\/\/dkder.org\/index.php\/wp-json\/wp\/v2\/media?parent=1304"}],"wp:term":[{"taxonomy":"category","embeddable":true,"href":"https:\/\/dkder.org\/index.php\/wp-json\/wp\/v2\/categories?post=1304"},{"taxonomy":"post_tag","embeddable":true,"href":"https:\/\/dkder.org\/index.php\/wp-json\/wp\/v2\/tags?post=1304"}],"curies":[{"name":"wp","href":"https:\/\/api.w.org\/{rel}","templated":true}]}}