{"id":1381,"date":"2023-12-28T21:27:36","date_gmt":"2023-12-28T21:27:36","guid":{"rendered":"https:\/\/dkder.org\/?p=1381"},"modified":"2023-12-28T21:29:40","modified_gmt":"2023-12-28T21:29:40","slug":"yine-sefalet-ucreti-ilan-edildi","status":"publish","type":"post","link":"https:\/\/dkder.org\/index.php\/2023\/12\/28\/yine-sefalet-ucreti-ilan-edildi\/","title":{"rendered":"Y\u0130NE SEFALET \u00dcCRET\u0130 \u0130LAN ED\u0130LD\u0130!"},"content":{"rendered":"<p><strong>Sermayedarlar\u0131n devlet deste\u011fiyle kar\u0131na kar katarken, i\u015f\u00e7i ve emek\u00e7ilerin her g\u00fcn yoksulla\u015ft\u0131\u011f\u0131n\u0131n alt\u0131n\u0131 \u00e7izen \u0130\u015f\u00e7i Emek\u00e7i Birli\u011fi, asgari \u00fccretin a\u00e7l\u0131k s\u0131n\u0131r\u0131n\u0131n \u00fcst\u00fcnde olmas\u0131 gerekti\u011fini vurgulad\u0131. \u0130\u015f\u00e7i s\u0131n\u0131f\u0131n\u0131n m\u00fccadele tarihine dikkat \u00e7ekilen a\u00e7\u0131klamada, &#8220;Sefalete mahkum edenlere kar\u015f\u0131 i\u015fgal, grev, direni\u015f&#8221; \u00e7a\u011fr\u0131s\u0131 yap\u0131ld\u0131.<\/strong><\/p>\n<p>\u0130\u015f\u00e7i Emek\u00e7i Birli\u011fi, asgari \u00fccret ad\u0131 alt\u0131nda a\u00e7\u0131klanan 17 bin 2 liral\u0131k sefalet \u00fccretine kar\u015f\u0131 Kad\u0131k\u00f6y S\u00fcreyya Operas\u0131 \u00f6n\u00fcnde eylem yapt\u0131. &#8220;Sefalete mahkum edenlere kar\u015f\u0131 i\u015fgal, grev, direni\u015f&#8221; pankart\u0131n\u0131n a\u00e7\u0131ld\u0131\u011f\u0131 eylemde, i\u015fbirlik\u00e7i T\u00fcrk-\u0130\u015f Ba\u015fkan\u0131 Erg\u00fcn Atalay ve b\u00fcrokratlar\u0131n i\u015f\u00e7ileri bir kez daha patronlar\u0131n infaz\u0131na terk etti\u011fini belirten \u0130\u015f\u00e7i Emek\u00e7i Birli\u011fi, buna kar\u015f\u0131 m\u00fccadele \u00e7a\u011fr\u0131s\u0131 yapt\u0131.<\/p>\n<p>Eylemden \u00f6nce Kad\u0131k\u00f6y sokaklar\u0131nda halka y\u00f6nelik konu\u015fmalar yap\u0131ld\u0131, asgari \u00fccret s\u00fcrecini anlatan bildiri da\u011f\u0131t\u0131ld\u0131.<\/p>\n<p>Her g\u00fcn yoksullu\u011fun, i\u015fsizli\u011fin artt\u0131\u011f\u0131na, a\u00e7\u0131klanan yeni asgari \u00fccretle birlikte gelecek zam dalgas\u0131na dikkat \u00e7ekilen a\u00e7\u0131klamada, temel t\u00fcketim maddelerine her g\u00fcn zam geldi\u011fi vurguland\u0131.<\/p>\n<p>Eylemden s\u0131k s\u0131k, &#8220;\u0130\u015f\u00e7ilerin birli\u011fi sermayeyi yenecek&#8221;, &#8220;Kahrolsun \u00fccretli k\u00f6lelik d\u00fczeni&#8221;, &#8220;\u0130nsanca ya\u015fam sosyalizmde&#8221;, &#8220;\u0130\u015f\u00e7ilerin birli\u011fi sermayeyi yenecek&#8221;, &#8220;\u0130\u015fgal, grev, direni\u015f&#8221; slogan\u0131 y\u00fckseldi.<\/p>\n<p><strong>&#8216;ASGAR\u0130 \u00dcCRET YOKSULLUK SINIRININ \u00dcST\u00dcNDE OLMALI&#8217;<\/strong><br \/>\nBas\u0131n metnini okuyan Tu\u011fyen G\u00fcm\u00fc\u015fay, ekonomik krizin sadece i\u015f\u00e7i ve emek\u00e7iler i\u00e7in oldu\u011funu s\u00f6yledi ve ekledi: &#8220;Sermayedarlar, holdingler, bankalar i\u00e7in kriz yok. Onlar k\u00e2rlar\u0131n\u0131 s\u00fcrekli bizim s\u0131rt\u0131m\u0131zdan katl\u0131yorlar. Yeni a\u00e7\u0131klanan b\u00fct\u00e7e ile birlikte sermaye lehine milyarlarca lira vergi aff\u0131 \u00f6ng\u00f6r\u00fcl\u00fcrken; i\u015f\u00e7i ve emek\u00e7ilere sefalet dayat\u0131l\u0131yor. \u00a0Asgari \u00fccret zaml\u0131 haliyle dahi yoksulluk s\u0131n\u0131r\u0131n\u0131n kat be kat alt\u0131ndad\u0131r. Asgari \u00fccret yoksulluk s\u0131n\u0131r\u0131n\u0131n alt\u0131nda de\u011fil \u00fcst\u00fcnde olmal\u0131d\u0131r&#8221; dedi.<\/p>\n<p><strong>&#8216;GELECE\u011e\u0130M\u0130ZE SAH\u0130P \u00c7IKALIM&#8217;<\/strong><br \/>\nSermayedarlar\u0131n vergi bor\u00e7lar\u0131 silinirken, onlara te\u015fvik \u00fczerine te\u015fvik verilirken, i\u015f\u00e7iler, emek\u00e7iler s\u00f6z konusu olunca b\u00fct\u00e7e dengesi, enflasyon, cari a\u00e7\u0131\u011f\u0131n iktidar\u0131n akl\u0131na geldi\u011fini belirten G\u00fcm\u00fc\u015fay, &#8220;\u00c7\u00fcnk\u00fc sermaye yarar\u0131na \u00e7al\u0131\u015f\u0131yorlar. Sermayenin \u00e7\u0131karlar\u0131n\u0131 g\u00f6zetiyorlar. Onlar i\u00e7in \u00f6nemli olan hizmet ettikleri sermayenin \u00e7\u0131karlar\u0131d\u0131r. Bizim ad\u0131m\u0131za asgari \u00fccretin belirlenmesi oyununa son vermeliyiz! Asgari \u00fccreti belirleyen Asgari \u00dccret Tespit Komisyonu bizi temsil etmiyor. Birilerinin bizim ad\u0131m\u0131za karar vermesine, bizleri sefalete mahkum etmesine izin vermeyelim, gelece\u011fimize sahip \u00e7\u0131kal\u0131m&#8221; ifadelerini kulland\u0131.<\/p>\n<p><strong>&#8216;\u00dcCRETL\u0130 K\u00d6LEL\u0130K D\u00dcZEN\u0130NE KAR\u015eI M\u00dcCADELEY\u0130 B\u00dcY\u00dcTEL\u0130M&#8217;<\/strong><br \/>\n\u0130\u015f\u00e7i s\u0131n\u0131f\u0131n\u0131n m\u00fccadele tarihini hat\u0131rlatan G\u00fcm\u00fc\u015fay, &#8220;Bizler hayat\u0131 bilfiil yaratanlar\u0131z. \u0130nsanl\u0131\u011f\u0131n sahip oldu\u011fu t\u00fcm zenginli\u011fi \u00fcretenler; oturdu\u011fumuz binalar\u0131 in\u015fa edenler; sa\u011fl\u0131k, e\u011fitim, altyap\u0131 ve daha nice hizmeti sa\u011flayanlar bizleriz. Bizler hayat\u0131n her alan\u0131nday\u0131z. G\u00fcc\u00fcm\u00fcz i\u015fte buradan gelmektedir. \u00d6yleyse g\u00fcc\u00fcm\u00fcz\u00fc ortaya koymak, s\u00f6z\u00fcm\u00fcz\u00fc, taleplerimizi ortakla\u015ft\u0131rarak b\u00fcy\u00fctmek hi\u00e7 de zor de\u011fil. \u0130\u015fyerlerimizden ba\u015flayarak sokaklara, meydanlara i\u015f\u00e7i s\u0131n\u0131f\u0131n\u0131n s\u00f6z\u00fcn\u00fc ta\u015f\u0131yal\u0131m! Bizlere a\u00e7l\u0131k \u00fccretini dayatanlara kar\u015f\u0131 her yol ve ara\u00e7la direnmek me\u015frudur ve tek se\u00e7ene\u011fimizdir. &#8216;\u0130\u015fgal, grev, direni\u015f&#8217; \u015fiar\u0131yla hayat\u0131n her alan\u0131n\u0131 bir direni\u015f alan\u0131na \u00e7evirmek, kaderimizi elimize almak m\u00fcmk\u00fcn. \u00c7a\u011fr\u0131m\u0131z t\u00fcm i\u015f\u00e7i ve emek\u00e7ileredir; insanca ya\u015fanacak \u00fccret i\u00e7in, en temel hak ve \u00f6zg\u00fcrl\u00fcklerimiz i\u00e7in fabrikalarda, havzalarda, mahallelerde bir araya gelelim, \u00fccretli k\u00f6lelik d\u00fczenine kar\u015f\u0131 m\u00fccadeleyi b\u00fcy\u00fctelim&#8221; \u00e7a\u011fr\u0131s\u0131 yapt\u0131.<\/p>\n","protected":false},"excerpt":{"rendered":"<p>Sermayedarlar\u0131n devlet deste\u011fiyle kar\u0131na kar katarken, i\u015f\u00e7i ve emek\u00e7ilerin her g\u00fcn yoksulla\u015ft\u0131\u011f\u0131n\u0131n alt\u0131n\u0131 \u00e7izen \u0130\u015f\u00e7i Emek\u00e7i Birli\u011fi, asgari \u00fccretin a\u00e7l\u0131k<\/p>\n","protected":false},"author":1,"featured_media":1382,"comment_status":"open","ping_status":"closed","sticky":false,"template":"","format":"standard","meta":{"footnotes":""},"categories":[72],"tags":[],"class_list":["post-1381","post","type-post","status-publish","format-standard","has-post-thumbnail","hentry","category-guncel"],"_links":{"self":[{"href":"https:\/\/dkder.org\/index.php\/wp-json\/wp\/v2\/posts\/1381","targetHints":{"allow":["GET"]}}],"collection":[{"href":"https:\/\/dkder.org\/index.php\/wp-json\/wp\/v2\/posts"}],"about":[{"href":"https:\/\/dkder.org\/index.php\/wp-json\/wp\/v2\/types\/post"}],"author":[{"embeddable":true,"href":"https:\/\/dkder.org\/index.php\/wp-json\/wp\/v2\/users\/1"}],"replies":[{"embeddable":true,"href":"https:\/\/dkder.org\/index.php\/wp-json\/wp\/v2\/comments?post=1381"}],"version-history":[{"count":1,"href":"https:\/\/dkder.org\/index.php\/wp-json\/wp\/v2\/posts\/1381\/revisions"}],"predecessor-version":[{"id":1383,"href":"https:\/\/dkder.org\/index.php\/wp-json\/wp\/v2\/posts\/1381\/revisions\/1383"}],"wp:featuredmedia":[{"embeddable":true,"href":"https:\/\/dkder.org\/index.php\/wp-json\/wp\/v2\/media\/1382"}],"wp:attachment":[{"href":"https:\/\/dkder.org\/index.php\/wp-json\/wp\/v2\/media?parent=1381"}],"wp:term":[{"taxonomy":"category","embeddable":true,"href":"https:\/\/dkder.org\/index.php\/wp-json\/wp\/v2\/categories?post=1381"},{"taxonomy":"post_tag","embeddable":true,"href":"https:\/\/dkder.org\/index.php\/wp-json\/wp\/v2\/tags?post=1381"}],"curies":[{"name":"wp","href":"https:\/\/api.w.org\/{rel}","templated":true}]}}