{"id":1423,"date":"2024-01-03T10:50:45","date_gmt":"2024-01-03T10:50:45","guid":{"rendered":"https:\/\/dkder.org\/?p=1423"},"modified":"2024-01-03T10:50:45","modified_gmt":"2024-01-03T10:50:45","slug":"adanada-kesk-tuik-onunde-taleplerini-haykirdi-i-dkder-de-destek-verdi","status":"publish","type":"post","link":"https:\/\/dkder.org\/index.php\/2024\/01\/03\/adanada-kesk-tuik-onunde-taleplerini-haykirdi-i-dkder-de-destek-verdi\/","title":{"rendered":"Adana&#8217;da KESK T\u00dc\u0130K \u00f6n\u00fcnde taleplerini hayk\u0131rd\u0131 I DKDER de destek verdi"},"content":{"rendered":"<p>Adana&#8217;da KESK; &#8220;T\u00dc\u0130K rakamlar\u0131na eklenen birka\u00e7 puan\u0131n \u201crefah pay\u0131\u201d olarak yutturulmak istenmesinden art\u0131k b\u0131kt\u0131k&#8221;<\/p>\n<p>Adana&#8217;da KESK \u00dcyeleri T\u00dc\u0130K \u00f6n\u00fcnde taleplerini hayk\u0131rd\u0131. DKDER de eyleme kat\u0131larak destek verdi.<\/p>\n<p>KESK Adana \u015eubeler Platformunun eylemine \u0130HD, PSAKD, Halkevleri, CHP \u0130l Kad\u0131n Kollar\u0131 Ba\u015fkan\u0131 Av. Oya Tekin&#8217;de eyleme kat\u0131larak destek verdiler.<\/p>\n<p>KESK ad\u0131na bas\u0131n a\u00e7\u0131klamas\u0131n\u0131 SES Adana \u015eube E\u015fba\u015fkan\u0131 Erol Eren okudu.<\/p>\n<p>Eren s\u00f6zlerine \u015fu \u015fekilde devam etti;<\/p>\n<p>Uygulanan sermaye yanl\u0131s\u0131 politikalarla T\u00fcrkiye\u2019de \u00e7ocu\u011fundan ya\u015fl\u0131s\u0131na, kad\u0131n\u0131ndan erke\u011fine, emek\u00e7inden i\u015f\u00e7isine herkes yoksullu\u011fun pen\u00e7esine hapsedildi. Toplumun b\u00fct\u00fcn kesimleri en temel ya\u015famsal ihtiya\u00e7lar\u0131n\u0131 kar\u015f\u0131lamakta dahi g\u00fc\u00e7l\u00fck \u00e7eker hale getirildi. Art\u0131k yoksulluk de\u011fil, derinle\u015fen yoksulluktan s\u00f6z eder olduk.<\/p>\n<p>Daha 2024 y\u0131l\u0131n\u0131n ilk saatlerinde g\u00f6zlerimizi vergilerde, har\u00e7larda, cezalarda, k\u00f6pr\u00fc ve otoyol ge\u00e7i\u015f \u00fccretlerine yap\u0131lan zamlarla a\u00e7t\u0131k. Bu zamlar, di\u011fer \u00fcr\u00fcnlere yap\u0131lacak olan zamlar\u0131n habercisidir. Hal b\u00f6yleyken inan\u0131rl\u0131\u011f\u0131n\u0131 yitiren T\u00dc\u0130K ba\u015fka alemlerde ya\u015famaya, uydurma enflasyon verileriyle emek\u00e7inin, emeklinin, i\u015f\u00e7inin yoksullu\u011funu daha da derinle\u015ftirmeye devam ediyor.<\/p>\n<p>Resmi enflasyon rakamlar\u0131 bug\u00fcn a\u00e7\u0131kland\u0131. T\u00dc\u0130K\u2019e g\u00f6re enflasyon; ayl\u0131k y\u00fczde 2.93, alt\u0131 ayl\u0131k y\u00fczde 37.5, y\u0131ll\u0131k y\u00fczde 64.77 olmu\u015ftur.<\/p>\n<p>Ba\u011f\u0131ms\u0131z iktisat\u00e7\u0131lardan olu\u015fan Enflasyon Ara\u015ft\u0131rma Grubu (ENAG)\u2019\u0131n bug\u00fcn a\u00e7\u0131klad\u0131\u011f\u0131 verilerine g\u00f6re aral\u0131k ay\u0131nda enflasyon ayl\u0131k y\u00fczde 4.12 artm\u0131\u015ft\u0131r, \u00a0y\u0131ll\u0131k ise y\u00fczde 127.21 olarak ger\u00e7ekle\u015fmi\u015ftir.<\/p>\n<p>T\u00dc\u0130K, her zaman yapt\u0131\u011f\u0131na bir yenisini eklemi\u015ftir bug\u00fcn; ya\u015fanan ger\u00e7ek hayat pahal\u0131l\u0131\u011f\u0131n\u0131 resmi rakamlar ile adeta bir kara delik gibi yutmu\u015ftur. Emekli ve emek\u00e7ilerin maa\u015f zamlar\u0131 T\u00dc\u0130K\u2019in a\u00e7\u0131klad\u0131\u011f\u0131 alt\u0131 ayl\u0131k enflasyon oran\u0131na g\u00f6re yap\u0131laca\u011f\u0131ndan \u00fccretlerimizi de kara delik gibi yutmu\u015flard\u0131r. T\u00dc\u0130K\u2019in a\u00e7\u0131klad\u0131\u011f\u0131 enflasyon oran\u0131yla ENAG\u2019\u0131n a\u00e7\u0131klad\u0131\u011f\u0131 enflasyon oran\u0131 aras\u0131nda a\u00e7\u0131lan makas\u0131 herkes g\u00f6r\u00fcyor, herkes biliyor.<\/p>\n<p>Soruyoruz; gelir da\u011f\u0131l\u0131m\u0131ndaki dengesizli\u011fe, adaletsizli\u011fe yol a\u00e7acak bu durum adil midir?<\/p>\n<p>Her \u015feyden \u00f6nce bug\u00fcn T\u00dc\u0130K taraf\u0131ndan a\u00e7\u0131klanan rakamlar iktidar\u0131n y\u0131llard\u0131r s\u00fcrd\u00fcrd\u00fc\u011f\u00fc ya\u015fanan ger\u00e7ek enflasyonu perdeleme, enflasyonu d\u00fc\u015f\u00fck g\u00f6stererek milyonlarca \u00e7al\u0131\u015fan\u0131n maa\u015f\u0131n\u0131, \u00fccretini d\u00fc\u015f\u00fck g\u00f6sterme politikas\u0131n\u0131n \u00fcr\u00fcn\u00fcd\u00fcr. \u00dccretlerimizi eritirken sermayeyi b\u00fcy\u00fctme \u00e7abas\u0131d\u0131r.<\/p>\n<p>Dolay\u0131s\u0131yla iktidar\u0131n \u201cenflasyonu d\u00fc\u015f\u00fcrd\u00fck\u201d a\u00e7\u0131klamalar\u0131n\u0131n, sahte T\u00dc\u0130K rakamlar\u0131n\u0131n \u00fczerine birka\u00e7 puan ekleyerek yap\u0131lan \u00fccret zamlar\u0131n\u0131n hi\u00e7bir kar\u015f\u0131l\u0131\u011f\u0131 olmad\u0131\u011f\u0131n\u0131 deneyimledik ve daha da yoksulla\u015ft\u0131r\u0131lmak istendi\u011fimizi g\u00f6rd\u00fck.<\/p>\n<p>Halk\u0131n b\u00fcy\u00fck kesiminin verilerinin sahte oldu\u011funu bildi\u011fi T\u00dc\u0130K\u2019in enflasyon oranlar\u0131yla yap\u0131lan \u00fccret art\u0131\u015flar\u0131na kar\u015f\u0131l\u0131k, her g\u00fcn \u00fczerimize ya\u011fmur gibi ya\u011fan zamlarla artan hayat pahal\u0131l\u0131\u011f\u0131n\u0131 iliklerimize kadar ya\u015famaya devam etmekten yorulduk.<\/p>\n<p>\u00dclkeyi y\u00f6netenler bug\u00fcne kadar onlarca Ali Cengiz oyunu ile ya\u015fad\u0131\u011f\u0131m\u0131z ger\u00e7ek enflasyonu gizlemeyi bir s\u00fcreli\u011fine ba\u015fard\u0131lar. Ama geldi\u011fimiz noktada y\u0131llard\u0131r sahnelenen bu oyunlar\u0131n sonu\u00e7lar\u0131n\u0131 gizlemek art\u0131k m\u00fcmk\u00fcn de\u011fildir.<\/p>\n<p>Aral\u0131k ay\u0131 verilerine g\u00f6re, a\u00e7l\u0131k s\u0131n\u0131r\u0131n\u0131n\u00a0 16 bin 483 liraya, yoksulluk s\u0131n\u0131r\u0131n\u0131n 46 bin 837 liraya y\u00fckseldi\u011fi g\u00fcn\u00fcm\u00fczde \u00fclkedeki her be\u015f ki\u015fiden biri a\u00e7l\u0131k s\u0131n\u0131r\u0131 alt\u0131nda bir gelirle ya\u015famaya \u00e7al\u0131\u015fmaktad\u0131r.<\/p>\n<p>Asgari \u00fccretin a\u00e7\u0131kland\u0131\u011f\u0131 27 Aral\u0131k tarihinden hemen sonra sadece 7 g\u00fcn i\u00e7inde Motorlu Ta\u015f\u0131tlar Vergisine y\u00fczde 58.46, kamuya ait otoyol ve k\u00f6pr\u00fc ge\u00e7i\u015f \u00fccretlerine y\u00fczde 76, Yap-\u0130\u015flet-Devret modeliyle i\u015fletilen otoyol ve k\u00f6pr\u00fc ge\u00e7i\u015f \u00fccretlerine y\u00fczde 50 oran\u0131nda zam yap\u0131lm\u0131\u015ft\u0131r. Elektrikten do\u011falgaza, g\u0131da \u00fcr\u00fcnlerinden kiralara kadar uzanan zam kas\u0131rgas\u0131 h\u0131z kesmeden s\u00fcrmektedir.<\/p>\n<p>20 y\u0131l \u00f6nce en d\u00fc\u015f\u00fck emekli maa\u015f\u0131 asgari \u00fccretin \u00fczerinde iken bug\u00fcn her d\u00f6rt emekliden \u00fc\u00e7\u00fc asgari \u00fccretin yar\u0131s\u0131na bile ula\u015fmayan sefalet ayl\u0131\u011f\u0131 ile ya\u015fam m\u00fccadelesi vermektedir.<\/p>\n<p>Geriye kalan \u00e7al\u0131\u015fanlar i\u00e7in ise T\u00fcrkiye Asgari \u00dccretliler \u00dclkesine d\u00f6n\u00fc\u015ft\u00fcr\u00fclm\u00fc\u015ft\u00fcr. Her iki \u00e7al\u0131\u015fandan biri asgari \u00fccretlidir. Bu kadar geni\u015f bir kesime reva g\u00f6r\u00fclen asgari \u00fccret ise son art\u0131\u015fa ra\u011fmen daha ceplere bile girmeden a\u00e7l\u0131k s\u0131n\u0131r\u0131 alt\u0131nda kalm\u0131\u015ft\u0131r.<\/p>\n<p>6,5 milyon kamu emek\u00e7isi ve emekli, yanda\u015f konfederasyonlar\u0131n ve iktidar\u0131n sahte enflasyon rakamlar\u0131n\u0131 bir kuru\u015f a\u015fmayan T\u0130S mutabakatlar\u0131n\u0131n bedelini y\u0131llard\u0131r \u00f6demeye devam etmektedir.<\/p>\n<p>Geldi\u011fimiz noktada T\u00fcrkiye&#8217;de asgari \u00fccret giderek ortalama \u00fccret haline geliyor. Devlet dairelerine bile \u201cbu i\u015fyerinde asgari \u00fccret uygulanmaktad\u0131r\u201d tabelalar\u0131 as\u0131lmas\u0131na ramak kalm\u0131\u015ft\u0131r.<\/p>\n<p>Bu durumun nedenleri aras\u0131nda;<\/p>\n<p>-Ger\u00e7ekleri ters y\u00fcz etmek i\u00e7in takla att\u0131r\u0131lan T\u00dc\u0130K rakamlar\u0131 bulunmaktad\u0131r.<\/p>\n<p>-Resmi enflasyonun yoksulun cebinden al\u0131nan bir vergiye d\u00f6n\u00fc\u015ft\u00fcr\u00fclmesi, bu verginin zenginin cebine aktar\u0131lmas\u0131 bulunmaktad\u0131r.<\/p>\n<p>-Eme\u011fin ulusal gelirden ald\u0131\u011f\u0131 pay\u0131 d\u00fc\u015f\u00fcren politikalar\u0131 hayata ge\u00e7irip b\u00fcy\u00fcme nutuklar\u0131na, istikrar nutuklar\u0131na halk\u0131n inanmas\u0131n\u0131 beklemek bulunmaktad\u0131r.<\/p>\n<p>Yine belirtelim ki resmi enflasyon rakamlar\u0131na g\u00f6re yap\u0131lan maa\u015f-\u00fccret art\u0131\u015flar\u0131 ile her g\u00fcn daha fazla yoksulla\u015ft\u0131r\u0131lmaktan b\u0131kt\u0131k.<\/p>\n<p>Bu sahte T\u00dc\u0130K rakamlar\u0131n\u0131n \u00fczerine eklenen birka\u00e7 puan\u0131n \u201crefah pay\u0131\u201d olarak yutturulmak istenmesinden art\u0131k b\u0131kt\u0131k.<\/p>\n<p>KESK olarak memur ve emekli maa\u015flar\u0131 insanca ya\u015famaya yetecek yoksulluk s\u0131n\u0131r\u0131n\u0131n \u00fczerinde olacak \u015fekilde art\u0131r\u0131ls\u0131n diyoruz.<\/p>\n<p>KESK olarak bu s\u00f6m\u00fcr\u00fc ve yoksulluk d\u00fczenin ma\u011fduru t\u00fcm kesimleri insanca ya\u015famaya yetecek bir \u00fccret, g\u00fcvenceli i\u015f, g\u00fcvenli gelecek ve adil bir vergi sistemi i\u00e7in birlikte m\u00fccadeleye \u00e7a\u011f\u0131r\u0131yoruz.<\/p>\n<p>KESK olarak, iktidarlardan icazet beklemek yerine her zaman oldu\u011fu gibi insanca ya\u015famaya yetecek \u00fccret i\u00e7in \u201cHAK VER\u0130LMEZ, M\u00dcCADELE \u0130LE ALINIR\u201d \u015fiar\u0131 ile t\u00fcm yurtta alanlarda olmaya, sokaklarda ve meydanlarda s\u00f6z\u00fcm\u00fcz\u00fc s\u00f6ylemeye \u00a0devam edece\u011fiz.<\/p>\n","protected":false},"excerpt":{"rendered":"<p>Adana&#8217;da KESK; &#8220;T\u00dc\u0130K rakamlar\u0131na eklenen birka\u00e7 puan\u0131n \u201crefah pay\u0131\u201d olarak yutturulmak istenmesinden art\u0131k b\u0131kt\u0131k&#8221; Adana&#8217;da KESK \u00dcyeleri T\u00dc\u0130K \u00f6n\u00fcnde taleplerini<\/p>\n","protected":false},"author":1,"featured_media":1424,"comment_status":"closed","ping_status":"closed","sticky":false,"template":"","format":"standard","meta":{"footnotes":""},"categories":[72],"tags":[],"class_list":["post-1423","post","type-post","status-publish","format-standard","has-post-thumbnail","hentry","category-guncel"],"_links":{"self":[{"href":"https:\/\/dkder.org\/index.php\/wp-json\/wp\/v2\/posts\/1423","targetHints":{"allow":["GET"]}}],"collection":[{"href":"https:\/\/dkder.org\/index.php\/wp-json\/wp\/v2\/posts"}],"about":[{"href":"https:\/\/dkder.org\/index.php\/wp-json\/wp\/v2\/types\/post"}],"author":[{"embeddable":true,"href":"https:\/\/dkder.org\/index.php\/wp-json\/wp\/v2\/users\/1"}],"replies":[{"embeddable":true,"href":"https:\/\/dkder.org\/index.php\/wp-json\/wp\/v2\/comments?post=1423"}],"version-history":[{"count":1,"href":"https:\/\/dkder.org\/index.php\/wp-json\/wp\/v2\/posts\/1423\/revisions"}],"predecessor-version":[{"id":1425,"href":"https:\/\/dkder.org\/index.php\/wp-json\/wp\/v2\/posts\/1423\/revisions\/1425"}],"wp:featuredmedia":[{"embeddable":true,"href":"https:\/\/dkder.org\/index.php\/wp-json\/wp\/v2\/media\/1424"}],"wp:attachment":[{"href":"https:\/\/dkder.org\/index.php\/wp-json\/wp\/v2\/media?parent=1423"}],"wp:term":[{"taxonomy":"category","embeddable":true,"href":"https:\/\/dkder.org\/index.php\/wp-json\/wp\/v2\/categories?post=1423"},{"taxonomy":"post_tag","embeddable":true,"href":"https:\/\/dkder.org\/index.php\/wp-json\/wp\/v2\/tags?post=1423"}],"curies":[{"name":"wp","href":"https:\/\/api.w.org\/{rel}","templated":true}]}}