{"id":1450,"date":"2024-01-10T19:03:25","date_gmt":"2024-01-10T19:03:25","guid":{"rendered":"https:\/\/dkder.org\/?p=1450"},"modified":"2024-01-10T19:03:25","modified_gmt":"2024-01-10T19:03:25","slug":"gercek-issiz-sayisi-87-milyon","status":"publish","type":"post","link":"https:\/\/dkder.org\/index.php\/2024\/01\/10\/gercek-issiz-sayisi-87-milyon\/","title":{"rendered":"Ger\u00e7ek i\u015fsiz say\u0131s\u0131 8,7 milyon"},"content":{"rendered":"<p>T\u00dc\u0130K i\u015fsizlik verilerini a\u00e7\u0131klad\u0131, i\u015fsiz say\u0131s\u0131n\u0131n 2023 y\u0131l\u0131n\u0131n Kas\u0131m ay\u0131nda 3,1 milyon oldu\u011funu iddia etti. D\u0130SK-AR ise yay\u0131nlad\u0131\u011f\u0131 raporda geni\u015f tan\u0131ml\u0131 i\u015fsiz say\u0131s\u0131n\u0131n 3,1 de\u011fil 8,7 milyon oldu\u011funa dikkat \u00e7ekti.<\/p>\n<p>T\u00fcrkiye \u0130statistik Kurumu (T\u00dc\u0130K) i\u015fsizlik verilerini a\u00e7\u0131klad\u0131. T\u00dc\u0130K verilerine g\u00f6re; 15 ve daha yukar\u0131 ya\u015ftaki ki\u015filerde i\u015fsiz say\u0131s\u0131 2023 y\u0131l\u0131 Kas\u0131m ay\u0131nda bir \u00f6nceki aya g\u00f6re 115 bin ki\u015fi artarak, 3 milyon 116 bin ki\u015fi oldu. \u0130\u015fsizlik oran\u0131 ise 0,4 puan artarak y\u00fczde 9,0 seviyesinde ger\u00e7ekle\u015fti.<\/p>\n<p>\u0130\u015fsizlik oran\u0131 erkeklerde y\u00fczde 7,5 iken kad\u0131nlarda y\u00fczde 11,8 olarak kaydedildi.<\/p>\n<p><strong>D\u0130SK-AR: GEN\u0130\u015e TANIMLI \u0130\u015eS\u0130ZL\u0130K Y\u00dcZDE 22,7<\/strong><br \/>\n\u00d6te yandan Devrimci \u0130\u015f\u00e7i Sendikalar\u0131 Konfederasyonu Ara\u015ft\u0131rma Merkezi (D\u0130SK-AR) taraf\u0131ndan T\u00dc\u0130K verilerinden yararlan\u0131larak haz\u0131rlanan i\u015fsizlik raporuna g\u00f6re, mevsim etkisinden ar\u0131nd\u0131r\u0131lm\u0131\u015f geni\u015f tan\u0131ml\u0131 i\u015fsiz say\u0131s\u0131 2023&#8217;\u00fcn Kas\u0131m ay\u0131nda 8 milyon 671 bin ki\u015fi olarak ger\u00e7ekle\u015fti.<\/p>\n<p>T\u00dc\u0130K&#8217;e g\u00f6re pandemi \u00f6ncesinde, 2019 Kas\u0131m&#8217;da y\u00fczde 13,3 olan dar tan\u0131ml\u0131 i\u015fsizlik Kas\u0131m 2023&#8217;te y\u00fczde 9 olarak ger\u00e7ekle\u015fti. Ancak ayn\u0131 y\u0131llarda geni\u015f tan\u0131ml\u0131 i\u015fsizlik y\u00fczde 18,4&#8217;ten y\u00fczde 22,7&#8217;e y\u00fckseldi. Son 1 y\u0131lda geni\u015f tan\u0131ml\u0131 i\u015fsiz say\u0131s\u0131 795 bin artarak 7,8 milyondan 8,6 milyona y\u00fckseldi. Covid-19 salg\u0131n\u0131 sonras\u0131 geni\u015f tan\u0131ml\u0131 i\u015fsizlik oran\u0131 4,3 puan, geni\u015f tan\u0131ml\u0131 i\u015fsiz say\u0131s\u0131 ise 2 milyon 285 bin ki\u015fi artt\u0131.<\/p>\n<p>\u0130\u015eKUR&#8217;un Kas\u0131m 2023 verilerine g\u00f6re ise bu ayda i\u015fsizlik \u00f6dene\u011fi alabilenlerin say\u0131s\u0131 370 bin civar\u0131ndad\u0131r. B\u00f6ylece Kas\u0131m 2023&#8217;te resmi i\u015fsizlerin sadece y\u00fczde 11,9&#8217;u i\u015fsizlik \u00f6dene\u011fi alabildi. 2,7 milyonu a\u015fk\u0131n i\u015fsiz i\u015fsizlik \u00f6dene\u011finden yoksun kald\u0131. Bu da i\u015fsizlerin y\u00fczde 88&#8217;inin i\u015fsizlik \u00f6dene\u011fi alamad\u0131\u011f\u0131 anlam\u0131na geliyor.<\/p>\n<p>Raporun tamam\u0131na\u00a0<a href=\"https:\/\/arastirma.disk.org.tr\/wp-content\/uploads\/2024\/01\/ISSIZLIK-ve-istihdam-raporu-ocak-2024.pdf\">buradan<\/a>\u00a0ula\u015fabilirsiniz.<\/p>\n","protected":false},"excerpt":{"rendered":"<p>T\u00dc\u0130K i\u015fsizlik verilerini a\u00e7\u0131klad\u0131, i\u015fsiz say\u0131s\u0131n\u0131n 2023 y\u0131l\u0131n\u0131n Kas\u0131m ay\u0131nda 3,1 milyon oldu\u011funu iddia etti. D\u0130SK-AR ise yay\u0131nlad\u0131\u011f\u0131 raporda geni\u015f<\/p>\n","protected":false},"author":1,"featured_media":1451,"comment_status":"closed","ping_status":"closed","sticky":false,"template":"","format":"standard","meta":{"footnotes":""},"categories":[72],"tags":[],"class_list":["post-1450","post","type-post","status-publish","format-standard","has-post-thumbnail","hentry","category-guncel"],"_links":{"self":[{"href":"https:\/\/dkder.org\/index.php\/wp-json\/wp\/v2\/posts\/1450","targetHints":{"allow":["GET"]}}],"collection":[{"href":"https:\/\/dkder.org\/index.php\/wp-json\/wp\/v2\/posts"}],"about":[{"href":"https:\/\/dkder.org\/index.php\/wp-json\/wp\/v2\/types\/post"}],"author":[{"embeddable":true,"href":"https:\/\/dkder.org\/index.php\/wp-json\/wp\/v2\/users\/1"}],"replies":[{"embeddable":true,"href":"https:\/\/dkder.org\/index.php\/wp-json\/wp\/v2\/comments?post=1450"}],"version-history":[{"count":1,"href":"https:\/\/dkder.org\/index.php\/wp-json\/wp\/v2\/posts\/1450\/revisions"}],"predecessor-version":[{"id":1452,"href":"https:\/\/dkder.org\/index.php\/wp-json\/wp\/v2\/posts\/1450\/revisions\/1452"}],"wp:featuredmedia":[{"embeddable":true,"href":"https:\/\/dkder.org\/index.php\/wp-json\/wp\/v2\/media\/1451"}],"wp:attachment":[{"href":"https:\/\/dkder.org\/index.php\/wp-json\/wp\/v2\/media?parent=1450"}],"wp:term":[{"taxonomy":"category","embeddable":true,"href":"https:\/\/dkder.org\/index.php\/wp-json\/wp\/v2\/categories?post=1450"},{"taxonomy":"post_tag","embeddable":true,"href":"https:\/\/dkder.org\/index.php\/wp-json\/wp\/v2\/tags?post=1450"}],"curies":[{"name":"wp","href":"https:\/\/api.w.org\/{rel}","templated":true}]}}