{"id":1563,"date":"2024-02-03T21:18:13","date_gmt":"2024-02-03T21:18:13","guid":{"rendered":"https:\/\/dkder.org\/?p=1563"},"modified":"2024-02-03T21:19:53","modified_gmt":"2024-02-03T21:19:53","slug":"devrimci-ilke-ve-etik-kurallarimiz","status":"publish","type":"post","link":"https:\/\/dkder.org\/index.php\/2024\/02\/03\/devrimci-ilke-ve-etik-kurallarimiz\/","title":{"rendered":"DEVR\u0130MC\u0130 \u0130LKE VE ET\u0130K KURALLARIMIZ"},"content":{"rendered":"<p>(Kongre Kararlar\u0131m\u0131zdan)<\/p>\n<p>Dostluk ve K\u00fclt\u00fcr Derne\u011fi(DKDER) bilimsel sosyalizm rehberli\u011finde, devrim ve sosyalizm m\u00fccadelesi kapsam\u0131nda siyasi, ekonomik, demokratik, akademik, k\u00fclt\u00fcrel ve sosyal alanlarda m\u00fccadele y\u00fcr\u00fcten, yolda\u015fl\u0131k hukuku, devrimci ilke ve etik de\u011ferler ile y\u00fcr\u00fcyen bir demokratik kitle \u00f6rg\u00fct\u00fcd\u00fcr.<\/p>\n<p>DKDER kendini t\u00fcz\u00fc\u011f\u00fcnde kimli\u011fini net olarak tan\u0131mlam\u0131\u015f, m\u00fccadele ve \u00e7al\u0131\u015fma program\u0131n\u0131 da sosyalist bir kurum olman\u0131n sorumlulu\u011fu ile belirlemi\u015ftir.<\/p>\n<p>Hi\u00e7 ku\u015fkusuz her \u00f6rg\u00fctlenme disiplinli, ilkeli, etik kurallara ba\u011fl\u0131 m\u00fccadele etti\u011finde daha ba\u015far\u0131l\u0131 olur ve daha az sorunlu yol al\u0131r. Bu ise esasta devrimci ilkeleri kavray\u0131\u015f, devrimci k\u00fclt\u00fcr\u00fc \u00f6z\u00fcmseyi\u015f ile do\u011frudan ba\u011flant\u0131l\u0131d\u0131r.<\/p>\n<p>\u00dcyelerimizin devrimci k\u00fclt\u00fcr, disiplin ve etik kurallar\u0131 bilen yolda\u015flar oldu\u011funu bilerek, ancak bunlar\u0131 her f\u0131rsatta hat\u0131rlama ve hat\u0131rlatman\u0131n derne\u011fimizi g\u00fc\u00e7lendirece\u011fini, yolda\u015flar\u0131m\u0131z aras\u0131ndaki yolda\u015fl\u0131k ili\u015fkilerini ve hukukunu \u00e7ok daha d\u00fczenli k\u0131laca\u011f\u0131n\u0131 d\u00fc\u015f\u00fcn\u00fcyoruz.<\/p>\n<p>DKDER \u00fcyeleri, gerek derne\u011fimize kar\u015f\u0131 gerek yolda\u015flar\u0131na kar\u015f\u0131 devrimci ilkeler, etik kurallar ve yolda\u015fl\u0131k hukuku ile hareket etmek durumundad\u0131r. Sekterizm ve liberalizme d\u00fc\u015fmeden, birbirimizin hak ve hukukunu \u00e7i\u011fnemeden, adil bir davran\u0131\u015f bi\u00e7imi sergilemek durumundad\u0131r.<\/p>\n<p>\u00dcyelerimiz gerek derne\u011fimiz gerek yolda\u015flar\u0131n eksik ve hatalar\u0131 kar\u015f\u0131s\u0131nda ele\u015ftiri ve \u00f6zele\u015ftiri mekan\u0131zmas\u0131n\u0131 \u00e7al\u0131\u015ft\u0131rmal\u0131d\u0131r. Ele\u015ftiri ve \u00f6zele\u015ftiri d\u00fczeltmek, katk\u0131da bulunmak, g\u00fc\u00e7lendirmek, do\u011fru y\u00f6ne \u00e7ekmek i\u00e7in yap\u0131ld\u0131\u011f\u0131nda ele\u015ftiri olur. Ele\u015ftiri ve \u00f6zele\u015ftiride \u00fcslup, d\u00fcr\u00fcstl\u00fck, dil, yer, zaman ve mekan \u00e7ok \u00f6nemlidir. Bu y\u00fczden her ele\u015ftiri mutlaka bizzat muhatab\u0131na iletilmelidir. Yolda\u015flar kendi aralar\u0131nda \u00e7\u00f6zmeyi ba\u015farabilmelidir. \u00c7\u00fcnk\u00fc, sorunu \u00e7\u0131karanlar \u00e7\u00f6zemiyorsa, ba\u015fkalar\u0131n\u0131n \u00e7\u00f6zmesi de daha zordur. Ki\u015filer aras\u0131nda \u00e7\u00f6z\u00fcm bulunamad\u0131\u011f\u0131nda ise yetkili organlara iletilmelidir.<\/p>\n<p>Bu kuraldan hareketle, muhatab\u0131na bizzat iletilmeyen veya \u00e7\u00f6z\u00fcm bulunmad\u0131\u011f\u0131nda organlara iletilmeyen konular, ad\u0131na ele\u015ftiri dense de bu ele\u015ftiri de\u011fil dedikodu ve de\u011fersizle\u015ftirmedir. Bu y\u00fczden, ele\u015ftiride bu devrimci yolu izlemeyenler ile uyar\u0131lara ra\u011fmen devam etmesi durumunda, bir karar almaya gerek kalmaks\u0131z\u0131n yollar\u0131m\u0131z ayr\u0131lmal\u0131d\u0131r. \u00c7\u00fcnk\u00fc, bu davran\u0131\u015f\u0131n ne derne\u011fimize, ne m\u00fccadelemize ne de yolda\u015flar\u0131m\u0131za bir yarar\u0131 yoktur.<\/p>\n<p>Bu ilkeler, etik kurallar ve devrimci davran\u0131\u015f bi\u00e7imlerimiz sadece \u00fcyeler aras\u0131nda de\u011fil, \u00fcyelerimiz ile derne\u011fimiz dostlar\u0131 aras\u0131ndaki ili\u015fkilerde de ge\u00e7erlidir.<\/p>\n<p>Bu arada \u00f6nemli bir noktay\u0131 vurgulamak laz\u0131m. Ele\u015ftiri \u00f6zele\u015ftiri mekan\u0131zmas\u0131n\u0131 \u00e7al\u0131\u015ft\u0131r\u0131rken t\u00fcm \u00fcyeler olarak \u00f6ncelikle kendimizi s\u0131k s\u0131k sorgulamay\u0131, \u00f6zele\u015ftiri yapmay\u0131 \u00f6ne \u00e7\u0131karmal\u0131y\u0131z. \u00d6nemli olan kendi davran\u0131\u015flar\u0131m\u0131za, eksik ve hatalar\u0131m\u0131za ac\u0131mas\u0131z davranabilmektir.<\/p>\n<p>\u00dcyeler olarak uymam\u0131z gereken etik kurallardan biri de, \u00fcyelerimiz aras\u0131ndaki olas\u0131 i\u00e7 tart\u0131\u015fmalar\u0131 \u00fcyelerimiz d\u0131\u015f\u0131na aktarmamakt\u0131r. \u0130\u00e7 bilgileri d\u0131\u015far\u0131ya ta\u015f\u0131mamakt\u0131r. Zaten aktar\u0131lmas\u0131 gereken kararlar ilgili organlar taraf\u0131ndan aktar\u0131lmaktad\u0131r.<\/p>\n<p>Bir \u00f6rg\u00fctlenmede en tehlikeli, yolda\u015f\u00e7a ve etik olmayan bir davran\u0131\u015f bi\u00e7imi de grupla\u015fma, siyasal ve \u00f6rg\u00fctsel ilkelerden kopuk ili\u015fki bi\u00e7imlerinin kurulmas\u0131d\u0131r. Bir yap\u0131y\u0131 niyet ne olursa olsun bu davran\u0131\u015f bi\u00e7imleri, \u00e7ifte standart yakla\u015f\u0131m bi\u00e7imleri zay\u0131flatmaya, par\u00e7alamaya hizmet eder.<\/p>\n<p>Devrimci g\u00fc\u00e7leri, kurumlar\u0131 ele\u015ftirirken, \u00fcyeler olarak dikkat etmemiz gereken bir hususta, ele\u015ftirilerimizi ki\u015fiselle\u015ftirmeye ka\u00e7mamal\u0131, istemeyerek de olsa de\u011fersizle\u015ftirme ve itibars\u0131zla\u015ft\u0131rmaya hizmet etmemelidir.<\/p>\n<p>Bug\u00fcne kadar birlikte devrimci m\u00fccadelemizi omuzlad\u0131\u011f\u0131m\u0131z ge\u00e7mi\u015f s\u00fcrecin yolda\u015flar\u0131na kar\u015f\u0131 da dostluk- ele\u015ftiri- dostluk d\u00fc\u015f\u00fcncesi ile hareket etmek durumunday\u0131z. Sekter, rencide edici, ge\u00e7mi\u015f emeklerini yok sayan, k\u00fc\u00e7\u00fcmseyen t\u00fcrden hatalara d\u00fc\u015f\u00fclmemelidir.<\/p>\n<p>\u0130deolojimiz sa\u011flam, ge\u00e7mi\u015fimiz tecr\u00fcbelerle dolu. M\u00fccadelede samimiyetimiz ve kararl\u0131l\u0131\u011f\u0131m\u0131z var. Yolda\u015f\u00e7a, omuz omuza vererek, ben de\u011fil biz k\u00fclt\u00fcr\u00fc ile mutlaka ba\u015faraca\u011f\u0131z.<\/p>\n<p>Yolda\u015f\u00e7a!<\/p>\n<p>DKDER Kolektifi<\/p>\n","protected":false},"excerpt":{"rendered":"<p>(Kongre Kararlar\u0131m\u0131zdan) Dostluk ve K\u00fclt\u00fcr Derne\u011fi(DKDER) bilimsel sosyalizm rehberli\u011finde, devrim ve sosyalizm m\u00fccadelesi kapsam\u0131nda siyasi, ekonomik, demokratik, akademik, k\u00fclt\u00fcrel ve<\/p>\n","protected":false},"author":1,"featured_media":1566,"comment_status":"closed","ping_status":"closed","sticky":false,"template":"","format":"standard","meta":{"footnotes":""},"categories":[72],"tags":[],"class_list":["post-1563","post","type-post","status-publish","format-standard","has-post-thumbnail","hentry","category-guncel"],"_links":{"self":[{"href":"https:\/\/dkder.org\/index.php\/wp-json\/wp\/v2\/posts\/1563","targetHints":{"allow":["GET"]}}],"collection":[{"href":"https:\/\/dkder.org\/index.php\/wp-json\/wp\/v2\/posts"}],"about":[{"href":"https:\/\/dkder.org\/index.php\/wp-json\/wp\/v2\/types\/post"}],"author":[{"embeddable":true,"href":"https:\/\/dkder.org\/index.php\/wp-json\/wp\/v2\/users\/1"}],"replies":[{"embeddable":true,"href":"https:\/\/dkder.org\/index.php\/wp-json\/wp\/v2\/comments?post=1563"}],"version-history":[{"count":1,"href":"https:\/\/dkder.org\/index.php\/wp-json\/wp\/v2\/posts\/1563\/revisions"}],"predecessor-version":[{"id":1565,"href":"https:\/\/dkder.org\/index.php\/wp-json\/wp\/v2\/posts\/1563\/revisions\/1565"}],"wp:featuredmedia":[{"embeddable":true,"href":"https:\/\/dkder.org\/index.php\/wp-json\/wp\/v2\/media\/1566"}],"wp:attachment":[{"href":"https:\/\/dkder.org\/index.php\/wp-json\/wp\/v2\/media?parent=1563"}],"wp:term":[{"taxonomy":"category","embeddable":true,"href":"https:\/\/dkder.org\/index.php\/wp-json\/wp\/v2\/categories?post=1563"},{"taxonomy":"post_tag","embeddable":true,"href":"https:\/\/dkder.org\/index.php\/wp-json\/wp\/v2\/tags?post=1563"}],"curies":[{"name":"wp","href":"https:\/\/api.w.org\/{rel}","templated":true}]}}