{"id":1601,"date":"2024-02-14T14:23:15","date_gmt":"2024-02-14T14:23:15","guid":{"rendered":"https:\/\/dkder.org\/?p=1601"},"modified":"2024-02-14T14:43:59","modified_gmt":"2024-02-14T14:43:59","slug":"bu-bir-katliamdir-hesabini-soracagiz","status":"publish","type":"post","link":"https:\/\/dkder.org\/index.php\/2024\/02\/14\/bu-bir-katliamdir-hesabini-soracagiz\/","title":{"rendered":"Bu bir katliamd\u0131r, hesab\u0131n\u0131 soraca\u011f\u0131z!"},"content":{"rendered":"<p>Anagold i\u015f\u00e7i kan\u0131 \u00fczerinden servetini b\u00fcy\u00fct\u00fcyor!<br \/>\nErzincan\u2019\u0131n \u0130li\u00e7 il\u00e7esinde bulunan \u00c7\u00f6pler Alt\u0131n madeninde ya\u015fanan toprak kaymas\u0131 sonuncunda i\u015f\u00e7i arkada\u015flar\u0131m\u0131z g\u00f6\u00e7\u00fck alt\u0131nda kald\u0131, madende kullan\u0131lan binlerce tonluk siyan\u00fcr do\u011faya kar\u0131\u015ft\u0131. F\u0131rat nehrinin hemen kenar\u0131nda konu\u015flanm\u0131\u015f olan madenin \u00e7evreye ve do\u011faya zarar\u0131 y\u0131llard\u0131r tart\u0131\u015f\u0131l\u0131yordu. T\u00fcm itirazlara ra\u011fmen maden kapat\u0131lmad\u0131 aksine olumlu \u00c7ED raporlar\u0131 ile daha da geni\u015fletilip adeta saatli bir bomba haline getirildi. Resmi a\u011f\u0131zlar ya\u015fanan felaketi kaza olarak ifade ediliyor. Fakat bizler biliyoruz ki bu bir kaza de\u011fil daha fazla kar h\u0131rs\u0131 u\u011fruna ger\u00e7ekle\u015ftirilmi\u015f bir katliamd\u0131r.<br \/>\nY\u0131llard\u0131r \u00e7evre \u00f6rg\u00fctleri, TMMOB, \u00e7e\u015fitli kurumlar do\u011fay\u0131, insan\u0131 ve t\u00fcm canl\u0131 hayat\u0131n\u0131 hi\u00e7e sayan maden \u015firketlerinin kar h\u0131rslar\u0131 u\u011fruna haz\u0131rlad\u0131\u011f\u0131 katliam\u0131 \u00f6nlemek i\u00e7in \u00e7al\u0131\u015fmalar y\u00fcr\u00fctt\u00fcler. Haz\u0131rlanan raporlar dikkate al\u0131nmad\u0131, mahkeme kararlar\u0131 hi\u00e7e say\u0131ld\u0131, \u015firket lehine de\u011fi\u015ftirildi. Bakanlar\u0131ndan valisine kadar t\u00fcm yetkililer, kurumlar Anagold \u015firketinin arkas\u0131nda saf tuttu. D\u00f6nemin Ba\u015fbakan\u0131 Binali Y\u0131ld\u0131r\u0131m maden \u015firketinin faaliyetlerini protesto eden k\u00f6yl\u00fcleri \u201cbozguncu\u201d ilan etti. Enerji ve Tabi Kaynaklar Bakan\u0131 ve \u015fimdi de \u0130BB Belediye Ba\u015fkan aday\u0131 olan Murat Kurum \u015firketin t\u00fcm usuls\u00fczl\u00fcklerinin belgelenmesine ve geni\u015flemenin felakete yol a\u00e7aca\u011f\u0131n\u0131n raporlanmas\u0131na ra\u011fmen kapasite art\u0131\u015f\u0131na onay verdi. Erzincan valisi, \u0130li\u00e7 kaymakam\u0131, hakim ve savc\u0131lar \u015firketin \u00fccretli memurlar\u0131 gibi kararlar ald\u0131lar.<br \/>\nBunlarla da yetinilmedi\u011fini g\u00f6r\u00fcyoruz. Anagold \u015firketi 9 ayda 323 milyon dolar kar a\u00e7\u0131klarken, di\u011fer yandan 7,2 milyon dolar olan vergi bor\u00e7lar\u0131 siliniyor, te\u015fvik \u00fczerine te\u015fvik veriliyor.<br \/>\n\u00d6l\u00fcmle burun buruna \u00e7al\u0131\u015ft\u0131r\u0131lan \u015firket i\u015f\u00e7ilerine ise %0 zam yap\u0131l\u0131yor. Sermayenin hizmetinde olan iktidar ve devlet kurumlar\u0131 sermayeyi kollarken do\u011fay\u0131 katleden, i\u015f\u00e7ileri sefalete ve \u00f6l\u00fcme mahkum eden uygulamalar\u0131n ise \u00f6n\u00fcn\u00fc a\u00e7\u0131yorlar.<br \/>\nSermaye vampirdir, i\u015f\u00e7i kan\u0131ndan besleniyor!<br \/>\nSermaye i\u00e7in as\u0131l olan kard\u0131r. Bunun i\u00e7in milyonlar\u0131 y\u0131k\u0131ma s\u00fcr\u00fcklemekten geri durmuyorlar. \u0130li\u00e7\u2019te ya\u015fanan do\u011fa ve insan katliam\u0131 bunun yeni bir \u00f6rne\u011fidir. \u00dclkenin d\u00f6rt bir yan\u0131nda daha fazla kar u\u011fruna benzer katliam organizasyonlar\u0131 devlet te\u015fvikleriyle s\u00fcrd\u00fcr\u00fcl\u00fcyor.<br \/>\nT\u0131pk\u0131 Afrika\u2019da oldu\u011fu gibi emperyalist tekeller ve yerli i\u015fbirlikleri Erzincan, Artvin, Kazda\u011f\u0131lar\u0131 vb. par\u00e7a par\u00e7a yok ederken yasalar onlara g\u00f6re d\u00fczenleniyor, sahte raporlarla her t\u00fcrl\u00fc faaliyetlerinin \u00f6n\u00fc a\u00e7\u0131l\u0131yor, s\u0131n\u0131rl\u0131 mahkeme kararlar\u0131n\u0131 dahi tan\u0131m\u0131yorlar. T\u00fcm ya\u015fananlar g\u00f6stermektedir kapitalist d\u00fczende her \u015fey sermayeye hizmet i\u00e7in kurgulan\u0131yor.<br \/>\n\u0130nsanl\u0131\u011f\u0131 ve t\u00fcm canl\u0131 hayat\u0131n\u0131 y\u0131k\u0131ma s\u00fcr\u00fckleyen bu d\u00fczene mahkum de\u011filiz. Bu d\u00fczen ve sebep oldu\u011fu felaketler ancak i\u015f\u00e7i s\u0131n\u0131f\u0131 ve emek\u00e7ilerin \u00f6rg\u00fctl\u00fc m\u00fccadelesiyle son bulacakt\u0131r. Yeni \u0130li\u00e7\u2019ler, Somalar, Ermenekler ya\u015fanmamas\u0131 t\u00fcm i\u015f\u00e7i ve emek\u00e7ileri m\u00fccadeleye \u00e7a\u011f\u0131r\u0131yoruz. Do\u011fam\u0131z\u0131, havam\u0131z\u0131, topra\u011f\u0131m\u0131z\u0131 ve hayatlar\u0131m\u0131z\u0131 yok edenlerden hesap sormak i\u00e7in hayat\u0131n oldu\u011fu her yerde \u00f6rg\u00fctlenmeye \u00e7a\u011f\u0131r\u0131yoruz.<\/p>\n<p>Sermaye vampirdir ve i\u015f\u00e7i kan\u0131ndan beslenir. Kan\u0131m\u0131z\u0131 emenlerden, bizleri g\u00f6\u00e7\u00fck alt\u0131nda b\u0131rakanlardan hesap sorman\u0131n yolu ise kapitalist d\u00fczene kar\u015f\u0131 sosyalizm m\u00fccadelesini b\u00fcy\u00fctmekten ge\u00e7iyor.<\/p>\n<p>(\u0130EB)<\/p>\n","protected":false},"excerpt":{"rendered":"<p>Anagold i\u015f\u00e7i kan\u0131 \u00fczerinden servetini b\u00fcy\u00fct\u00fcyor! Erzincan\u2019\u0131n \u0130li\u00e7 il\u00e7esinde bulunan \u00c7\u00f6pler Alt\u0131n madeninde ya\u015fanan toprak kaymas\u0131 sonuncunda i\u015f\u00e7i arkada\u015flar\u0131m\u0131z g\u00f6\u00e7\u00fck<\/p>\n","protected":false},"author":1,"featured_media":1604,"comment_status":"closed","ping_status":"closed","sticky":false,"template":"","format":"standard","meta":{"footnotes":""},"categories":[72],"tags":[],"class_list":["post-1601","post","type-post","status-publish","format-standard","has-post-thumbnail","hentry","category-guncel"],"_links":{"self":[{"href":"https:\/\/dkder.org\/index.php\/wp-json\/wp\/v2\/posts\/1601","targetHints":{"allow":["GET"]}}],"collection":[{"href":"https:\/\/dkder.org\/index.php\/wp-json\/wp\/v2\/posts"}],"about":[{"href":"https:\/\/dkder.org\/index.php\/wp-json\/wp\/v2\/types\/post"}],"author":[{"embeddable":true,"href":"https:\/\/dkder.org\/index.php\/wp-json\/wp\/v2\/users\/1"}],"replies":[{"embeddable":true,"href":"https:\/\/dkder.org\/index.php\/wp-json\/wp\/v2\/comments?post=1601"}],"version-history":[{"count":2,"href":"https:\/\/dkder.org\/index.php\/wp-json\/wp\/v2\/posts\/1601\/revisions"}],"predecessor-version":[{"id":1606,"href":"https:\/\/dkder.org\/index.php\/wp-json\/wp\/v2\/posts\/1601\/revisions\/1606"}],"wp:featuredmedia":[{"embeddable":true,"href":"https:\/\/dkder.org\/index.php\/wp-json\/wp\/v2\/media\/1604"}],"wp:attachment":[{"href":"https:\/\/dkder.org\/index.php\/wp-json\/wp\/v2\/media?parent=1601"}],"wp:term":[{"taxonomy":"category","embeddable":true,"href":"https:\/\/dkder.org\/index.php\/wp-json\/wp\/v2\/categories?post=1601"},{"taxonomy":"post_tag","embeddable":true,"href":"https:\/\/dkder.org\/index.php\/wp-json\/wp\/v2\/tags?post=1601"}],"curies":[{"name":"wp","href":"https:\/\/api.w.org\/{rel}","templated":true}]}}