{"id":1625,"date":"2024-02-22T20:00:26","date_gmt":"2024-02-22T20:00:26","guid":{"rendered":"https:\/\/dkder.org\/?p=1625"},"modified":"2024-02-22T20:00:26","modified_gmt":"2024-02-22T20:00:26","slug":"itu-ogrencilerinin-gecis-yasagina-karsi-direnisi-suruyor","status":"publish","type":"post","link":"https:\/\/dkder.org\/index.php\/2024\/02\/22\/itu-ogrencilerinin-gecis-yasagina-karsi-direnisi-suruyor\/","title":{"rendered":"\u0130T\u00dc  \u00f6\u011frencilerinin \u201cge\u00e7i\u015f yasa\u011f\u0131\u201dna kar\u015f\u0131 direni\u015fi s\u00fcr\u00fcyor"},"content":{"rendered":"<p>Kayyum \u00a0Rekt\u00f6r Osman B\u00fclent Z\u00fclfikar&#8217;\u0131n, Duvars\u0131z \u00fcniversite \u00a0ad\u0131 alt\u0131nda \u0130stanbul \u00dcniversitesi \u00f6\u011frencilerinin \u00f6n\u00fcne duvar \u00f6rmesine kar\u015f\u0131 Beyaz\u0131t Ana Kap\u0131s\u0131 \u00f6n\u00fcnde direnen \u00f6\u011frenciler, \u2018\u00dcniversitelerde kayyumlar de\u011fil, biz \u00f6\u011frenciler vard\u0131k, var\u0131z ve var olaca\u011f\u0131z\u2019 mesaj\u0131n\u0131 verdi.<\/p>\n<p>\u0130stanbul \u00dcniversitesi\u2019nde \u00f6\u011frenciler, kayy\u0131m rekt\u00f6r\u00fcn \u00fcniversite bile\u015fenlerine dan\u0131\u015fmadan \u00fcniversite kamp\u00fcslerini ziyaret\u00e7ilere a\u00e7ma, di\u011fer yanda ise \u00f6\u011frencilere kamp\u00fcsler aras\u0131 ge\u00e7i\u015f yasa\u011f\u0131 getirmesine kar\u015f\u0131 3 g\u00fcnd\u00fcr Beyaz\u0131t\u2019ta eylemlerini s\u00fcrd\u00fcr\u00fcyor.<\/p>\n<p>\u0130stanbul \u00dcniversitesi \u00f6\u011frencileri, kamp\u00fcs\u00fcn \u00fcniversite bile\u015feni olmayanlar\u0131n ziyaretine a\u00e7\u0131lmas\u0131n\u0131 ve rekt\u00f6rl\u00fc\u011f\u00fcn uygulamalar\u0131n\u0131 protesto etmek i\u00e7in Havuzlu yerle\u015fkesinde forum yapmak istedi. Forum \u00f6ncesinde \u0130stanbul \u00dcniversitesi \u00f6\u011frencileri, Beyaz\u0131t Kap\u0131s\u0131 \u00f6n\u00fcnde bir araya geldi.<\/p>\n<p>\u0130stanbul \u00dcniversitesi Havuzlu Yerle\u015fkesi\u2019nde forum yapmak isteyen \u00f6\u011frenciler, \u201cFak\u00fclteler aras\u0131 ge\u00e7i\u015f yasa\u011f\u0131\u201d oldu\u011fu i\u00e7in \u0130stanbul \u00dcniversitesi\u2019ne al\u0131nm\u0131yor. \u00d6\u011frencilerin \u00f6n\u00fcne polis barikatlar\u0131 kuruldu.<\/p>\n<p>\u00dcniversite \u00f6\u011frencileri protestolarda bulundu.<\/p>\n<p>Rekt\u00f6r Osman B\u00fclent Z\u00fclfikar\u2019\u0131n uygulamalar\u0131na kar\u015f\u0131 verdikleri m\u00fccadeleyi \u0130stanbul \u00dcniversitesi \u00d6\u011frenci Meclisi&#8217;ni kurarak peki\u015ftiren ve \u00d6\u011frenci Meclisi&#8217;ni halaylar ve z\u0131lg\u0131tlarla kutlayan<\/p>\n<p>\u00f6\u011frenciler, kayyumu g\u00f6nderene ve \u00fcniversiteleri \u00f6zg\u00fcrle\u015ftirene kadar direneceklerini vurgulad\u0131lar.<\/p>\n<p>DKDER olarak \u00f6\u011frenci direni\u015flerinin yan\u0131nday\u0131z!<\/p>\n<p>&nbsp;<\/p>\n<p>&nbsp;<\/p>\n","protected":false},"excerpt":{"rendered":"<p>Kayyum \u00a0Rekt\u00f6r Osman B\u00fclent Z\u00fclfikar&#8217;\u0131n, Duvars\u0131z \u00fcniversite \u00a0ad\u0131 alt\u0131nda \u0130stanbul \u00dcniversitesi \u00f6\u011frencilerinin \u00f6n\u00fcne duvar \u00f6rmesine kar\u015f\u0131 Beyaz\u0131t Ana Kap\u0131s\u0131 \u00f6n\u00fcnde<\/p>\n","protected":false},"author":1,"featured_media":1626,"comment_status":"closed","ping_status":"closed","sticky":false,"template":"","format":"standard","meta":{"footnotes":""},"categories":[72],"tags":[],"class_list":["post-1625","post","type-post","status-publish","format-standard","has-post-thumbnail","hentry","category-guncel"],"_links":{"self":[{"href":"https:\/\/dkder.org\/index.php\/wp-json\/wp\/v2\/posts\/1625","targetHints":{"allow":["GET"]}}],"collection":[{"href":"https:\/\/dkder.org\/index.php\/wp-json\/wp\/v2\/posts"}],"about":[{"href":"https:\/\/dkder.org\/index.php\/wp-json\/wp\/v2\/types\/post"}],"author":[{"embeddable":true,"href":"https:\/\/dkder.org\/index.php\/wp-json\/wp\/v2\/users\/1"}],"replies":[{"embeddable":true,"href":"https:\/\/dkder.org\/index.php\/wp-json\/wp\/v2\/comments?post=1625"}],"version-history":[{"count":1,"href":"https:\/\/dkder.org\/index.php\/wp-json\/wp\/v2\/posts\/1625\/revisions"}],"predecessor-version":[{"id":1627,"href":"https:\/\/dkder.org\/index.php\/wp-json\/wp\/v2\/posts\/1625\/revisions\/1627"}],"wp:featuredmedia":[{"embeddable":true,"href":"https:\/\/dkder.org\/index.php\/wp-json\/wp\/v2\/media\/1626"}],"wp:attachment":[{"href":"https:\/\/dkder.org\/index.php\/wp-json\/wp\/v2\/media?parent=1625"}],"wp:term":[{"taxonomy":"category","embeddable":true,"href":"https:\/\/dkder.org\/index.php\/wp-json\/wp\/v2\/categories?post=1625"},{"taxonomy":"post_tag","embeddable":true,"href":"https:\/\/dkder.org\/index.php\/wp-json\/wp\/v2\/tags?post=1625"}],"curies":[{"name":"wp","href":"https:\/\/api.w.org\/{rel}","templated":true}]}}