{"id":1640,"date":"2024-02-28T06:24:37","date_gmt":"2024-02-28T06:24:37","guid":{"rendered":"https:\/\/dkder.org\/?p=1640"},"modified":"2024-02-28T06:30:12","modified_gmt":"2024-02-28T06:30:12","slug":"ieb-gozaltilar-serbest-birakilsin","status":"publish","type":"post","link":"https:\/\/dkder.org\/index.php\/2024\/02\/28\/ieb-gozaltilar-serbest-birakilsin\/","title":{"rendered":"\u0130EB: G\u00f6zalt\u0131lar serbest b\u0131rak\u0131ls\u0131n!"},"content":{"rendered":"<div class=\"sag\">\n<div class=\"benzer_liste\">\n<div class=\"haber\"><\/div>\n<\/div>\n<\/div>\n<div class=\"haber_oku\">\n<p class=\"spot\">\u0130\u015f\u00e7i Emek\u00e7i Birli\u011fi (\u0130EB) \u0130zmir ve \u0130stanbul\u2019da ya\u015fanan g\u00f6zalt\u0131 sald\u0131r\u0131s\u0131na ili\u015fkin yapt\u0131\u011f\u0131 yaz\u0131l\u0131 a\u00e7\u0131klamada \u201cSald\u0131r\u0131lar m\u00fccadelemizi engelleyemez\u201d dedi.<\/p>\n<div class=\"paylas\">\u0130\u015f\u00e7i Emek\u00e7i Birli\u011fi (\u0130EB) \u0130zmir ve \u0130stanbul\u2019da ya\u015fanan g\u00f6zalt\u0131 sald\u0131r\u0131s\u0131na ili\u015fkin yaz\u0131l\u0131 a\u00e7\u0131klama yapt\u0131.<\/div>\n<div id=\"haber_yazi\" class=\"haber_yazi\">\n<p>A\u00e7\u0131klamada \u015fu ifadelere yer verildi:<\/p>\n<p><em>\u201cSermaye devleti bug\u00fcn sabah saatlerinde \u0130zmir ve \u0130stanbul\u2019da \u00e7ok say\u0131da eve bask\u0131n yaparak, g\u00f6zalt\u0131 sald\u0131r\u0131s\u0131nda bulundu. Aralar\u0131nda bile\u015fenimiz Birle\u015fik \u0130\u015f\u00e7i Hareketi\u2019nden Meliha Kayac\u0131 arkada\u015f\u0131m\u0131z\u0131n da bulundu\u011fu en az 12 ki\u015fi g\u00f6zalt\u0131na al\u0131nd\u0131.<\/em><\/p>\n<p><em>\u0130\u015f\u00e7iler hak arama eylemlerine ba\u015flad\u0131\u011f\u0131 zaman kar\u015f\u0131lar\u0131na hemen polisiyle, jandarmas\u0131yla dikilen sermaye devleti bu sefer de i\u015f\u00e7i s\u0131n\u0131f\u0131 m\u00fccadelesi y\u00fcr\u00fctenlere sald\u0131rm\u0131\u015ft\u0131r.<\/em><em>Sald\u0131r\u0131lar m\u00fccadelemizi engelleyemez!<\/em><\/p>\n<p><em>S\u00f6m\u00fcr\u00fc d\u00fczenine kar\u015f\u0131 \u00e7\u00f6z\u00fcm \u00f6rg\u00fctl\u00fc m\u00fccadele!<\/em><\/p>\n<p><em>G\u00f6zalt\u0131na al\u0131nanlar serbest b\u0131rak\u0131ls\u0131n!<\/em><\/p>\n<p><em>Ya\u015fas\u0131n s\u0131n\u0131f dayan\u0131\u015fmas\u0131!\u201d<\/em><\/p>\n<\/div>\n<\/div>\n","protected":false},"excerpt":{"rendered":"<p>\u0130\u015f\u00e7i Emek\u00e7i Birli\u011fi (\u0130EB) \u0130zmir ve \u0130stanbul\u2019da ya\u015fanan g\u00f6zalt\u0131 sald\u0131r\u0131s\u0131na ili\u015fkin yapt\u0131\u011f\u0131 yaz\u0131l\u0131 a\u00e7\u0131klamada \u201cSald\u0131r\u0131lar m\u00fccadelemizi engelleyemez\u201d dedi. \u0130\u015f\u00e7i Emek\u00e7i<\/p>\n","protected":false},"author":1,"featured_media":1641,"comment_status":"closed","ping_status":"closed","sticky":false,"template":"","format":"standard","meta":{"footnotes":""},"categories":[72],"tags":[],"class_list":["post-1640","post","type-post","status-publish","format-standard","has-post-thumbnail","hentry","category-guncel"],"_links":{"self":[{"href":"https:\/\/dkder.org\/index.php\/wp-json\/wp\/v2\/posts\/1640","targetHints":{"allow":["GET"]}}],"collection":[{"href":"https:\/\/dkder.org\/index.php\/wp-json\/wp\/v2\/posts"}],"about":[{"href":"https:\/\/dkder.org\/index.php\/wp-json\/wp\/v2\/types\/post"}],"author":[{"embeddable":true,"href":"https:\/\/dkder.org\/index.php\/wp-json\/wp\/v2\/users\/1"}],"replies":[{"embeddable":true,"href":"https:\/\/dkder.org\/index.php\/wp-json\/wp\/v2\/comments?post=1640"}],"version-history":[{"count":1,"href":"https:\/\/dkder.org\/index.php\/wp-json\/wp\/v2\/posts\/1640\/revisions"}],"predecessor-version":[{"id":1642,"href":"https:\/\/dkder.org\/index.php\/wp-json\/wp\/v2\/posts\/1640\/revisions\/1642"}],"wp:featuredmedia":[{"embeddable":true,"href":"https:\/\/dkder.org\/index.php\/wp-json\/wp\/v2\/media\/1641"}],"wp:attachment":[{"href":"https:\/\/dkder.org\/index.php\/wp-json\/wp\/v2\/media?parent=1640"}],"wp:term":[{"taxonomy":"category","embeddable":true,"href":"https:\/\/dkder.org\/index.php\/wp-json\/wp\/v2\/categories?post=1640"},{"taxonomy":"post_tag","embeddable":true,"href":"https:\/\/dkder.org\/index.php\/wp-json\/wp\/v2\/tags?post=1640"}],"curies":[{"name":"wp","href":"https:\/\/api.w.org\/{rel}","templated":true}]}}