{"id":1653,"date":"2024-03-04T22:58:16","date_gmt":"2024-03-04T22:58:16","guid":{"rendered":"https:\/\/dkder.org\/?p=1653"},"modified":"2024-03-04T22:58:16","modified_gmt":"2024-03-04T22:58:16","slug":"10-martta-kadinlar-dkderde-bulusuyor","status":"publish","type":"post","link":"https:\/\/dkder.org\/index.php\/2024\/03\/04\/10-martta-kadinlar-dkderde-bulusuyor\/","title":{"rendered":"10  MART&#8217;TA KADINLAR DKDER&#8217;DE BULU\u015eUYOR!"},"content":{"rendered":"<p>8 Mart D\u00fcnya Emek\u00e7i Kad\u0131nlar G\u00fcn\u00fc nedeniyle, \u00e7e\u015fitli\u00a0 illerde yap\u0131lacak eylem, etkinlik i\u00e7in sokaklarda olacak olan Dostluk ve K\u00fclt\u00fcr Derne\u011fi(DKDER), 10 Mart&#8217;ta ise DKDER&#8217;de 8 Mart kutlamas\u0131 ve s\u00f6yle\u015fileri ve de\u011ferlendirmeleri i\u00e7in bulu\u015fuyor.<\/p>\n<p><img loading=\"lazy\" decoding=\"async\" class=\"\" src=\"https:\/\/scontent.fsaw2-2.fna.fbcdn.net\/v\/t39.30808-6\/430759949_721222099995163_3955841655340417349_n.jpg?stp=dst-jpg_s640x640&amp;_nc_cat=109&amp;ccb=1-7&amp;_nc_sid=3635dc&amp;_nc_ohc=tigBt7-NGfgAX_Pv_sn&amp;_nc_ht=scontent.fsaw2-2.fna&amp;oh=00_AfAnGn6rary4JRIfwR4N0ET4a1Q3lzGsocRms_-SPWc5fA&amp;oe=65EA8F10\" alt=\"Bir 4 ki\u015fi ve \u015funu diyen bir yaz\u0131 'HIOL \u015eiddete, sava\u00c8a eyoksullu\u011fa kar\u015f\u0131y\u0131zdiyer kad\u0131nlar\u0131m\u0131zla, \u015eiirlerimizle, \u015fark\u0131lar\u0131m\u0131zla... D\u00fcnya Eme Emek\u00e7i Kad\u0131nlar \u00fcn\u00fcn\u00fc Kutluyoruz MARTC\u0130NAYETLER\u0130N\u0130 KADIN MART NAYETLER\u0130N\u0130 DURDURA- CA\u011eIZ Alanlarday\u0131z! Belgesel G\u00f6sterimi \u0130KBAL KAYNAR Yazar\/M\u00fczisyen \u015ei\u0130R VE M\u00dcZ\u0130K D\u0130NLET\u0130S\u0130 FATO\u015e AKKU\u015e Erbane BURAK \u015eAH\u0130NKAYA Akademisyen\/M\u00fczisyen Yer: DKDER\/Tarih:10 Mart Saat: 13.00 DKDER DOSTLUK VE K\u00dcLT\u00dcR DERNE\u011e\u0130 DKDER: Osmana\u011fa Mah. Yo\u011furt\u00e7u Park\u0131 Cad. No:6 Kad\u0131k\u00f6y' g\u00f6rseli olabilir\" width=\"1117\" height=\"927\" \/><\/p>\n","protected":false},"excerpt":{"rendered":"<p>8 Mart D\u00fcnya Emek\u00e7i Kad\u0131nlar G\u00fcn\u00fc nedeniyle, \u00e7e\u015fitli\u00a0 illerde yap\u0131lacak eylem, etkinlik i\u00e7in sokaklarda olacak olan Dostluk ve K\u00fclt\u00fcr Derne\u011fi(DKDER),<\/p>\n","protected":false},"author":1,"featured_media":1654,"comment_status":"closed","ping_status":"closed","sticky":false,"template":"","format":"standard","meta":{"footnotes":""},"categories":[72],"tags":[],"class_list":["post-1653","post","type-post","status-publish","format-standard","has-post-thumbnail","hentry","category-guncel"],"_links":{"self":[{"href":"https:\/\/dkder.org\/index.php\/wp-json\/wp\/v2\/posts\/1653","targetHints":{"allow":["GET"]}}],"collection":[{"href":"https:\/\/dkder.org\/index.php\/wp-json\/wp\/v2\/posts"}],"about":[{"href":"https:\/\/dkder.org\/index.php\/wp-json\/wp\/v2\/types\/post"}],"author":[{"embeddable":true,"href":"https:\/\/dkder.org\/index.php\/wp-json\/wp\/v2\/users\/1"}],"replies":[{"embeddable":true,"href":"https:\/\/dkder.org\/index.php\/wp-json\/wp\/v2\/comments?post=1653"}],"version-history":[{"count":1,"href":"https:\/\/dkder.org\/index.php\/wp-json\/wp\/v2\/posts\/1653\/revisions"}],"predecessor-version":[{"id":1655,"href":"https:\/\/dkder.org\/index.php\/wp-json\/wp\/v2\/posts\/1653\/revisions\/1655"}],"wp:featuredmedia":[{"embeddable":true,"href":"https:\/\/dkder.org\/index.php\/wp-json\/wp\/v2\/media\/1654"}],"wp:attachment":[{"href":"https:\/\/dkder.org\/index.php\/wp-json\/wp\/v2\/media?parent=1653"}],"wp:term":[{"taxonomy":"category","embeddable":true,"href":"https:\/\/dkder.org\/index.php\/wp-json\/wp\/v2\/categories?post=1653"},{"taxonomy":"post_tag","embeddable":true,"href":"https:\/\/dkder.org\/index.php\/wp-json\/wp\/v2\/tags?post=1653"}],"curies":[{"name":"wp","href":"https:\/\/api.w.org\/{rel}","templated":true}]}}