{"id":1716,"date":"2024-03-25T14:05:21","date_gmt":"2024-03-25T14:05:21","guid":{"rendered":"https:\/\/dkder.org\/?p=1716"},"modified":"2024-03-25T14:07:15","modified_gmt":"2024-03-25T14:07:15","slug":"cagri-2024-1-mayisi-icin-kitlesel-olarak-taksime","status":"publish","type":"post","link":"https:\/\/dkder.org\/index.php\/2024\/03\/25\/cagri-2024-1-mayisi-icin-kitlesel-olarak-taksime\/","title":{"rendered":"\u00c7a\u011fr\u0131: 2024 1 May\u0131s&#8217;\u0131 i\u00e7in  kitlesel olarak Taksim\u2019e!"},"content":{"rendered":"<p>2024 1 May\u0131s\u2019\u0131 yakla\u015f\u0131rken, bir araya gelen devrimci \u00f6rg\u00fctler ve emek \u00f6rg\u00fctleri bir bildiri yay\u0131nlayarak 1 May\u0131s Alan\u0131\u2019n\u0131n Taksim oldu\u011fu ve 1 May\u0131s\u2019\u0131n Taksim\u2019de kutlanmas\u0131 gerekti\u011fine dair bir \u00e7a\u011fr\u0131 yay\u0131nlad\u0131.<\/p>\n<p><strong>2024 1 May\u0131s\u2019\u0131 yakla\u015f\u0131yor.<\/strong><\/p>\n<p>Bu 1 May\u0131s\u2019\u0131 da sald\u0131r\u0131lar ve bask\u0131lar\u0131n t\u0131rmand\u0131\u011f\u0131 ko\u015fullar alt\u0131nda kutlayaca\u011f\u0131z.<\/p>\n<p>B\u00f6lgemizde emperyalist sald\u0131rganl\u0131\u011f\u0131n yol a\u00e7t\u0131\u011f\u0131 katliamlar s\u00fcrerken, kapitalist-emperyalist sistemin derinle\u015fen krizinin etkisiyle, egemen s\u0131n\u0131flar taraf\u0131ndan milyonlarca i\u015f\u00e7i ve emek\u00e7iye k\u00f6lelik ve sefalet ko\u015fullar\u0131n\u0131n daha pervas\u0131zca dayat\u0131ld\u0131\u011f\u0131; i\u015fsizli\u011fin kitlesel boyutlara ula\u015ft\u0131\u011f\u0131; g\u00fcvencesiz \u00e7al\u0131\u015fman\u0131n, esnekle\u015ftirmenin, i\u015ften \u00e7\u0131karmalar\u0131n yayg\u0131nla\u015ft\u0131\u011f\u0131; emek-sermaye \u00e7eli\u015fkisinin derinle\u015fti\u011fi ve t\u00fcm bunlara devletin bask\u0131, yasak, tutuklama, tecrit ter\u00f6r\u00fcn\u00fcn e\u015flik etti\u011fi bir d\u00f6nemde 1 May\u0131s\u2019\u0131 kar\u015f\u0131l\u0131yoruz.<\/p>\n<p>B\u00f6ylesi bir d\u00f6nemde t\u00fcm bu sald\u0131r\u0131lara kar\u015f\u0131 tarihsel ve g\u00fcncel anlam\u0131na uygun birle\u015fik, kitlesel ve devrimci bir 1 May\u0131s\u2019\u0131n \u00f6rg\u00fctlenmesi hayati bir \u00f6nem ta\u015f\u0131maktad\u0131r.<\/p>\n<p>1 May\u0131s 2024, toplumsal direni\u015fin t\u00fcm bile\u015fenlerine; i\u015f\u00e7ilere, kad\u0131nlara, \u00f6\u011frencilere, halklara y\u00f6neltilen topyek\u00fbn sald\u0131r\u0131ya kar\u015f\u0131 topyek\u00fbn direni\u015fin g\u00fcn\u00fc olmal\u0131d\u0131r.<\/p>\n<p>Toplumsal m\u00fccadelenin hapsedilmeye \u00e7al\u0131\u015f\u0131ld\u0131\u011f\u0131 cendereden \u00e7\u0131k\u0131\u015f\u0131 i\u00e7in 2024 1 May\u0131s\u2019\u0131n Taksim\u2019de kutlanmas\u0131n\u0131n siyasal anlam\u0131 ve \u00f6nemi a\u00e7\u0131kt\u0131r.<\/p>\n<p>\u0130\u015f\u00e7i s\u0131n\u0131f\u0131n\u0131n birlik, m\u00fccadele ve dayan\u0131\u015fma g\u00fcn\u00fcnde, milyonlarca insan\u0131n bir araya geldi\u011fi g\u00f6rkemli Taksim 1 May\u0131slar\u0131n\u0131n etkisi bilinmektedir.<\/p>\n<p>T\u00fcm sald\u0131r\u0131lara kar\u015f\u0131 Agrobay\u2019dan \u00d6zak\u2019a, in\u015faattan metale i\u015f\u00e7iler direni\u015flerini s\u00fcrd\u00fcrmektedir, kad\u0131nlar 8 Martlarda sokaklar\u0131 zapt etmeye devam etmektedir, \u00f6\u011frenciler geleceklerinin \u00e7al\u0131nmas\u0131na kar\u015f\u0131 bir anda soka\u011fa inebilmektedir, halklar boyun e\u011fmemektedir. Bunlardan al\u0131nacak g\u00fc\u00e7le yola \u00e7\u0131karak kitlesel, birle\u015fik, tarihsel ve s\u0131n\u0131fsal \u00f6z\u00fcne uygun, devrimci 2024 1 May\u0131s\u2019\u0131n\u0131 beraber \u00f6rg\u00fctlemeliyiz. Bu sorumluluk hepimizindir. Sendikalar, meslek odalar\u0131, DK\u00d6\u2019ler, siyasi partiler, devrimci g\u00fc\u00e7ler k\u0131sacas\u0131 t\u00fcm emek g\u00fc\u00e7leri, 2023 1 May\u0131s\u2019\u0131ndan dersler \u00e7\u0131kar\u0131p bu sorumlulu\u011fun alt\u0131na girerek, birle\u015fik ve kitlesel bir 1 May\u0131s i\u00e7in bir an \u00f6nce harekete ge\u00e7melidir. Fabrikalarda, \u0130\u015f yerlerinde, mahallelerde, okullarda, k\u0131saca ya\u015fam\u0131n her alan\u0131nda g\u00fc\u00e7l\u00fc bir haz\u0131rl\u0131k \u00e7al\u0131\u015fmas\u0131 y\u00fcr\u00fct\u00fclmelidir.<\/p>\n<p>2024 1 May\u0131s\u0131\u2019n\u0131 bask\u0131 ve sald\u0131r\u0131lara yan\u0131t olmas\u0131 i\u00e7in, birle\u015fik, kitlesel, devrimci 1 May\u0131s\u2019\u0131 Taksim\u2019de birlikte \u00f6rg\u00fctlemek i\u00e7in t\u00fcm devrimci yap\u0131lar\u0131, sendika ve kitle \u00f6rg\u00fctlerini, g\u00fc\u00e7lerini birle\u015ftirmeye ve ortak davranmaya \u00e7a\u011f\u0131r\u0131yoruz.<\/p>\n<p><strong>Al\u0131nteri, BDSP, Devrimci Parti, Birle\u015fik \u0130\u015f\u00e7i Hareketi, Dostluk ve K\u00fclt\u00fcr Derne\u011fi(DKDER), Dev Tekstil, Devrimci Hareket, EHP, ESP, \u0130\u015f\u00e7i Emek\u00e7i birli\u011fi, \u0130\u015f\u00e7i Hareketi Koordinasyonu, \u0130KEP, \u0130\u015f\u00e7i Birlikleri Sendikas\u0131, Kald\u0131ra\u00e7, K\u00f6z, M\u00fccadele Birli\u011fi Platformu, Odak, Proleter Devrimci duru\u015f, SODAP, Sosyalist Kad\u0131n Hareketi, TOM\u0130S, Yeni D\u00fcnya \u0130\u00e7in \u00c7a\u011fr\u0131<\/strong><\/p>\n<p><img loading=\"lazy\" decoding=\"async\" class=\"\" src=\"https:\/\/scontent.xx.fbcdn.net\/v\/t1.15752-9\/434163407_956855196023725_7122823156511089215_n.jpg?stp=dst-jpg_s206x206&amp;_nc_cat=103&amp;ccb=1-7&amp;_nc_sid=5f2048&amp;_nc_ohc=eY7pP8pmmXUAX9fC2sA&amp;_nc_ad=z-m&amp;_nc_cid=0&amp;_nc_ht=scontent.xx&amp;oh=03_AdSF5V8pYb0U8eadq2woHLMS-qFuGWJb9YZ_r8MaLNpx1Q&amp;oe=6628F604\" alt=\"Foto\u011fraf\u0131 A\u00e7\" width=\"606\" height=\"671\" \/><\/p>\n<p>&nbsp;<\/p>\n","protected":false},"excerpt":{"rendered":"<p>2024 1 May\u0131s\u2019\u0131 yakla\u015f\u0131rken, bir araya gelen devrimci \u00f6rg\u00fctler ve emek \u00f6rg\u00fctleri bir bildiri yay\u0131nlayarak 1 May\u0131s Alan\u0131\u2019n\u0131n Taksim oldu\u011fu<\/p>\n","protected":false},"author":1,"featured_media":1717,"comment_status":"closed","ping_status":"closed","sticky":false,"template":"","format":"standard","meta":{"footnotes":""},"categories":[72],"tags":[],"class_list":["post-1716","post","type-post","status-publish","format-standard","has-post-thumbnail","hentry","category-guncel"],"_links":{"self":[{"href":"https:\/\/dkder.org\/index.php\/wp-json\/wp\/v2\/posts\/1716","targetHints":{"allow":["GET"]}}],"collection":[{"href":"https:\/\/dkder.org\/index.php\/wp-json\/wp\/v2\/posts"}],"about":[{"href":"https:\/\/dkder.org\/index.php\/wp-json\/wp\/v2\/types\/post"}],"author":[{"embeddable":true,"href":"https:\/\/dkder.org\/index.php\/wp-json\/wp\/v2\/users\/1"}],"replies":[{"embeddable":true,"href":"https:\/\/dkder.org\/index.php\/wp-json\/wp\/v2\/comments?post=1716"}],"version-history":[{"count":2,"href":"https:\/\/dkder.org\/index.php\/wp-json\/wp\/v2\/posts\/1716\/revisions"}],"predecessor-version":[{"id":1719,"href":"https:\/\/dkder.org\/index.php\/wp-json\/wp\/v2\/posts\/1716\/revisions\/1719"}],"wp:featuredmedia":[{"embeddable":true,"href":"https:\/\/dkder.org\/index.php\/wp-json\/wp\/v2\/media\/1717"}],"wp:attachment":[{"href":"https:\/\/dkder.org\/index.php\/wp-json\/wp\/v2\/media?parent=1716"}],"wp:term":[{"taxonomy":"category","embeddable":true,"href":"https:\/\/dkder.org\/index.php\/wp-json\/wp\/v2\/categories?post=1716"},{"taxonomy":"post_tag","embeddable":true,"href":"https:\/\/dkder.org\/index.php\/wp-json\/wp\/v2\/tags?post=1716"}],"curies":[{"name":"wp","href":"https:\/\/api.w.org\/{rel}","templated":true}]}}