{"id":1769,"date":"2024-04-23T20:26:35","date_gmt":"2024-04-23T20:26:35","guid":{"rendered":"https:\/\/dkder.org\/?p=1769"},"modified":"2024-04-23T20:27:12","modified_gmt":"2024-04-23T20:27:12","slug":"1-mayisin-adresi-taksim-meydanidir-2","status":"publish","type":"post","link":"https:\/\/dkder.org\/index.php\/2024\/04\/23\/1-mayisin-adresi-taksim-meydanidir-2\/","title":{"rendered":"1 MAYIS\u2019IN ADRES\u0130 TAKS\u0130M MEYDANI\u2019DIR!"},"content":{"rendered":"<div class=\"xdj266r x11i5rnm xat24cr x1mh8g0r x1vvkbs x126k92a\">\n<div dir=\"auto\">2024 1 May\u0131s\u2019\u0131 yakla\u015f\u0131rken \u0130stanbul\u2019un i\u015f\u00e7i, emek\u00e7i b\u00f6lgelerinde, kent meydanlar\u0131nda 1 May\u0131s \u00e7al\u0131\u015fmalar\u0131 h\u0131z kazanm\u0131\u015f durumda. 2024 1 May\u0131s Taksim Platformu olarak Taksim\u2019de olaca\u011f\u0131m\u0131z\u0131 ilan etmemizin ard\u0131ndan D\u0130SK-KESK gibi i\u015f\u00e7i konfederasyonlar\u0131 ve ba\u011f\u0131ms\u0131z, m\u00fccadeleci bir dizi sendika da bu y\u0131l Taksim\u2019de olaca\u011f\u0131n\u0131 ilan etti. Son 10 g\u00fcnd\u00fcr yo\u011funla\u015fan Taksim 1 May\u0131s \u00e7al\u0131\u015fmalar\u0131n\u0131n ard\u0131ndan, i\u015f\u00e7i s\u0131n\u0131f\u0131 ve emek\u00e7ilerde uzun bir s\u00fcredir birikmi\u015f olan toplumsal \u00f6fke ve enerjinin Taksim Meydan\u0131\u2019na kitlesel olarak akmas\u0131n\u0131n \u00f6n\u00fcn\u00fc kesmek i\u00e7in sermaye ve iktidar cephesinden a\u00e7\u0131klamalar gelmeye ba\u015flad\u0131.<\/div>\n<\/div>\n<div class=\"x11i5rnm xat24cr x1mh8g0r x1vvkbs xtlvy1s x126k92a\">\n<div dir=\"auto\">\u00c7al\u0131\u015fma ve Sosyal G\u00fcvenlik Bakan\u0131 Vedat I\u015f\u0131khan, asgari \u00fccretin a\u00e7l\u0131k s\u0131n\u0131r\u0131na e\u015fitlendi\u011fi bug\u00fcnlerde, sermaye s\u0131n\u0131f\u0131n\u0131n i\u015f\u00e7i \u00fccretlerini enflasyonun nedeni oldu\u011fu yalan\u0131na T\u00fcrk-\u0130\u015f Ba\u015fkan\u0131\u2019n\u0131n, \u201c\u00d6nce enflasyon d\u00fc\u015fs\u00fcn, Temmuz\u2019da asgari \u00fccrete zam yap\u0131lmas\u0131n\u201d diyerek dahil oldu\u011fu bir toplant\u0131 ger\u00e7ekle\u015fti. O toplant\u0131da bakan, \u201c\u0130\u015f\u00e7inin, emek\u00e7inin ve \u00e7al\u0131\u015fanlar\u0131n al\u0131n terinin Taksim Meydan\u0131\u2019na s\u0131\u011fmayacak kadar b\u00fcy\u00fckt\u00fcr. 1977 y\u0131l\u0131nda Taksim\u2019de kaybetti\u011fimiz 34 i\u015f\u00e7imizi, emek\u00e7imizi rahmetle yad ediyorum. Ancak Taksim\u2019de hayatlar\u0131n\u0131 kaybeden emek\u00e7ilerimizin isimlerini bile hat\u0131rlamayanlar\u0131n, onlar\u0131n aziz hat\u0131ralar\u0131n\u0131 kullanarak, bu alanda kitlesel kutlama inad\u0131, 1 May\u0131s\u2019\u0131n dayan\u0131\u015fma ruhunu zedelemektedir. Bildi\u011finiz gibi, 1 May\u0131s\u2019ta kaybetti\u011fimiz canlar\u0131m\u0131z\u0131 Taksim\u2019de anmak i\u00e7in sendikalar\u0131m\u0131za, s\u0131n\u0131rl\u0131 kat\u0131l\u0131mlar\u0131na izin verilmektedir.\u201d ifadeleri ile Taksim\u2019de ger\u00e7ekle\u015fen kitlesel kutlama ve g\u00f6sterilerin sermaye cephesini korkuttu\u011funu bir dizi \u00e7arp\u0131t\u0131lm\u0131\u015f ifade ile ortaya koymu\u015ftur. \u0130\u015f\u00e7i cinayetlerinde d\u00fcnyan\u0131n en \u00fcst s\u0131ralar\u0131nda yer alan, i\u015f\u00e7i emek\u00e7ilerin k\u00f6lece ko\u015fullarda \u00e7al\u0131\u015ft\u0131ran, sefalet \u00fccretlerine mahkum eden bu d\u00fczenin sahiplerinden i\u015f\u00e7i, emek\u00e7ilerin alaca\u011f\u0131 bir nasihat yoktur.<\/div>\n<\/div>\n<div class=\"x11i5rnm xat24cr x1mh8g0r x1vvkbs xtlvy1s x126k92a\">\n<div dir=\"auto\">Bu topraklarda s\u00fcren s\u0131n\u0131flar m\u00fccadelesidir. Bunun bir taraf\u0131nda elinde ekonomik, politik iktidar\u0131 bulunduran sermaye egemenli\u011fi di\u011fer tarafta ise her \u015feyi \u00fcretip hi\u00e7bir \u015feyi olmayan milyonlardan olu\u015fan i\u015f\u00e7i s\u0131n\u0131f\u0131d\u0131r. \u0130\u015f\u00e7i s\u0131n\u0131f\u0131n\u0131n uluslararas\u0131 birlik, m\u00fccadele ve dayan\u0131\u015fma g\u00fcn\u00fc olan 1 May\u0131s\u2019\u0131n nas\u0131l ve nerede kutlanaca\u011f\u0131na i\u015f\u00e7i s\u0131n\u0131f\u0131 kendisi karar verir. 1977\u2019den bug\u00fcne 1 May\u0131s alan\u0131 Taksim Meydan\u0131 ile \u00f6zde\u015fle\u015fmi\u015ftir. 77 1 May\u0131s\u2019\u0131ndaki katliam\u0131 a\u011fz\u0131na alarak Taksim\u2019i engellemek isteyenler bu katliam\u0131n faili olan sermaye s\u0131n\u0131f\u0131n\u0131n temsilcileridir.<\/div>\n<\/div>\n<div class=\"x11i5rnm xat24cr x1mh8g0r x1vvkbs xtlvy1s x126k92a\">\n<div dir=\"auto\">Bu y\u0131l emek, meslek \u00f6rg\u00fctleri, demokratik kitle \u00f6rg\u00fctleri ve devrimci, sosyalist g\u00fc\u00e7ler 1 May\u0131s\u2019a dair karar\u0131n\u0131 a\u00e7\u0131klam\u0131\u015ft\u0131r. 2024 1 May\u0131s\u2019\u0131 bu y\u0131l da i\u015f\u00e7i s\u0131n\u0131f\u0131n\u0131n, emek\u00e7ilerin, emekten yana olan t\u00fcm g\u00fc\u00e7lerin kendi talepleriyle kitlesel ve g\u00f6rkemli bir \u015fekilde Taksim\u2019de kutlanacakt\u0131r.<\/div>\n<div dir=\"auto\">\u00c7al\u0131\u015fma Bakan\u0131\u2019n\u0131n bug\u00fcn yapt\u0131\u011f\u0131 a\u00e7\u0131klamalar i\u015f\u00e7i, emek\u00e7ilerin Taksim\u2019de kitlesel ve birle\u015fik bir \u015fekilde bulu\u015fmas\u0131ndan duydu\u011fu korkunun ifade edilmesidir. Bu a\u00e7\u0131klama ve \u00e7arp\u0131tmalar ge\u00e7mi\u015ften bu yana s\u00fcregelen yalan ve \u00e7arp\u0131tmalar\u0131n, yasak\u00e7\u0131 anlay\u0131\u015f\u0131n bir devam\u0131d\u0131r. 1 May\u0131s\u2019\u0131n adresi Taksim\u2019dir! T\u00fcm i\u015f\u00e7i emek\u00e7ileri, bu d\u00fczene kar\u015f\u0131 olan herkesi 1 May\u0131s\u2019\u0131 tarihsel ve s\u0131n\u0131fsal \u00f6z\u00fcne uygun bir \u015fekilde kutlamak i\u00e7in Taksim Meydan\u0131\u2019na \u00e7a\u011f\u0131r\u0131yoruz!<\/div>\n<\/div>\n<div class=\"x11i5rnm xat24cr x1mh8g0r x1vvkbs xtlvy1s x126k92a\">\n<div dir=\"auto\">23.04.2024<\/div>\n<div dir=\"auto\">2024 1 MAYIS TAKS\u0130M PLATFORMU<\/div>\n<\/div>\n","protected":false},"excerpt":{"rendered":"<p>2024 1 May\u0131s\u2019\u0131 yakla\u015f\u0131rken \u0130stanbul\u2019un i\u015f\u00e7i, emek\u00e7i b\u00f6lgelerinde, kent meydanlar\u0131nda 1 May\u0131s \u00e7al\u0131\u015fmalar\u0131 h\u0131z kazanm\u0131\u015f durumda. 2024 1 May\u0131s Taksim<\/p>\n","protected":false},"author":1,"featured_media":1767,"comment_status":"closed","ping_status":"closed","sticky":false,"template":"","format":"standard","meta":{"footnotes":""},"categories":[72,1],"tags":[],"class_list":["post-1769","post","type-post","status-publish","format-standard","has-post-thumbnail","hentry","category-guncel","category-uncategorized"],"_links":{"self":[{"href":"https:\/\/dkder.org\/index.php\/wp-json\/wp\/v2\/posts\/1769","targetHints":{"allow":["GET"]}}],"collection":[{"href":"https:\/\/dkder.org\/index.php\/wp-json\/wp\/v2\/posts"}],"about":[{"href":"https:\/\/dkder.org\/index.php\/wp-json\/wp\/v2\/types\/post"}],"author":[{"embeddable":true,"href":"https:\/\/dkder.org\/index.php\/wp-json\/wp\/v2\/users\/1"}],"replies":[{"embeddable":true,"href":"https:\/\/dkder.org\/index.php\/wp-json\/wp\/v2\/comments?post=1769"}],"version-history":[{"count":1,"href":"https:\/\/dkder.org\/index.php\/wp-json\/wp\/v2\/posts\/1769\/revisions"}],"predecessor-version":[{"id":1770,"href":"https:\/\/dkder.org\/index.php\/wp-json\/wp\/v2\/posts\/1769\/revisions\/1770"}],"wp:featuredmedia":[{"embeddable":true,"href":"https:\/\/dkder.org\/index.php\/wp-json\/wp\/v2\/media\/1767"}],"wp:attachment":[{"href":"https:\/\/dkder.org\/index.php\/wp-json\/wp\/v2\/media?parent=1769"}],"wp:term":[{"taxonomy":"category","embeddable":true,"href":"https:\/\/dkder.org\/index.php\/wp-json\/wp\/v2\/categories?post=1769"},{"taxonomy":"post_tag","embeddable":true,"href":"https:\/\/dkder.org\/index.php\/wp-json\/wp\/v2\/tags?post=1769"}],"curies":[{"name":"wp","href":"https:\/\/api.w.org\/{rel}","templated":true}]}}