{"id":1806,"date":"2024-05-11T21:21:24","date_gmt":"2024-05-11T21:21:24","guid":{"rendered":"https:\/\/dkder.org\/?p=1806"},"modified":"2024-05-11T21:22:36","modified_gmt":"2024-05-11T21:22:36","slug":"taksim-tutuklamalari-kadikoyde-protesto-edildi","status":"publish","type":"post","link":"https:\/\/dkder.org\/index.php\/2024\/05\/11\/taksim-tutuklamalari-kadikoyde-protesto-edildi\/","title":{"rendered":"Taksim tutuklamalar\u0131 Kad\u0131k\u00f6y\u2019de protesto edildi"},"content":{"rendered":"<p>\u0130STANBUL &#8211; 1 May\u0131s tutuklamalar\u0131n\u0131 Kad\u0131k\u00f6y\u2019de protesto eden DKDER&#8217;in de bile\u015fen olarak i\u00e7inde oldu\u011fu Emek, Bar\u0131\u015f ve Demokrasi G\u00fc\u00e7leri, sald\u0131r\u0131lara kar\u015f\u0131 \u00a0m\u00fccadeleyi b\u00fcy\u00fcteceklerinin mesaj\u0131n\u0131 verdi.<\/p>\n<p>\u0130stanbul Emek, Bar\u0131\u015f ve Demokrasi G\u00fc\u00e7leri, 1 May\u0131s&#8217;ta yasaklara kar\u015f\u0131 direnen 50 ki\u015finin tutuklanmas\u0131n\u0131 Kad\u0131k\u00f6y&#8217;de bulunan \u0130skele Meydan\u0131&#8217;nda protesto etti. &#8216;1 May\u0131s tutsaklar\u0131 onurumuzdur&#8217;, &#8216;1 May\u0131s&#8217;tan, Taksim&#8217;den, arkada\u015flar\u0131m\u0131zdan vazge\u00e7emiyoruz&#8217; d\u00f6vizlerinin ta\u015f\u0131nd\u0131\u011f\u0131 eylemde &#8216;1 May\u0131s&#8217;a, Taksim&#8217;e, tutsaklara \u00f6zg\u00fcrl\u00fck&#8217; ve &#8216;1 May\u0131s&#8217;ta 25&#8217;i \u00f6\u011frenci 50 devrimci tutukland\u0131, hepsini alaca\u011f\u0131z&#8217; pankartlar\u0131 a\u00e7\u0131ld\u0131. Eylemde s\u0131k s\u0131k &#8216;Devrimci tutsaklar onurumuzdur&#8217;, &#8216;Her yer Taksim, her yer Direni\u015f&#8217; sloganlar\u0131 at\u0131ld\u0131.<\/p>\n<p><img decoding=\"async\" src=\"https:\/\/scontent.fadb1-1.fna.fbcdn.net\/v\/t39.30808-6\/441502888_757770766340296_4827614140942700045_n.jpg?_nc_cat=101&amp;ccb=1-7&amp;_nc_sid=5f2048&amp;_nc_ohc=d9MVVK4NvGsQ7kNvgHJKqaO&amp;_nc_ht=scontent.fadb1-1.fna&amp;oh=00_AYBewpw0ieTRhENzg4irdTB38D34usyoATn0HdSPy2emZw&amp;oe=6645B74E\" alt=\"Bir 1 ki\u015fi, kalabal\u0131k ve yaz\u0131 g\u00f6rseli olabilir\" \/><\/p>\n<p>A\u00e7\u0131klamaya Halklar\u0131n E\u015fitlik ve Demokrasi Partisi (DEM Parti) milletvekilleri \u00d6zg\u00fcl Saki, Halklar\u0131n Demokratik Kongresi (HDK) E\u015f S\u00f6zc\u00fcs\u00fc Cengiz \u00c7i\u00e7ek ve Kezban Konuk\u00e7u; DEM Parti MYK \u00fcyesi Musa Piro\u011flu\u2019nun yan\u0131 s\u0131ra \u00e7ok say\u0131da kurum temsilcisi ve yurtta\u015f kat\u0131ld\u0131.<\/p>\n<p>Emek, Bar\u0131\u015f ve Demokrasi G\u00fc\u00e7leri ad\u0131na bas\u0131n a\u00e7\u0131klamas\u0131n\u0131 okuyan Tu\u011fgen G\u00fcm\u00fc\u015fay, 1 May\u0131s&#8217;ta binlerce insan\u0131n emekleri ve \u00f6zg\u00fcrl\u00fckleri i\u00e7in sokaklarda bulu\u015fmas\u0131na kar\u015f\u0131n Taksim&#8217;in yasaklanmak istedi\u011fini vurgulayarak, \u201c\u0130\u015f\u00e7ilere siyan\u00fcrl\u00fc madenlerde \u00f6lmek yasak de\u011fil, kad\u0131nlar\u0131n sokak ortas\u0131nda \u00f6ld\u00fcr\u00fclmeleri yasak de\u011fil, \u00f6\u011frencilere KYK yurtlar\u0131nda \u00f6lmek yasak de\u011fil, emeklilerin a\u00e7l\u0131k s\u0131n\u0131r\u0131n\u0131n alt\u0131nda ya\u015famas\u0131 yasak de\u011fil ancak Taksim size yasak denmi\u015ftir. B\u00fct\u00fcn engellemelere, \u015fiddete, kara propagandaya ra\u011fmen binlerin Taksim\u2019e y\u00fcr\u00fcme iradesi k\u0131r\u0131lamam\u0131\u015ft\u0131r\u201d diye belirtti.<\/p>\n<p>Taksim\u2019e y\u00fcr\u00fcyenlerin hedef g\u00f6sterilmesiyle 1 May\u0131s g\u00fcn\u00fc ve sonras\u0131nda toplam 263 ki\u015fi i\u00e7in g\u00f6zalt\u0131 karar\u0131 al\u0131nd\u0131\u011f\u0131n\u0131 belirten G\u00fcm\u00fc\u015fay, \u201cTaksim 1 May\u0131s alan\u0131d\u0131r. Taksim\u2019e y\u00fcr\u00fcmek hakt\u0131r. Taksim\u2019de 1 May\u0131s kutlamak me\u015frudur. Ortada olan tek su\u00e7 i\u015f\u00e7i s\u0131n\u0131f\u0131n\u0131n 1 May\u0131s Meydan\u0131\u2019n\u0131n, milyonlar\u0131n \u00f6zg\u00fcrl\u00fck alan\u0131 Taksim Meydan\u0131\u2019n\u0131n emek\u00e7ilere yasaklanmas\u0131d\u0131r\u201d \u015feklinde konu\u015ftu.<\/p>\n<p>Son olarak Taksim\u2019e y\u00fcr\u00fcyenlerin \u201ci\u015f\u00e7ilerin, yoksullar\u0131n, emeklilerin, kad\u0131nlar\u0131n, \u00f6\u011frencilerin iradesi\u201d oldu\u011funu s\u00f6yleyen G\u00fcm\u00fc\u015fay, s\u00f6zlerini \u015f\u00f6yle s\u00fcrd\u00fcrd\u00fc: Bu iradeyi ne kara propagandan\u0131z, ne hedef g\u00f6stermeleriniz, ne yasaklamalar\u0131n\u0131z yenemeyecek. Direnenler, halk\u0131n \u00f6fkesini \u00f6rg\u00fctleyenler kazanacak. Sald\u0131r\u0131lara kar\u015f\u0131 insanca, onurlu bir ya\u015fam m\u00fccadelesini b\u00fcy\u00fctece\u011fiz. Taksim biziz, arkada\u015flar\u0131m\u0131z\u0131n arkas\u0131nday\u0131z.\u201d<\/p>\n<p>Daha sonra gen\u00e7lik \u00f6rg\u00fctleri ad\u0131na Irmak Biter s\u00f6z ald\u0131. Tutuklanan arkada\u015flar\u0131 i\u00e7in m\u00fccadeleyi s\u00fcrd\u00fcreceklerini ifade eden Biter, \u201c1 May\u0131s alan\u0131 Taksim\u2019dir dedi\u011fi i\u00e7in 25\u2019i \u00fcniversiteli, 50 ki\u015fi i\u00e7in bug\u00fcn buraday\u0131z. Kayyum rekt\u00f6re, geleceksizli\u011fe kar\u015f\u0131 y\u00fcr\u00fcd\u00fck. Sadece 50 ki\u015fi de\u011fil hepimiz oradayd\u0131k. Hepimiz barikat\u0131n \u00fcst\u00fcne y\u00fcr\u00fcd\u00fck. Ne ev bask\u0131nlar\u0131n\u0131z, ne g\u00f6zalt\u0131, ne tutuklamalar\u0131n\u0131z bizi y\u0131ld\u0131ramaz. Arkada\u015flar\u0131m\u0131z\u0131 alana kadar m\u00fccadeleye devam edece\u011fiz\u201d diye belirtti.<\/p>\n<p>Konu\u015fmalar\u0131n ard\u0131ndan eylem sloganlarla son buldu.<\/p>\n<p><img decoding=\"async\" src=\"https:\/\/scontent.fadb1-2.fna.fbcdn.net\/v\/t39.30808-6\/438093745_757770856340287_764787446863329421_n.jpg?_nc_cat=103&amp;ccb=1-7&amp;_nc_sid=5f2048&amp;_nc_ohc=c2Njuij4dPMQ7kNvgE2nUhO&amp;_nc_ht=scontent.fadb1-2.fna&amp;oh=00_AYCgmE1zU0IwiL9GDev5rqy1-nOk6j0gaX2JSW1hn6PlAw&amp;oe=66459742\" alt=\"Bir 5 ki\u015fi ve \u015funu diyen bir yaz\u0131 'TMAYISA TAYOM \u00a1MAYIS'A TUTSAMLARA BGALUK HER YER TAKS\u0130M HER YER DIRENIS MAYISA TAYAKLARA PeGinun SEM\u0130NDUN Bzsiin FILISTI ESP 1MAYIS TAKS\u0130M TUTSAKLARA OZGUSL\u00dcK HER YER TAKS\u0130M TUTSAKLARA \u00d6ZGt OZ HER D\u0130REN\u0130S YER L\u00dcK! iSTANBUL EMEK, BARIS ve DEMOKR G\u00dcCLERI' g\u00f6rseli olabilir\" \/><\/p>\n<p><img loading=\"lazy\" decoding=\"async\" class=\"\" src=\"https:\/\/scontent.fadb1-2.fna.fbcdn.net\/v\/t39.30808-6\/441529880_757770699673636_6870657808983273807_n.jpg?_nc_cat=103&amp;ccb=1-7&amp;_nc_sid=5f2048&amp;_nc_ohc=Hly_Dq2A0DUQ7kNvgF_Fmnz&amp;_nc_ht=scontent.fadb1-2.fna&amp;oh=00_AYDCm0tiGwz07vi6xg_HRe83zHSN2aIqgkM9PhEdFdOjhg&amp;oe=6645BD15\" alt=\"Bir 4 ki\u015fi g\u00f6rseli olabilir\" width=\"721\" height=\"422\" \/><\/p>\n<p><img loading=\"lazy\" decoding=\"async\" class=\"\" src=\"https:\/\/scontent.fadb1-2.fna.fbcdn.net\/v\/t39.30808-6\/438086864_757770796340293_2168095273300946310_n.jpg?_nc_cat=102&amp;ccb=1-7&amp;_nc_sid=5f2048&amp;_nc_ohc=IAuHabCC5IgQ7kNvgG8RZKE&amp;_nc_ht=scontent.fadb1-2.fna&amp;oh=00_AYCBTolv8y2T-EnzJ9qn7fr_rRwTymqjrujjDoV-IPqzLw&amp;oe=6645A58E\" alt=\"Bir 3 ki\u015fi, kalabal\u0131k, Brandenburg Kap\u0131s\u0131 ve yaz\u0131 g\u00f6rseli olabilir\" width=\"725\" height=\"543\" \/><\/p>\n<p><img loading=\"lazy\" decoding=\"async\" class=\"\" src=\"https:\/\/scontent.fadb1-1.fna.fbcdn.net\/v\/t39.30808-6\/440854882_757770619673644_5368105917245001539_n.jpg?_nc_cat=108&amp;ccb=1-7&amp;_nc_sid=5f2048&amp;_nc_ohc=Yb3f9XeMlWsQ7kNvgFRFfQ8&amp;_nc_oc=AdhMsdepP5yZonG6MVV3VeEivJrOyAwX9MjxCWEC5sgrtUD92xSXDJBRq18Jr_gzlW0&amp;_nc_ht=scontent.fadb1-1.fna&amp;oh=00_AYAJuMlqN3agYk01eCa1oU_ph33U1w_NaSfl2bQFWTzYzQ&amp;oe=66459A1C\" alt=\"Bir \u200e5 ki\u015fi ve \u200e\u015funu diyen bir yaz\u0131 '\u200e1 MAYIS'A \u0e2e\u0e31\u0e48\u0e07 TAKS\u0130M'E 1MAYIS'A TAKS\u0130M'E ,5\u0627 IS rIS'A ' AKS\u0130M' TUTSAKLARA \u0130M'E TUTSAKLARA OZG\u00dcDL\u00dc \u00d6ZG\u00dcNL\u00dcK ZG\u00dcRL\u00dc TSAKLAF \u00d6ZG' BL\u00dcK &lt;LARA RL\u00dcK YIS LARI\u200e'\u200e\u200e g\u00f6rseli olabilir\" width=\"729\" height=\"435\" \/><\/p>\n<p><img loading=\"lazy\" decoding=\"async\" class=\"\" src=\"https:\/\/scontent.fadb1-1.fna.fbcdn.net\/v\/t39.30808-6\/438078426_757770679673638_2741822033520589816_n.jpg?_nc_cat=108&amp;ccb=1-7&amp;_nc_sid=5f2048&amp;_nc_ohc=byjolsXB4HoQ7kNvgHpVnUy&amp;_nc_ht=scontent.fadb1-1.fna&amp;oh=00_AYBdYF3tiJqtjef2_0Ki3yUKhobXHXJyqeEzmOk82LPwnA&amp;oe=6645A1AA\" alt=\"Bir 5 ki\u015fi ve yaz\u0131 g\u00f6rseli olabilir\" width=\"724\" height=\"387\" \/><\/p>\n<p>&nbsp;<\/p>\n","protected":false},"excerpt":{"rendered":"<p>\u0130STANBUL &#8211; 1 May\u0131s tutuklamalar\u0131n\u0131 Kad\u0131k\u00f6y\u2019de protesto eden DKDER&#8217;in de bile\u015fen olarak i\u00e7inde oldu\u011fu Emek, Bar\u0131\u015f ve Demokrasi G\u00fc\u00e7leri, sald\u0131r\u0131lara<\/p>\n","protected":false},"author":1,"featured_media":1807,"comment_status":"closed","ping_status":"closed","sticky":false,"template":"","format":"standard","meta":{"footnotes":""},"categories":[72],"tags":[],"class_list":["post-1806","post","type-post","status-publish","format-standard","has-post-thumbnail","hentry","category-guncel"],"_links":{"self":[{"href":"https:\/\/dkder.org\/index.php\/wp-json\/wp\/v2\/posts\/1806","targetHints":{"allow":["GET"]}}],"collection":[{"href":"https:\/\/dkder.org\/index.php\/wp-json\/wp\/v2\/posts"}],"about":[{"href":"https:\/\/dkder.org\/index.php\/wp-json\/wp\/v2\/types\/post"}],"author":[{"embeddable":true,"href":"https:\/\/dkder.org\/index.php\/wp-json\/wp\/v2\/users\/1"}],"replies":[{"embeddable":true,"href":"https:\/\/dkder.org\/index.php\/wp-json\/wp\/v2\/comments?post=1806"}],"version-history":[{"count":2,"href":"https:\/\/dkder.org\/index.php\/wp-json\/wp\/v2\/posts\/1806\/revisions"}],"predecessor-version":[{"id":1810,"href":"https:\/\/dkder.org\/index.php\/wp-json\/wp\/v2\/posts\/1806\/revisions\/1810"}],"wp:featuredmedia":[{"embeddable":true,"href":"https:\/\/dkder.org\/index.php\/wp-json\/wp\/v2\/media\/1807"}],"wp:attachment":[{"href":"https:\/\/dkder.org\/index.php\/wp-json\/wp\/v2\/media?parent=1806"}],"wp:term":[{"taxonomy":"category","embeddable":true,"href":"https:\/\/dkder.org\/index.php\/wp-json\/wp\/v2\/categories?post=1806"},{"taxonomy":"post_tag","embeddable":true,"href":"https:\/\/dkder.org\/index.php\/wp-json\/wp\/v2\/tags?post=1806"}],"curies":[{"name":"wp","href":"https:\/\/api.w.org\/{rel}","templated":true}]}}