{"id":1882,"date":"2024-05-28T09:00:46","date_gmt":"2024-05-28T09:00:46","guid":{"rendered":"https:\/\/dkder.org\/?p=1882"},"modified":"2024-05-28T09:00:46","modified_gmt":"2024-05-28T09:00:46","slug":"izmirde-devrimci-tutsaklara-ozgurluk-eylemi","status":"publish","type":"post","link":"https:\/\/dkder.org\/index.php\/2024\/05\/28\/izmirde-devrimci-tutsaklara-ozgurluk-eylemi\/","title":{"rendered":"\u0130zmir&#8217;de &#8216;Devrimci Tutsaklara \u00d6zg\u00fcrl\u00fck&#8217; eylemi"},"content":{"rendered":"<p>Yerel se\u00e7im s\u00fcrecinin ard\u0131ndan Van eylemleri ile yo\u011funla\u015f\u0131p, 1 May\u0131s&#8217;ta Taksim&#8217;e y\u00fcr\u00fcme iradesi kar\u015f\u0131s\u0131nda pervas\u0131zla\u015fan g\u00f6zalt\u0131 ve tutuklamalara kar\u015f\u0131 \u0130zmir&#8217;de ilerici-devrimci kurumlar taraf\u0131ndan ger\u00e7ekle\u015ftirilen bir eylemle protesto edildi.<\/p>\n<p>Sistemin \u00e7ok y\u00f6nl\u00fc krizlerin derinle\u015fti\u011fi bir evrede geni\u015f i\u015f\u00e7i ve emek\u00e7i kitlelere g\u00f6zda\u011f\u0131 vermek, devrimci g\u00fc\u00e7ler \u015fahs\u0131nda toplumsal muhalefeti sindirmek i\u00e7in y\u00fcr\u00fct\u00fclen bask\u0131 ve tutuklamalara kar\u015f\u0131 m\u00fccadele \u00e7a\u011fr\u0131s\u0131 yap\u0131ld\u0131. Alsancak&#8217;ta bulunan \u00d6SYM \u00f6n\u00fcnde toplanan devrimci kurumlar &#8220;Bask\u0131lar, g\u00f6zalt\u0131lar, tutuklamalar bizi y\u0131ld\u0131ramaz! Devrimci tutsaklara \u00f6zg\u00fcrl\u00fck!&#8221; \u015fiarl\u0131 pankart a\u00e7arak y\u00fcr\u00fcy\u00fc\u015f ger\u00e7ekle\u015ftirdi.<\/p>\n<p><strong>YA\u015eASIN DEVR\u0130MC\u0130 DAYANI\u015eMA<\/strong><\/p>\n<p>K\u0131br\u0131s \u015eehitleri Caddesinde y\u00fcr\u00fcy\u00fc\u015f boyunca, ger\u00e7ekle\u015ftirilen ve megafonla duyurulan konu\u015fmalarda son s\u00fcre\u00e7te yo\u011funla\u015fan bask\u0131, yasak ve tutuklamalar te\u015fhir edilirken, devrimcilerin, sosyalistlerin on y\u0131llard\u0131r y\u0131lmadan y\u00fcr\u00fctt\u00fc\u011f\u00fc m\u00fccadelenin alt\u0131 \u00e7izildi. \u0130\u015f\u00e7ileri, emek\u00e7ileri a\u00e7l\u0131\u011fa, yoksullu\u011fa, sefalete s\u00fcr\u00fcklen d\u00fczenin ayn\u0131 zamanda toplumun direnen, m\u00fccadele eden g\u00fc\u00e7lerini hedef haline getirdi\u011fi vurguland\u0131. \u0130srail siyonizminin Filistin&#8217;de ger\u00e7ekle\u015ftirdi\u011fi katliamlar\u0131n, m\u00fclteci kamp\u0131na y\u00f6nelik ger\u00e7ekle\u015fen al\u00e7ak sald\u0131r\u0131n\u0131n da i\u015flendi\u011fi konu\u015fmada, Filistin halk\u0131n\u0131n direni\u015fi desteklenirken, Siyonistler ve i\u015fbirlik\u00e7ileri lanetlendi, egemen s\u0131n\u0131flar ve AKP iktidar\u0131n\u0131n politikalar\u0131 k\u0131nand\u0131. Y\u00fcr\u00fcy\u00fc\u015f, co\u015fkulu sloganlarla T\u00fcrkan Saylan K\u00fclt\u00fcr Merkezi \u00f6n\u00fcne kadar s\u00fcrd\u00fc.<\/p>\n<p><strong>TUTUKLAMALARA KAR\u015eI HER YERDE M\u00dcCADELE S\u00dcRECEK<\/strong><\/p>\n<p>TSKM \u00f6n\u00fcnde eylemi \u00f6rg\u00fctleyen kurumlar ad\u0131na ortak bas\u0131n metni okundu. A\u00e7\u0131klamada son d\u00f6nem iktidar\u0131n artan bask\u0131 ve tutuklama sald\u0131rganl\u0131\u011f\u0131, 1 May\u0131s&#8217;ta i\u015f\u00e7i ve emek\u00e7ilerin meydan\u0131 olan Taksim yasa\u011f\u0131n\u0131 tan\u0131may\u0131p Taksim&#8217;e y\u00fcr\u00fcme iradesi g\u00f6steren g\u00fc\u00e7lere y\u00f6nelik g\u00f6zalt\u0131 ve tutuklamalar, yine Van\u2019da irade gasp\u0131na kar\u015f\u0131 direnenlere y\u00f6nelik bask\u0131 tutuklamalar ile Kobane davas\u0131 cezalar\u0131 kar\u015f\u0131s\u0131nda her yerde m\u00fccadelenin s\u00fcrece\u011fi vurguland\u0131.<\/p>\n<p><strong>H\u0130\u00c7 B\u0130R BASKI VE ZULME BOYUN E\u011eMEYECE\u011e\u0130Z<\/strong><\/p>\n<p>A\u00e7\u0131klamada \u015fu g\u00f6r\u00fc\u015flere yer verildi: \u201c1 May\u0131s g\u00fcn\u00fc farkl\u0131 noktalardan Taksim\u2019e \u00e7\u0131kmaya \u00e7al\u0131\u015fan y\u00fczlerce i\u015f\u00e7i, \u00f6\u011frenci ve devrimci g\u00f6zalt\u0131na al\u0131nd\u0131, ard\u0131ndan 3 May\u0131s\u2019ta ev bask\u0131nlar\u0131yla 50\u2019ye yak\u0131n yolda\u015f\u0131m\u0131z g\u00f6zalt\u0131na al\u0131nd\u0131 ve tutukland\u0131. Tutuklanan arkada\u015flar\u0131m\u0131z\u0131 almak i\u00e7in m\u00fccadelemiz s\u00fcrerken 20 May\u0131s g\u00fcn\u00fc yine 36 ev bask\u0131n\u0131 ve 27 arkada\u015f\u0131m\u0131z g\u00f6zalt\u0131na al\u0131narak, tutsak edildi. Van halk\u0131n\u0131n iradesinin gasp edilmesine kar\u015f\u0131 yap\u0131lan dayan\u0131\u015fma eylemlerine destek veren ve halk\u0131n iradesine sahip \u00e7\u0131kmaya \u00e7al\u0131\u015fan devrimciler, \u0130brahim Kaypakkaya\u2019y\u0131 anmak isteyen yolda\u015flar\u0131m\u0131z da bu s\u00fcre\u00e7te g\u00f6zalt\u0131na al\u0131n\u0131p tutukland\u0131. 1 May\u0131s\u2019\u0131n kitlelerde yaratt\u0131\u011f\u0131 devrimci etkinin bilincinde olan saray rejimi, 1 May\u0131s\u2019ta i\u015f\u00e7ilerin kendi alan\u0131na \u00e7\u0131kmas\u0131n\u0131 engellemek i\u00e7in uygulad\u0131\u011f\u0131 fiili OHAL\u2019ini hala daha devam ettiriyor.\u201d<\/p>\n<p><strong>TUTSAKLAR SERBEST BIRAKILANA KADAR M\u00dcCADELEYE DEVAM<\/strong><\/p>\n<p>Kar\u015f\u0131m\u0131zda eme\u011fi, do\u011fay\u0131, kentlerimizi, ya\u015famlar\u0131m\u0131z\u0131 s\u00f6m\u00fcrerek, \u015fiddetle bast\u0131rarak ayakta kalmaya \u00e7al\u0131\u015fan egemen s\u0131n\u0131f\u0131n iktidar\u0131 oldu\u011fu, \u00fclkemizde a\u011f\u0131r bir ekonomik krizin ya\u015fand\u0131\u011f\u0131,\u00a0 \u00f6n\u00fcm\u00fczdeki d\u00f6nemde bu krizin i\u015f\u00e7i ve emek\u00e7iler i\u00e7in, yoksullar i\u00e7in daha da a\u011f\u0131rla\u015faca\u011f\u0131 vurgulanan a\u00e7\u0131klamada, \u00a0\u201cBu nedenle Sermaye s\u0131n\u0131f\u0131, egemenler i\u015f\u00e7i s\u0131n\u0131f\u0131n\u0131 daha da \u00f6rg\u00fcts\u00fcz, daha da eylemsiz k\u0131lmak istiyor. Fabrikalar\u0131nda i\u015f cinayetlerine izin verenler, i\u015f\u00e7ilerin kan\u0131n\u0131 emenler, a\u00e7l\u0131\u011f\u0131 ve i\u015fsizli\u011fi i\u015f\u00e7inin f\u0131trat\u0131 h\u00e2line getirenler, devrimden, i\u015f\u00e7i ve emek\u00e7ilerden, kitlelerin direni\u015finden korkmaktad\u0131r. Tutsak edilen arkada\u015flar\u0131m\u0131z serbest b\u0131rak\u0131lana kadar m\u00fccadelemiz s\u00fcrecektir.\u201difadelerine yer verildi.<\/p>\n<p>Eylemde yer alan kurumlar ise \u015f\u00f6yle:<strong>Ba\u011f\u0131ms\u0131z Devrimci S\u0131n\u0131f Platformu, Dostluk ve K\u00fclt\u00fcr Derne\u011fi(DKDER), Enternasyonal Kom\u00fcnist \u0130\u015f\u00e7i Birli\u011fi, \u0130\u015f\u00e7i Birlikleri Sendikas\u0131, Kald\u0131ra\u00e7 Hareketi, Kom\u00fcnist K\u00d6Z, Odak, Partizan, Sosyalist Meclisler Federasyonu, S\u00f6z ve Eylem, Sosyalist Emek\u00e7iler Partisi, Sosyalist Meclisler \u0130nsiyatifi.<\/strong><\/p>\n<p><img loading=\"lazy\" decoding=\"async\" src=\"https:\/\/scontent.fyei6-2.fna.fbcdn.net\/v\/t1.15752-9\/442651109_456388896987346_517179541857154678_n.jpg?stp=dst-jpg_s2048x2048&amp;_nc_cat=101&amp;ccb=1-7&amp;_nc_sid=5f2048&amp;_nc_ohc=wLbhb0oF6nAQ7kNvgE7BVra&amp;_nc_ht=scontent.fyei6-2.fna&amp;oh=03_Q7cD1QGu3In-6HPKsf6VFnYOaLnZ-Z6RIkJu7ZvPabgQJHILhQ&amp;oe=667D2179\" alt=\"A\u00e7\u0131klama yok.\" width=\"344\" height=\"229\" \/><\/p>\n<p>&nbsp;<\/p>\n<p><img loading=\"lazy\" decoding=\"async\" src=\"https:\/\/scontent.fyei6-4.fna.fbcdn.net\/v\/t1.15752-9\/442554042_462989072761687_1036524468493661617_n.jpg?_nc_cat=104&amp;ccb=1-7&amp;_nc_sid=5f2048&amp;_nc_ohc=CCHCapy428QQ7kNvgHAP64c&amp;_nc_ht=scontent.fyei6-4.fna&amp;oh=03_Q7cD1QEn4-r4VE2LEK8ITCbhSYO5lAVdgKfDkTrRuVwOZFgtJQ&amp;oe=667CEDE5\" alt=\"A\u00e7\u0131klama yok.\" width=\"347\" height=\"253\" \/><\/p>\n<p>&nbsp;<\/p>\n<p><img loading=\"lazy\" decoding=\"async\" src=\"https:\/\/scontent.fyei6-1.fna.fbcdn.net\/v\/t1.15752-9\/442706915_834759881853388_4799134730980788568_n.jpg?_nc_cat=107&amp;ccb=1-7&amp;_nc_sid=5f2048&amp;_nc_ohc=EyXdKWDWNUoQ7kNvgG1RRuO&amp;_nc_ht=scontent.fyei6-1.fna&amp;oh=03_Q7cD1QFxGCChvhllIFwK_Lg924d9bCebQ1oSrLYNmJa7rgKYxQ&amp;oe=667D0B04\" alt=\"A\u00e7\u0131klama yok.\" width=\"348\" height=\"191\" \/><\/p>\n<p>&nbsp;<\/p>\n<p><img loading=\"lazy\" decoding=\"async\" src=\"https:\/\/scontent.fyei6-3.fna.fbcdn.net\/v\/t1.15752-9\/445634994_371759072564899_1918997255135658753_n.jpg?_nc_cat=106&amp;ccb=1-7&amp;_nc_sid=5f2048&amp;_nc_ohc=3GDnBE3mQgoQ7kNvgGIaHBh&amp;_nc_ht=scontent.fyei6-3.fna&amp;oh=03_Q7cD1QEc5pSg8w8J28qEYBAU2a-ZTyMCTQJyQJjLsEY8RY9lyg&amp;oe=667CF9C0\" alt=\"A\u00e7\u0131klama yok.\" width=\"342\" height=\"343\" \/><\/p>\n<p>&nbsp;<\/p>\n<p><img loading=\"lazy\" decoding=\"async\" src=\"https:\/\/scontent.fyei6-3.fna.fbcdn.net\/v\/t1.15752-9\/445373031_413976644891491_3680317524643317924_n.jpg?stp=dst-jpg_s2048x2048&amp;_nc_cat=108&amp;ccb=1-7&amp;_nc_sid=5f2048&amp;_nc_ohc=-OG5INE6RkgQ7kNvgHa0U_I&amp;_nc_ht=scontent.fyei6-3.fna&amp;oh=03_Q7cD1QFbBUidnfupWFIjYvxg7N61H21tJQLo5fZyisS75Vy4gQ&amp;oe=667D0996\" alt=\"A\u00e7\u0131klama yok.\" width=\"347\" height=\"231\" \/><\/p>\n<p>&nbsp;<\/p>\n<p><img loading=\"lazy\" decoding=\"async\" src=\"https:\/\/scontent.fyei6-3.fna.fbcdn.net\/v\/t1.15752-9\/444760932_787435553369963_2257737908017861674_n.jpg?_nc_cat=106&amp;ccb=1-7&amp;_nc_sid=5f2048&amp;_nc_ohc=2_28KoGdqjIQ7kNvgH3_KMe&amp;_nc_ht=scontent.fyei6-3.fna&amp;oh=03_Q7cD1QEIaJ__GFC5CtMoqFiIriiqx4Xc7FPatQWI0y0ZRXCBbQ&amp;oe=667CF539\" alt=\"A\u00e7\u0131klama yok.\" width=\"346\" height=\"195\" \/><\/p>\n<p>&nbsp;<\/p>\n<p><img loading=\"lazy\" decoding=\"async\" src=\"https:\/\/scontent.fyei6-4.fna.fbcdn.net\/v\/t1.15752-9\/442694975_422376147354660_4723245238810401699_n.jpg?_nc_cat=110&amp;ccb=1-7&amp;_nc_sid=5f2048&amp;_nc_ohc=CB15KSpT4C4Q7kNvgGo9gLW&amp;_nc_ht=scontent.fyei6-4.fna&amp;oh=03_Q7cD1QGgKfT43TQD5yTRqo8T6gtrPkTwORUJ-0UJwyq4dcZoBw&amp;oe=667D2267\" alt=\"A\u00e7\u0131klama yok.\" width=\"348\" height=\"196\" \/><\/p>\n<p>&nbsp;<\/p>\n<p><img loading=\"lazy\" decoding=\"async\" src=\"https:\/\/scontent.fyei6-1.fna.fbcdn.net\/v\/t1.15752-9\/445628663_437464052425187_4623166856412406312_n.jpg?_nc_cat=107&amp;ccb=1-7&amp;_nc_sid=5f2048&amp;_nc_ohc=iK6uHxMml-IQ7kNvgF2xLaU&amp;_nc_ht=scontent.fyei6-1.fna&amp;oh=03_Q7cD1QEbPtobzRCceExKNj_cz7QmzA7xh9nn6LuoOwbRI_7yrA&amp;oe=667CFE4A\" alt=\"A\u00e7\u0131klama yok.\" width=\"346\" height=\"194\" \/><\/p>\n<p>&nbsp;<\/p>\n<p><img loading=\"lazy\" decoding=\"async\" src=\"https:\/\/scontent.fyei6-2.fna.fbcdn.net\/v\/t1.15752-9\/436448339_473049915258838_1177143464358227790_n.jpg?_nc_cat=101&amp;ccb=1-7&amp;_nc_sid=5f2048&amp;_nc_ohc=2rQ_kJskbM0Q7kNvgHFEnYa&amp;_nc_ht=scontent.fyei6-2.fna&amp;oh=03_Q7cD1QHuWuAoMeODl_OlEhX-YD62cxvoEBpQE7e41hiL-Y0b0w&amp;oe=667D08CC\" alt=\"A\u00e7\u0131klama yok.\" width=\"347\" height=\"195\" \/><\/p>\n<p>&nbsp;<\/p>\n<p><img loading=\"lazy\" decoding=\"async\" src=\"https:\/\/scontent.fyei6-5.fna.fbcdn.net\/v\/t1.15752-9\/445788805_1501172943806132_987534738755732795_n.jpg?_nc_cat=100&amp;ccb=1-7&amp;_nc_sid=5f2048&amp;_nc_ohc=sQjwXHVyENgQ7kNvgFqyc2c&amp;_nc_ht=scontent.fyei6-5.fna&amp;oh=03_Q7cD1QHGDdqK1pRmKHoO67ZuuvUzAo1k-FHCa6IwNI99v_cw0w&amp;oe=667D077F\" alt=\"A\u00e7\u0131klama yok.\" width=\"348\" height=\"228\" \/><\/p>\n<p>&nbsp;<\/p>\n<p><img loading=\"lazy\" decoding=\"async\" src=\"https:\/\/scontent.fyei6-2.fna.fbcdn.net\/v\/t1.15752-9\/441956762_983932533046986_8698036743775630253_n.jpg?stp=dst-jpg_s2048x2048&amp;_nc_cat=101&amp;ccb=1-7&amp;_nc_sid=5f2048&amp;_nc_ohc=dxZdUbFOKBQQ7kNvgGi5_yg&amp;_nc_ht=scontent.fyei6-2.fna&amp;oh=03_Q7cD1QE-RAHC46Ses9lLZ1RcLXsCQcryJCkmvMaKsT-nh358Pg&amp;oe=667D23E8\" alt=\"A\u00e7\u0131klama yok.\" width=\"353\" height=\"235\" \/><\/p>\n<p>&nbsp;<\/p>\n<p><img loading=\"lazy\" decoding=\"async\" src=\"https:\/\/scontent.fyei6-5.fna.fbcdn.net\/v\/t1.15752-9\/442530341_2670868756412494_2685856162259505120_n.jpg?_nc_cat=111&amp;ccb=1-7&amp;_nc_sid=5f2048&amp;_nc_ohc=RoQClJgKZGMQ7kNvgFW5KNI&amp;_nc_ht=scontent.fyei6-5.fna&amp;oh=03_Q7cD1QFj7orxNM1zFW3fyVMvUaEIp3nYHcyvx_Z-FpS26hd-Sg&amp;oe=667CF331\" alt=\"A\u00e7\u0131klama yok.\" width=\"350\" height=\"197\" \/><\/p>\n","protected":false},"excerpt":{"rendered":"<p>Yerel se\u00e7im s\u00fcrecinin ard\u0131ndan Van eylemleri ile yo\u011funla\u015f\u0131p, 1 May\u0131s&#8217;ta Taksim&#8217;e y\u00fcr\u00fcme iradesi kar\u015f\u0131s\u0131nda pervas\u0131zla\u015fan g\u00f6zalt\u0131 ve tutuklamalara kar\u015f\u0131 \u0130zmir&#8217;de<\/p>\n","protected":false},"author":1,"featured_media":1883,"comment_status":"closed","ping_status":"closed","sticky":false,"template":"","format":"standard","meta":{"footnotes":""},"categories":[72],"tags":[],"class_list":["post-1882","post","type-post","status-publish","format-standard","has-post-thumbnail","hentry","category-guncel"],"_links":{"self":[{"href":"https:\/\/dkder.org\/index.php\/wp-json\/wp\/v2\/posts\/1882","targetHints":{"allow":["GET"]}}],"collection":[{"href":"https:\/\/dkder.org\/index.php\/wp-json\/wp\/v2\/posts"}],"about":[{"href":"https:\/\/dkder.org\/index.php\/wp-json\/wp\/v2\/types\/post"}],"author":[{"embeddable":true,"href":"https:\/\/dkder.org\/index.php\/wp-json\/wp\/v2\/users\/1"}],"replies":[{"embeddable":true,"href":"https:\/\/dkder.org\/index.php\/wp-json\/wp\/v2\/comments?post=1882"}],"version-history":[{"count":1,"href":"https:\/\/dkder.org\/index.php\/wp-json\/wp\/v2\/posts\/1882\/revisions"}],"predecessor-version":[{"id":1884,"href":"https:\/\/dkder.org\/index.php\/wp-json\/wp\/v2\/posts\/1882\/revisions\/1884"}],"wp:featuredmedia":[{"embeddable":true,"href":"https:\/\/dkder.org\/index.php\/wp-json\/wp\/v2\/media\/1883"}],"wp:attachment":[{"href":"https:\/\/dkder.org\/index.php\/wp-json\/wp\/v2\/media?parent=1882"}],"wp:term":[{"taxonomy":"category","embeddable":true,"href":"https:\/\/dkder.org\/index.php\/wp-json\/wp\/v2\/categories?post=1882"},{"taxonomy":"post_tag","embeddable":true,"href":"https:\/\/dkder.org\/index.php\/wp-json\/wp\/v2\/tags?post=1882"}],"curies":[{"name":"wp","href":"https:\/\/api.w.org\/{rel}","templated":true}]}}