{"id":1931,"date":"2024-05-30T04:28:07","date_gmt":"2024-05-30T04:28:07","guid":{"rendered":"https:\/\/dkder.org\/?p=1931"},"modified":"2024-05-30T04:34:49","modified_gmt":"2024-05-30T04:34:49","slug":"1-mayis-tutsaklarinin-iddianamesi-hazirlandi","status":"publish","type":"post","link":"https:\/\/dkder.org\/index.php\/2024\/05\/30\/1-mayis-tutsaklarinin-iddianamesi-hazirlandi\/","title":{"rendered":"1 May\u0131s tutsaklar\u0131n\u0131n iddianamesi haz\u0131rland\u0131"},"content":{"rendered":"<p><strong>1 May\u0131s&#8217;ta Taksim&#8217;e y\u00fcr\u00fcme iradesi g\u00f6sterdikleri i\u00e7in 3 May\u0131s&#8217;ta ev bask\u0131nlar\u0131yla g\u00f6zalt\u0131na al\u0131nan 30 devrimci hakk\u0131nda iddianame haz\u0131rland\u0131, savc\u0131l\u0131k 2911&#8217;e muhalefet, kamu mal\u0131na zarar ve direnme su\u00e7lar\u0131ndan ceza istedi.<\/strong><\/p>\n<p>1 May\u0131s Uluslararas\u0131 Birlik, M\u00fccadele ve Dayan\u0131\u015fma G\u00fcn\u00fc&#8217;nde Taksim&#8217;e y\u00fcr\u00fcme iradesi g\u00f6sterdikleri i\u00e7in 3 May\u0131s&#8217;ta ev bask\u0131nlar\u0131yla g\u00f6zalt\u0131na al\u0131nan devrimciler hakk\u0131nda savc\u0131l\u0131k iddianamesi tamamland\u0131. Savc\u0131l\u0131k 25&#8217;i tutsak 30 ki\u015finin 2911 Say\u0131l\u0131 Toplant\u0131 ve G\u00f6steri Y\u00fcr\u00fcy\u00fc\u015fleri Kanunu&#8217;nun \u00e7e\u015fitli maddelerince, 13 y\u0131l 6&#8217;\u015far aya kadar, toplamda 405 y\u0131la kadar hapis cezas\u0131 istedi.<\/p>\n<p>Savc\u0131l\u0131k 23 ki\u015fi hakk\u0131nda &#8220;toplant\u0131 ve g\u00f6steri y\u00fcr\u00fcy\u00fc\u015flere silahs\u0131z kat\u0131larak ihtara ra\u011fmen kendili\u011finden da\u011f\u0131lmama&#8221; su\u00e7undan, 7 ki\u015finin ise yine ayn\u0131 kanunun ba\u015fka maddesinde yer alan &#8220;kimliklerini gizlemek amac\u0131yla y\u00fczlerini k\u0131smen \u00f6rtmek&#8221; su\u00e7lamas\u0131ndan cezaland\u0131r\u0131lmas\u0131n\u0131 talep etti. Ayr\u0131ca &#8220;kamu mal\u0131na zarar&#8221; ve &#8220;g\u00f6revi yapt\u0131rmamak i\u00e7in direnme&#8221; su\u00e7lar\u0131ndan; bir polisin yaraland\u0131\u011f\u0131na dair hastaneden rapor almas\u0131 sebebiyle &#8220;kasten yaralama&#8221; su\u00e7undan da cezaland\u0131r\u0131lmas\u0131 talebi iddianamede yer al\u0131yor.<\/p>\n","protected":false},"excerpt":{"rendered":"<p>1 May\u0131s&#8217;ta Taksim&#8217;e y\u00fcr\u00fcme iradesi g\u00f6sterdikleri i\u00e7in 3 May\u0131s&#8217;ta ev bask\u0131nlar\u0131yla g\u00f6zalt\u0131na al\u0131nan 30 devrimci hakk\u0131nda iddianame haz\u0131rland\u0131, savc\u0131l\u0131k 2911&#8217;e<\/p>\n","protected":false},"author":1,"featured_media":1932,"comment_status":"closed","ping_status":"closed","sticky":false,"template":"","format":"standard","meta":{"footnotes":""},"categories":[72],"tags":[],"class_list":["post-1931","post","type-post","status-publish","format-standard","has-post-thumbnail","hentry","category-guncel"],"_links":{"self":[{"href":"https:\/\/dkder.org\/index.php\/wp-json\/wp\/v2\/posts\/1931","targetHints":{"allow":["GET"]}}],"collection":[{"href":"https:\/\/dkder.org\/index.php\/wp-json\/wp\/v2\/posts"}],"about":[{"href":"https:\/\/dkder.org\/index.php\/wp-json\/wp\/v2\/types\/post"}],"author":[{"embeddable":true,"href":"https:\/\/dkder.org\/index.php\/wp-json\/wp\/v2\/users\/1"}],"replies":[{"embeddable":true,"href":"https:\/\/dkder.org\/index.php\/wp-json\/wp\/v2\/comments?post=1931"}],"version-history":[{"count":1,"href":"https:\/\/dkder.org\/index.php\/wp-json\/wp\/v2\/posts\/1931\/revisions"}],"predecessor-version":[{"id":1933,"href":"https:\/\/dkder.org\/index.php\/wp-json\/wp\/v2\/posts\/1931\/revisions\/1933"}],"wp:featuredmedia":[{"embeddable":true,"href":"https:\/\/dkder.org\/index.php\/wp-json\/wp\/v2\/media\/1932"}],"wp:attachment":[{"href":"https:\/\/dkder.org\/index.php\/wp-json\/wp\/v2\/media?parent=1931"}],"wp:term":[{"taxonomy":"category","embeddable":true,"href":"https:\/\/dkder.org\/index.php\/wp-json\/wp\/v2\/categories?post=1931"},{"taxonomy":"post_tag","embeddable":true,"href":"https:\/\/dkder.org\/index.php\/wp-json\/wp\/v2\/tags?post=1931"}],"curies":[{"name":"wp","href":"https:\/\/api.w.org\/{rel}","templated":true}]}}