{"id":1990,"date":"2024-07-11T15:50:37","date_gmt":"2024-07-11T15:50:37","guid":{"rendered":"https:\/\/dkder.org\/?p=1990"},"modified":"2024-07-11T15:52:39","modified_gmt":"2024-07-11T15:52:39","slug":"nato-zirvesine-dolmabahceden-ses-yukseltiler-savas-orgutu-natoya-hayir","status":"publish","type":"post","link":"https:\/\/dkder.org\/index.php\/2024\/07\/11\/nato-zirvesine-dolmabahceden-ses-yukseltiler-savas-orgutu-natoya-hayir\/","title":{"rendered":"NATO Zirvesine Dolmabah\u00e7e&#8217;den ses y\u00fckseltiler: Sava\u015f \u00f6rg\u00fct\u00fc NATO&#8217;ya hay\u0131r!"},"content":{"rendered":"<p>\u0130\u015f\u00e7i Emek\u00e7i Birli\u011fi, Amerika Birle\u015fik Devletleri&#8217;nin (ABD) ba\u015fkenti Washington&#8217;da toplanan NATO&#8217;nun 75. y\u0131l zirvesini protesto etmek i\u00e7in Dolmabah\u00e7e Meydan\u0131nda eylem ger\u00e7ekle\u015ftirdi. Eylemde, &#8220;Emperyalist sava\u015fa, sava\u015f ayg\u0131t\u0131 NATO&#8217;ya dur de&#8221; pankart\u0131 a\u00e7\u0131ld\u0131.<br \/>\nEyleme Devrimci Gen\u00e7lik Birli\u011fi ve D\u0130SK\/Limter-\u0130\u015f Sendikas\u0131 da kat\u0131larak destek verdi.<br \/>\nHer y\u0131l yap\u0131lan NATO toplant\u0131lar\u0131 nedeniyle d\u00fcnyan\u0131n \u00e7e\u015fitli \u00fclkelerinde ve T\u00fcrkiye\u2019de protesto eylemleri yap\u0131l\u0131rken, bu y\u0131l s\u00f6n\u00fck ge\u00e7mesi dikkat \u00e7ekti. T\u00fcrkiye\u2019de bu ses \u0130\u015f\u00e7i Emek\u00e7i Birli\u011fi taraf\u0131ndan, 68 ku\u015fa\u011f\u0131n\u0131n 1969 y\u0131l\u0131nda NATO askerlerini denize att\u0131\u011f\u0131 \u0130stanbul Dolmabah\u00e7e\u2019den y\u00fckseltildi.<br \/>\n\u0130\u015f\u00e7i Hareketi Koordinasyonu, Ba\u011f\u0131ms\u0131z Devrimci S\u0131n\u0131f Platformu, Kald\u0131ra\u00e7, \u0130\u015f\u00e7i-Sen, \u0130\u015f\u00e7inin Kendi Partisi, Yeni D\u00fcnya \u0130\u00e7in \u00c7a\u011fr\u0131, Proleter Devrimci Duru\u015f, Birle\u015fik \u0130\u015f\u00e7i Hareketi, K\u00d6Z, Dostluk ve K\u00fclt\u00fcr Derne\u011fi DKDER, S\u00f6z ve Eylem\u2019den olu\u015fan devrimci kurumlar\u0131n olu\u015fturdu\u011fu \u0130\u015f\u00e7i Emek\u00e7i Birli\u011fi, Amerika Birle\u015fik Devletleri&#8217;nin (ABD) ba\u015fkenti Washington&#8217;da toplanan NATO&#8217;nun 75. y\u0131l zirvesini protesto etmek i\u00e7in Dolmabah\u00e7e Meydan\u0131nda eylem ger\u00e7ekle\u015ftirdi. Eylemde, &#8220;Emperyalist sava\u015fa, sava\u015f ayg\u0131t\u0131 NATO&#8217;ya dur de&#8221; pankart\u0131 a\u00e7t\u0131lar.<br \/>\nEylemin amac\u0131n\u0131 a\u00e7\u0131kland\u0131\u011f\u0131 a\u00e7\u0131l\u0131\u015f konu\u015fmas\u0131n\u0131n ard\u0131ndan, \u0130\u015f\u00e7i Emek\u00e7i Birli\u011fi\u2019ni olu\u015fturan kurumlar ad\u0131na bas\u0131n a\u00e7\u0131klamas\u0131n\u0131 okuyan T\u00fcrker Demirci, Washington&#8217;da toplanan NATO zirvesinde egemenlerin d\u00fcnya halklar\u0131na, i\u015f\u00e7i ve emek\u00e7ilere d\u00f6n\u00fck yeni sava\u015f ve sald\u0131r\u0131 politikalar\u0131n\u0131 hayata ge\u00e7irmek, d\u00fcnyan\u0131n yeniden payla\u015f\u0131m\u0131 i\u00e7in pazarl\u0131k \u00fczere yan yana geldi\u011fini s\u00f6yledi.<br \/>\n&#8220;Emperyalistler ve i\u015fbirlik\u00e7ileri kendi \u00e7\u0131karlar\u0131n\u0131 korumak, yeni pazar alanlar\u0131 yaratmak, s\u0131n\u0131f ve kitle hareketlerini bo\u011fmak i\u00e7in 75 y\u0131ld\u0131r NATO zeminini kullan\u0131yorlar. Zirve \u00f6ncesi ve zirvede; d\u00fcnya genelinde ya\u015fanan ekonomik, sosyal, siyasal krizin faturas\u0131n\u0131 i\u015f\u00e7ilere, emek\u00e7ilere halklara \u00f6detmek i\u00e7in kirli hesaplar ve pazarl\u0131klar yap\u0131yorlar&#8221; diyen Demirci, t\u00fcm canl\u0131 hayat\u0131n\u0131 y\u0131k\u0131ma s\u00fcr\u00fckleyen emperyalistlere ve sava\u015f \u00f6rg\u00fct\u00fc NATO&#8217;ya ge\u00e7it vermeyeceklerini s\u00f6yledi.<br \/>\n&#8216;NATO \u0130\u00c7 SAVA\u015e AYGITI OLMA M\u0130SYONUNU DEVAM ETT\u0130R\u0130YOR&#8217;<br \/>\nNATO&#8217;nun 75 y\u0131l \u00f6nce halklara kar\u015f\u0131 sava\u015f ve sald\u0131rganl\u0131k ayg\u0131t\u0131 olarak kuruldu\u011funu ifade edilen a\u00e7\u0131klamada, SSCB ve do\u011fu blo\u011funun da\u011f\u0131lmas\u0131n\u0131n ard\u0131ndan kendini fesh etmesi gereken NATO&#8217;nun i\u00e7 sava\u015f ayg\u0131t\u0131 olma misyonunu devam ettirdi\u011fini vurguland\u0131.<br \/>\nNATO&#8217;nun kurulu\u015funun hemen ard\u0131ndan \u00fcye \u00fclkelerde kontrgerilla yap\u0131lar\u0131 olu\u015fturdu\u011funu da dikkat \u00e7ekilen a\u00e7\u0131klamada, bir dizi katliamlardan \u00f6rnekler verildi. Yine, 12 Mart, 12 Eyl\u00fcl darbeleri bu sald\u0131r\u0131 ve organizasyonlar\u0131n en kapsaml\u0131lar\u0131 olarak bu darbelerin CIA-NATO karargahlar\u0131nda i\u015fbirlik\u00e7ileriyle birlikte planland\u0131\u011f\u0131 ifade edildi.<br \/>\n\u2018KATL\u0130AMLARIN SORUMLUSU EMPERYAL\u0130STLER VE \u0130\u015eB\u0130RL\u0130K\u00c7\u0130LER\u0130D\u0130R&#8217;<br \/>\nEmperyalistlerin NATO arac\u0131l\u0131\u011f\u0131yla d\u00fcnyan\u0131n her yerinde ulusal kurtulu\u015f m\u00fccadelelerini, toplumsal hareketleri bo\u011fmak i\u00e7in harekete ge\u00e7ti\u011fi vurgulanan a\u00e7\u0131klamada, emperyalistlerin hegemonya kavgalar\u0131 u\u011fruna d\u00fcnyay\u0131 kana bo\u011fdu\u011fu vurguland\u0131.<br \/>\nOrtado\u011fu&#8217;dan Afrika&#8217;ya halklar\u0131n yeralt\u0131 zenginlikleri ba\u015fta olmak \u00fczere t\u00fcm zenginliklerine el koymak i\u00e7in sava\u015flar organize edildi\u011fi, \u00e7ete yap\u0131lanmalar\u0131n\u0131n \u00f6rg\u00fctlendi\u011fi, Filistin&#8217;de ya\u015fanan katliam\u0131n, K\u00fcrt halk\u0131n\u0131n m\u00fccadelesinin bo\u011fulmaya \u00e7al\u0131\u015f\u0131lmas\u0131n\u0131n sorumlusunun ABD ba\u015fta olmak \u00fczere emperyalistler, gerici b\u00f6lge devletleri ve i\u015fbirlik\u00e7ileri oldu\u011fu dile getirildi.<br \/>\n\u2018KR\u0130Z\u0130 VE SORUNLARI YARATANLAR, \u00c7\u00d6Z\u00dcM \u00dcRETEMEZLER\u2019<br \/>\nOrtak a\u00e7\u0131klamada, \u201c\u0130ktidar\u0131n d\u0131\u015far\u0131da sava\u015f ve sald\u0131rganl\u0131k politikalar\u0131n\u0131 art\u0131r\u0131rken i\u00e7eride ise bask\u0131, ekonomik ve sosyal y\u0131k\u0131m programlar\u0131n\u0131 devreye sokmaktad\u0131r. \u0130\u015f\u00e7ilere sefalet dayatan politikalar OVP ad\u0131 alt\u0131nda devreye sokulmaktad\u0131r. Sermaye ve AKP-MHP iktidar\u0131n\u0131n ya\u015fanan \u00e7ok y\u00f6nl\u00fc krize bir \u00e7\u00f6z\u00fcmleri yoktur. Krizi ve sorunlar\u0131 yaratanlar, \u00e7\u00f6z\u00fcm \u00fcretemezler.\u201ddenildi.<br \/>\n&#8217;68 KU\u015eA\u011eININ M\u0130RASINA SAH\u0130P \u00c7IKACA\u011eIZ&#8217;<br \/>\nEmperyalistlere, i\u015fbirlik\u00e7ilerine ve sava\u015f ayg\u0131t\u0131 NATO&#8217;ya kar\u015f\u0131 i\u015f\u00e7ilerin, emek\u00e7ilerin, halklar\u0131n birle\u015fik m\u00fccadeleyi b\u00fcy\u00fctmesi gerekti\u011fini ifade edilen a\u00e7\u0131klamada \u015fu \u00e7a\u011fr\u0131ya yer verildi: &#8220;68 Ku\u015fa\u011f\u0131n\u0131n Dolmabah\u00e7e&#8217;de, NATO askerlerini denize d\u00f6kt\u00fc\u011f\u00fc 15-17 Temmuz 1969 protestolar\u0131n\u0131n 55. y\u0131l\u0131nday\u0131z. NATO&#8217;nun halklara, emek\u00e7ilere kar\u015f\u0131 kanl\u0131 bir ayg\u0131t oldu\u011funu g\u00f6ren 68 ku\u015fa\u011f\u0131 bizlere onurlu bir miras ve m\u00fccadele b\u0131rakm\u0131\u015flard\u0131r. Bizler onlar\u0131n miras\u0131na sahip \u00e7\u0131kaca\u011f\u0131z. D\u00fcnyay\u0131 b\u00fcy\u00fck bir y\u0131k\u0131ma s\u00fcr\u00fckleyen emperyalist-kapitalist d\u00fczeni ve onun sald\u0131r\u0131, sava\u015f, i\u00e7 sava\u015f ayg\u0131t\u0131 NATO&#8217;yu par\u00e7alayaca\u011f\u0131z. D\u00fcnya halklar\u0131n\u0131n ba\u015f\u0131na musallat olan, kan ve g\u00f6zya\u015f\u0131ndan ba\u015fka bir \u015fey sunmayan emperyalistleri ve i\u015fbirlik\u00e7ileri tarihin \u00e7\u00f6pl\u00fc\u011f\u00fcne ataca\u011f\u0131z. Halklar\u0131n \u00f6zg\u00fcr ve e\u015fit oldu\u011fu, i\u015f\u00e7i s\u0131n\u0131f\u0131 ve emek\u00e7ilerin bask\u0131 ve s\u00f6m\u00fcr\u00fcden kurtuldu\u011fu d\u00fcnyay\u0131 in\u015fa etme m\u00fccadelemizi b\u00fcy\u00fctece\u011fiz.&#8221;<br \/>\nEylem boyunca, &#8220;Ya\u015fas\u0131n i\u015f\u00e7ilerin birli\u011fi, halklar\u0131n karde\u015fli\u011fi&#8221;, &#8220;Emperyalistler, i\u015fbirlik\u00e7iler, 6. filoyu unutmay\u0131n&#8221;, &#8220;Katil NATO, Ortado\u011fu&#8217;dan defol&#8221;, &#8220;Kahrolsun emperyalizm, ya\u015fas\u0131n m\u00fccadelemiz&#8221;, &#8220;NATO&#8217;dan \u00e7\u0131k\u0131ls\u0131n, emperyalist \u00fcsler kapat\u0131ls\u0131n&#8221; sloganlar\u0131 at\u0131ld\u0131.<\/p>\n","protected":false},"excerpt":{"rendered":"<p>\u0130\u015f\u00e7i Emek\u00e7i Birli\u011fi, Amerika Birle\u015fik Devletleri&#8217;nin (ABD) ba\u015fkenti Washington&#8217;da toplanan NATO&#8217;nun 75. y\u0131l zirvesini protesto etmek i\u00e7in Dolmabah\u00e7e Meydan\u0131nda eylem<\/p>\n","protected":false},"author":1,"featured_media":1991,"comment_status":"closed","ping_status":"closed","sticky":false,"template":"","format":"image","meta":{"footnotes":""},"categories":[72],"tags":[],"class_list":["post-1990","post","type-post","status-publish","format-image","has-post-thumbnail","hentry","category-guncel","post_format-post-format-image"],"_links":{"self":[{"href":"https:\/\/dkder.org\/index.php\/wp-json\/wp\/v2\/posts\/1990","targetHints":{"allow":["GET"]}}],"collection":[{"href":"https:\/\/dkder.org\/index.php\/wp-json\/wp\/v2\/posts"}],"about":[{"href":"https:\/\/dkder.org\/index.php\/wp-json\/wp\/v2\/types\/post"}],"author":[{"embeddable":true,"href":"https:\/\/dkder.org\/index.php\/wp-json\/wp\/v2\/users\/1"}],"replies":[{"embeddable":true,"href":"https:\/\/dkder.org\/index.php\/wp-json\/wp\/v2\/comments?post=1990"}],"version-history":[{"count":2,"href":"https:\/\/dkder.org\/index.php\/wp-json\/wp\/v2\/posts\/1990\/revisions"}],"predecessor-version":[{"id":1993,"href":"https:\/\/dkder.org\/index.php\/wp-json\/wp\/v2\/posts\/1990\/revisions\/1993"}],"wp:featuredmedia":[{"embeddable":true,"href":"https:\/\/dkder.org\/index.php\/wp-json\/wp\/v2\/media\/1991"}],"wp:attachment":[{"href":"https:\/\/dkder.org\/index.php\/wp-json\/wp\/v2\/media?parent=1990"}],"wp:term":[{"taxonomy":"category","embeddable":true,"href":"https:\/\/dkder.org\/index.php\/wp-json\/wp\/v2\/categories?post=1990"},{"taxonomy":"post_tag","embeddable":true,"href":"https:\/\/dkder.org\/index.php\/wp-json\/wp\/v2\/tags?post=1990"}],"curies":[{"name":"wp","href":"https:\/\/api.w.org\/{rel}","templated":true}]}}