{"id":2018,"date":"2024-07-19T11:06:35","date_gmt":"2024-07-19T11:06:35","guid":{"rendered":"https:\/\/dkder.org\/?p=2018"},"modified":"2024-07-19T11:06:52","modified_gmt":"2024-07-19T11:06:52","slug":"38-yilinda-ihd-sultanahmetten-seslendi-karanliga-karsi-mucadeleye-devam-ediyoruz","status":"publish","type":"post","link":"https:\/\/dkder.org\/index.php\/2024\/07\/19\/38-yilinda-ihd-sultanahmetten-seslendi-karanliga-karsi-mucadeleye-devam-ediyoruz\/","title":{"rendered":"38 y\u0131l\u0131nda \u0130HD Sultanahmet\u2019ten seslendi: Karanl\u0131\u011fa kar\u015f\u0131 m\u00fccadeleye devam ediyoruz."},"content":{"rendered":"<p>38 y\u0131l\u0131nda \u0130HD Sultanahmet\u2019ten seslendi: Karanl\u0131\u011fa kar\u015f\u0131 m\u00fccadeleye devam ediyoruz.<\/p>\n<p>Hak m\u00fccadelesi alan\u0131nda 38. y\u0131l\u0131na giren \u0130HD, Sultanahmet Meydan\u0131\u2019nda bas\u0131n a\u00e7\u0131klamas\u0131 yapt\u0131.<br \/>\n\u201c\u0130yi ki \u0130HD var\u2019, \u2018Ge\u00e7mi\u015ften gelece\u011fe insan haklar\u0131, bar\u0131\u015f ve demokrasi m\u00fccadelemiz s\u00fcr\u00fcyor\u201d \u00e7a\u011fr\u0131s\u0131yla yap\u0131lan bas\u0131n a\u00e7\u0131klamas\u0131nda \u201c\u0130nsan haklar\u0131yla insand\u0131r\u2019 \u2018Herkes farkl\u0131 herkes e\u015fit\u2019, \u2018Anadilde e\u011fitim hakt\u0131r\u2019, \u2018Tecrit \u00f6ld\u00fcr\u00fcr dayan\u0131\u015fma ya\u015fat\u0131r\u2019, \u2018Tutuklu gazeteciler serbest b\u0131rak\u0131ls\u0131n\u201d, Faailler belli, kay\u0131plar nerede\u2019, Cezaevlerinde \u00f6l\u00fcm istemiyoruz\u2019 d\u00f6vizleri ta\u015f\u0131nd\u0131.<br \/>\n&#8220;\u0130nsan Haklar\u0131 Derne\u011fi 38 ya\u015f\u0131nda. \u0130yi ki \u0130HD var, ge\u00e7mi\u015ften gelece\u011fe insan haklar\u0131, demokrasi ve bar\u0131\u015f m\u00fccadelemiz s\u00fcr\u00fcyor!&#8221; pankart\u0131 a\u00e7\u0131lan eylemde, &#8220;Failler belli kay\u0131plar nerede&#8221;, &#8220;Anadilde e\u011fitim hakt\u0131r&#8221;, &#8220;\u0130nsan haklar\u0131yla insand\u0131r&#8221;, &#8220;M\u00fclteci haklar\u0131 insan hakk\u0131d\u0131r&#8221;, &#8220;Hasta mahpuslar serbest b\u0131rak\u0131ls\u0131n&#8221; d\u00f6vizleri ta\u015f\u0131nd\u0131.<br \/>\nBas\u0131n a\u00e7\u0131klamas\u0131n\u0131 \u0130HD \u0130stanbul \u015eubesi Ba\u015fkan\u0131 G\u00fclseren Yoleri okudu. \u0130HD&#8217;nin 17 Temmuz 1986 tarihinde aralar\u0131nda tutsak yak\u0131nlar\u0131, ayd\u0131nlar, gazeteciler, avukatlar, doktorlar\u0131n da bulundu\u011fu 98 insan haklar\u0131 savunucusu taraf\u0131ndan kuruldu\u011funu belirten Yoleri, \u0130HD&#8217;nin kurulu\u015fundan bu yana 23 \u0130HD \u00fcye ve y\u00f6neticisinin faili me\u00e7hul cinayetlerle katledildi\u011fini hat\u0131rlatt\u0131.<br \/>\n&#8220;1998 ve 2002 y\u0131llar\u0131nda, d\u00f6nemin \u0130HD Genel Ba\u015fkanlar\u0131, derne\u011fin genel merkezinde, silahl\u0131 ve fiziksel sald\u0131r\u0131lara maruz kald\u0131. Kurucular\u0131m\u0131zdan ya\u015fam\u0131n\u0131 yitirenleri sevgi, sayg\u0131 ve minnetle an\u0131yoruz. Kuruldu\u011fu g\u00fcnden bug\u00fcne \u0130HD&#8217;nin y\u00fczlerce \u00fcye ve y\u00f6netici de idari ve yarg\u0131sal tacizlere maruz kald\u0131 ve kalmaya devam etmekte&#8221; diyen Yoleri, t\u00fcm bu bask\u0131lar\u0131n \u0130HD&#8217;yi insan hak ve \u00f6zg\u00fcrl\u00fcklerini savunma kararl\u0131l\u0131\u011f\u0131ndan al\u0131koyamad\u0131\u011f\u0131n\u0131 vurgulad\u0131.<br \/>\nT\u00fcrkiye&#8217;de bir demokrasi ve insan haklar\u0131 sorunu oldu\u011funu s\u00f6yleyen Yoleri, bu sorunun giderilmesi i\u00e7in m\u00fccadeleyi \u0131srar, inat ve umutla s\u00fcrd\u00fcrd\u00fcklerini vurgulad\u0131. T\u00fcrkiye&#8217;nin insan haklar\u0131 karnesinin hala ihlallerle dolu oldu\u011funa i\u015faret eden Yoleri, T\u00fcrkiye&#8217;nin en \u00f6nemli sorunlar\u0131n\u0131n ba\u015f\u0131nda K\u00fcrt meselesinin \u00e7\u00f6z\u00fcm\u00fcn\u00fcn geldi\u011fini s\u00f6yledi.<br \/>\n&#8220;K\u00fcrt meselesinin \u00e7\u00f6z\u00fcm\u00fc konusunda devlet ve siyasal iktidar halen g\u00fcvenlik\u00e7i politikalarda, ret ve ink\u00e2r siyasetinde \u0131srar etmektedir. Bu politikalarda \u0131srar bir yandan demokrasi ve insan haklar\u0131 ortam\u0131n\u0131n k\u00f6t\u00fcle\u015fmesine ve toplumsal bar\u0131\u015f\u0131n yara almas\u0131na neden olurken; \u00f6te yandan da T\u00fcrkiye&#8217;nin ekonomisinde derin tahribatlara yol a\u00e7maktad\u0131r&#8221; diyen Yoleri, \u00e7at\u0131\u015fma ve sava\u015f alanlar\u0131nda a\u011f\u0131r ya\u015fam hakk\u0131 ihlalleri, se\u00e7ilmi\u015f K\u00fcrt belediye e\u015fba\u015fkanlar\u0131na d\u00f6n\u00fck kayyum atamalar\u0131, kapatma davalar\u0131 ve Koban\u00ea davas\u0131nda verilen cezalara i\u015faret ederek, yeni bir bar\u0131\u015f s\u00fcrecine ihtiya\u00e7 oldu\u011funu s\u00f6yledi.<br \/>\nDemokratikle\u015fme i\u00e7in ge\u00e7mi\u015fle y\u00fczle\u015fmeye ihtiya\u00e7 oldu\u011funu vurgulayan Yoleri, t\u00fcm toplum kesimlerinin insan haklar\u0131na dayal\u0131 taleplerini kabul edecek bir siyasi iradenin gereklili\u011fini belirtti. Demokrasiye giden yolun a\u00e7\u0131lmas\u0131 i\u00e7in ifade \u00f6zg\u00fcrl\u00fc\u011f\u00fcn\u00fcn sa\u011flanmas\u0131 gerekti\u011fini s\u00f6yleyen Yoleri, &#8220;\u0130fade \u00f6zg\u00fcrl\u00fc\u011f\u00fcn\u00fcn \u00f6n\u00fcndeki en b\u00fcy\u00fck engellerden biri olan Ter\u00f6rle M\u00fccadele Kanunu&#8217;nun kald\u0131r\u0131lmas\u0131, yay\u0131n kurulu\u015flar\u0131 \u00fczerindeki RT\u00dcK bask\u0131 ve sans\u00fcr\u00fcn\u00fcn sona erdirilmesi, muhalif bas\u0131n-yay\u0131n kurulu\u015flar\u0131 \u00fczerindeki yarg\u0131 bask\u0131s\u0131n\u0131n ortadan kald\u0131r\u0131lmas\u0131, sosyal medyay\u0131 s\u00fcrekli susturma giri\u015fimlerinden vazge\u00e7ilmesi elzemdir&#8221; dedi.<br \/>\n\u00d6rg\u00fctlenme, toplant\u0131 ve g\u00f6steri haklar\u0131na dair yasaklamalar\u0131n giderek artt\u0131\u011f\u0131na dikkat \u00e7eken Yoleri, &#8220;Bu ihlaller kamu emek\u00e7ilerinin ekonomik ve mesleki haklar\u0131 ile ilgili ger\u00e7ekle\u015ftirdikleri eylem ve etkinliklerinde, i\u015fini geri isteyen kamu emek\u00e7ilerinin eylemlerinde, i\u015finden edilen i\u015f\u00e7ilerin hak arama eylemlerinde, kad\u0131nlar\u0131n eylemlerinde, muhalif siyasi partilerin d\u00fczenledi\u011fi eylem ve etkinliklerde, Cumartesi Annelerinin eylemliliklerinde, tutuklanan gazetecilerle dayan\u0131\u015fma eylemlerinde daha belirgin olarak g\u00f6r\u00fclm\u00fc\u015ft\u00fcr. Ayr\u0131ca, LGBT\u0130+ bireylerin varolu\u015flar\u0131na y\u00f6nelik s\u00f6ylemler, \u00f6rg\u00fctlenme ve g\u00f6steri hakk\u0131na y\u00f6nelik bask\u0131 politikalar\u0131 ve uygulamalar\u0131 da iktidar zihniyetinin yans\u0131mas\u0131 olarak devam etmektedir&#8221; dedi.<br \/>\nT\u00fcrkiye&#8217;de yarg\u0131n\u0131n siyasal iktidar\u0131n tekelinde oldu\u011funu ifade eden Yoleri, T\u00fcrkiye&#8217;nin her yerinde insanlar\u0131n adalet n\u00f6betleriyle adalet arad\u0131\u011f\u0131na dikkat \u00e7ekti. \u0130nsan haklar\u0131 savunucular\u0131 \u00fczerindeki yarg\u0131 yoluyla bask\u0131 politikas\u0131na son verilmesi gerekti\u011fini s\u00f6yleyen Yoleri, &#8220;\u0130nsan haklar\u0131 savunucular\u0131n\u0131n \u0130HD \u00e7at\u0131s\u0131 alt\u0131ndaki 38 y\u0131ll\u0131k m\u00fccadelesi insan onuruna dayanan \u00f6zg\u00fcrl\u00fck, e\u015fitlik, adalet ve bar\u0131\u015f talebi ile artarak devam edecek ve T\u00fcrkiye&#8217;nin insan haklar\u0131na dayal\u0131 demokratik bir rejime kavu\u015fmas\u0131 m\u00fccadelesi \u0131srarla s\u00fcrd\u00fcr\u00fclecektir&#8221; dedi.<br \/>\nYoleri\u2019nin yan\u0131s\u0131ra \u0130HD E\u015f Genel Ba\u015fkan\u0131 Av. Eren Keskin de bir konu\u015fma yapt\u0131.<br \/>\n\u201c\u0130nsan Haklar\u0131 Derne\u011fi, bir grup cesur ve ayd\u0131n taraf\u0131ndan kurulmu\u015ftu. O d\u00f6nem askeri bir anayasa yap\u0131lm\u0131\u015ft\u0131 ve kendilerinin sivil oldu\u011funu s\u00f6yleyen ki\u015filer o anayasay\u0131 de\u011fi\u015ftiremedi\u011fi gibi daha da militar yakla\u015f\u0131mlarla bug\u00fcn davranmaya devam ediyor. O nedenle insan haklar\u0131 savunucular\u0131n\u0131n i\u015fi ger\u00e7ekten \u00e7ok zor. Co\u011frafyam\u0131zda sava\u015f s\u00fcre\u00e7lerini ya\u015f\u0131yoruz. Bu sava\u015flar nedeniyle insanlar kendi co\u011frafyalar\u0131n\u0131 terk etmek zorunda kal\u0131yor. Maalesef ki \u0131rk\u00e7\u0131l\u0131k geli\u015ftirilmeye \u00e7al\u0131\u015f\u0131l\u0131yor. Maalesef bir d\u00f6nem ma\u011fduriyet ya\u015fay\u0131p \u0130HD\u2019ye ba\u015fvuranlar bug\u00fcn \u0130HD\u2019ye kar\u015f\u0131 duruyorlar. O nedenle ben de iyi ki \u0130HD var diyorum.\u201d<br \/>\nT\u00fcrkiye \u0130nsan Haklar\u0131 Vakf\u0131 (T\u0130HV) \u0130stanbul Temsilcisi \u00dcmit Efe de \u0130HD\u2019nin 38. ya\u015f\u0131n\u0131 kutlayarak \u015funlar\u0131 s\u00f6yledi:<br \/>\n\u201c38. Ya\u015f\u0131m\u0131z kutlu olsun. 38 y\u0131l boyunca i\u015fkence hanelerden, dara\u011fa\u00e7lar\u0131ndan ge\u00e7ildi, sokaklarda yerlerde s\u00fcr\u00fcklenenler, ka\u00e7\u0131r\u0131l\u0131p \u00f6ld\u00fcr\u00fclenler, kemikleri tesad\u00fcfen bulunanlar oldu ama insan haklar\u0131 savunucular\u0131, demokrasi ve \u00f6zg\u00fcrl\u00fc\u011f\u00fcn, insan haklar\u0131na dayal\u0131 bir gelece\u011fin olu\u015fmas\u0131 i\u00e7in \u0131srarla m\u00fccadele etti. Bu alanda ba\u015flayan m\u00fccadeleyi sahiplenen insanlar, bu dernek, bir kararl\u0131l\u0131\u011f\u0131n devam\u0131d\u0131r. \u0130nsan haklar\u0131 konusunda ge\u00e7mi\u015fteki o k\u00f6t\u00fc ko\u015fullar\u0131n ayn\u0131s\u0131n\u0131 bug\u00fcn ya\u015f\u0131yoruz. M\u00fccadele kararl\u0131l\u0131\u011f\u0131m\u0131z\u0131 tekrarlarken, \u2018\u0130yi ki \u0130HD var\u2019 diye yeniden c\u00fcmlelerimizi kurarken \u0130HD\u2019ye ihtiya\u00e7 duyulmayacak bir d\u00f6nem i\u00e7in kararl\u0131l\u0131\u011f\u0131m\u0131z\u0131 herkesle payla\u015f\u0131yoruz.<\/p>\n","protected":false},"excerpt":{"rendered":"<p>38 y\u0131l\u0131nda \u0130HD Sultanahmet\u2019ten seslendi: Karanl\u0131\u011fa kar\u015f\u0131 m\u00fccadeleye devam ediyoruz. Hak m\u00fccadelesi alan\u0131nda 38. y\u0131l\u0131na giren \u0130HD, Sultanahmet Meydan\u0131\u2019nda bas\u0131n<\/p>\n","protected":false},"author":1,"featured_media":2019,"comment_status":"closed","ping_status":"closed","sticky":false,"template":"","format":"standard","meta":{"footnotes":""},"categories":[66,69,72],"tags":[],"class_list":["post-2018","post","type-post","status-publish","format-standard","has-post-thumbnail","hentry","category-dunyadan-haberler","category-emek-dunyasi","category-guncel"],"_links":{"self":[{"href":"https:\/\/dkder.org\/index.php\/wp-json\/wp\/v2\/posts\/2018","targetHints":{"allow":["GET"]}}],"collection":[{"href":"https:\/\/dkder.org\/index.php\/wp-json\/wp\/v2\/posts"}],"about":[{"href":"https:\/\/dkder.org\/index.php\/wp-json\/wp\/v2\/types\/post"}],"author":[{"embeddable":true,"href":"https:\/\/dkder.org\/index.php\/wp-json\/wp\/v2\/users\/1"}],"replies":[{"embeddable":true,"href":"https:\/\/dkder.org\/index.php\/wp-json\/wp\/v2\/comments?post=2018"}],"version-history":[{"count":1,"href":"https:\/\/dkder.org\/index.php\/wp-json\/wp\/v2\/posts\/2018\/revisions"}],"predecessor-version":[{"id":2020,"href":"https:\/\/dkder.org\/index.php\/wp-json\/wp\/v2\/posts\/2018\/revisions\/2020"}],"wp:featuredmedia":[{"embeddable":true,"href":"https:\/\/dkder.org\/index.php\/wp-json\/wp\/v2\/media\/2019"}],"wp:attachment":[{"href":"https:\/\/dkder.org\/index.php\/wp-json\/wp\/v2\/media?parent=2018"}],"wp:term":[{"taxonomy":"category","embeddable":true,"href":"https:\/\/dkder.org\/index.php\/wp-json\/wp\/v2\/categories?post=2018"},{"taxonomy":"post_tag","embeddable":true,"href":"https:\/\/dkder.org\/index.php\/wp-json\/wp\/v2\/tags?post=2018"}],"curies":[{"name":"wp","href":"https:\/\/api.w.org\/{rel}","templated":true}]}}