{"id":2159,"date":"2024-09-22T06:51:55","date_gmt":"2024-09-22T06:51:55","guid":{"rendered":"https:\/\/dkder.org\/?p=2159"},"modified":"2024-09-22T06:51:55","modified_gmt":"2024-09-22T06:51:55","slug":"fernas-iscilerinden-istanbulda-uc-ayri-yerde-eylem","status":"publish","type":"post","link":"https:\/\/dkder.org\/index.php\/2024\/09\/22\/fernas-iscilerinden-istanbulda-uc-ayri-yerde-eylem\/","title":{"rendered":"Fernas i\u015f\u00e7ilerinden \u0130stanbul\u2019da \u00fc\u00e7 ayr\u0131 yerde eylem"},"content":{"rendered":"<p>AKP Milletvekili Ferhat Nas\u0131ro\u011flu&#8217;na ait Fernas Madencilikte dayat\u0131lan k\u00f6t\u00fc, g\u00fcvencesiz \u00e7al\u0131\u015fma ko\u015fullar\u0131 ve sefalet \u00fccretine kar\u015f\u0131 sendikaya \u00fcye olduklar\u0131 i\u00e7in i\u015ften at\u0131lan Ba\u011f\u0131ms\u0131z Maden-\u0130\u015f \u00fcyesi maden i\u015f\u00e7ileri, direni\u015flerini \u0130stanbul&#8217;a ta\u015f\u0131d\u0131.<br \/>\nBa\u011f\u0131ms\u0131z Maden-\u0130\u015f \u00f6nc\u00fcl\u00fc\u011f\u00fcndeki direni\u015flerinin ikinci etab\u0131 i\u00e7in \u0130stanbul&#8217;a gelen i\u015f\u00e7iler, Fernas Madencilik patronu ve Polonya Dostluk Grubu Ba\u015fkan\u0131 AKP Milletvekili Ferhat Nas\u0131ro\u011flu&#8217;nu protesto etmek i\u00e7in Polonya Konsoloslu\u011fu \u00f6n\u00fcnde a\u00e7\u0131klama yapt\u0131.<br \/>\nPolonya Konsoloslu\u011fu \u00f6n\u00fcnde konu\u015fan a\u00e7\u0131klama yapan Ba\u011f\u0131ms\u0131z Maden-\u0130\u015f Fernas i\u015f\u00e7isi Ey\u00fcp Can, &#8220;Arkada\u015flar\u0131m\u0131z sendikal\u0131 olduklar\u0131 i\u00e7in i\u015ften at\u0131ld\u0131. 10 y\u0131l \u00f6nce 301 madenci \u00f6ld\u00fc. O zaman da uyar\u0131lar\u0131 dinlemediler. Yine dinlemezlerse \u00e7o\u011fumuzun \u00f6lece\u011fi garantidir&#8221;dedi.<br \/>\nPolonya Konsoloslu\u011fu \u00f6n\u00fcnde konu\u015fan Fernas i\u015f\u00e7isi Muhammed \u0130leri de &#8220;Yerin 3 km alt\u0131nda arkada\u015flar\u0131m\u0131z bo\u011faz\u0131na kadar suyun i\u00e7inde \u00fczerinde bin ton elektri\u011fin ta\u015f\u0131nd\u0131\u011f\u0131 kablolar\u0131 \u00e7ekiyorlar ve bize i\u015f g\u00fcvenli\u011finin sa\u011fland\u0131\u011f\u0131n\u0131 s\u00f6yl\u00fcyorlar&#8221; dedi.<br \/>\nBa\u011f\u0131ms\u0131z Maden-\u0130\u015f \u00fcyesi Fernas maden i\u015f\u00e7ilerinin ikinci dura\u011f\u0131, AKP Milletvekili Ferhat Nas\u0131ro\u011flu&#8217;nun Adana Tufanbeyli&#8217;deki madende ta\u015feronlu\u011funu yapt\u0131\u011f\u0131 Sabanc\u0131 Holdingin \u00f6n\u00fc oldu.<br \/>\nSabanc\u0131 Holding&#8217;in \u00f6n\u00fcnde konu\u015fan Sendikan\u0131n \u00d6rg\u00fctlenme Uzman\u0131 Mert Batur, &#8220;Nas\u0131ro\u011flu, direni\u015fimizin soyad\u0131n\u0131, onurunu, haysiyetini hedef ald\u0131\u011f\u0131n\u0131 s\u00f6ylemi\u015f. Peki madende m\u00fcd\u00fcr Serkan G\u00fcnc\u00fc taraf\u0131ndan k\u00fcf\u00fcr, hakarete u\u011frayan i\u015f\u00e7ilerin onuru \u00f6nemli de\u011fil mi?&#8221;diye konu\u015ftu.<br \/>\nFernas i\u015f\u00e7ilerinin eylemlerinin \u00fc\u00e7\u00fcnc\u00fc dura\u011f\u0131 ise Ko\u00e7 Holding&#8217;in \u00f6n\u00fcnde a\u00e7\u0131klama yapan Fernas maden i\u015f\u00e7ileri, &#8220;Toplu \u00f6l\u00fcm riski var, k\u00f6leli\u011fe ortak olmay\u0131n!&#8221; uyar\u0131s\u0131nda bulundular.<br \/>\nBa\u011f\u0131ms\u0131z Maden-\u0130\u015f sendikas\u0131 \u00fcyesi Fernas i\u015f\u00e7ilerinin eylemlerine DGD-SEN ve Nakliyat-\u0130\u015f sendikalar\u0131 da destek verdi.<\/p>\n<p><img loading=\"lazy\" decoding=\"async\" class=\"alignnone  wp-image-2160\" src=\"https:\/\/dkder.org\/wp-content\/uploads\/2024\/09\/WhatsApp-Image-2024-09-22-at-00.19.31-300x200.jpeg\" alt=\"\" width=\"851\" height=\"567\" srcset=\"https:\/\/dkder.org\/wp-content\/uploads\/2024\/09\/WhatsApp-Image-2024-09-22-at-00.19.31-300x200.jpeg 300w, https:\/\/dkder.org\/wp-content\/uploads\/2024\/09\/WhatsApp-Image-2024-09-22-at-00.19.31-1024x682.jpeg 1024w, https:\/\/dkder.org\/wp-content\/uploads\/2024\/09\/WhatsApp-Image-2024-09-22-at-00.19.31-768x512.jpeg 768w, https:\/\/dkder.org\/wp-content\/uploads\/2024\/09\/WhatsApp-Image-2024-09-22-at-00.19.31.jpeg 1280w\" sizes=\"auto, (max-width: 851px) 100vw, 851px\" \/><\/p>\n","protected":false},"excerpt":{"rendered":"<p>AKP Milletvekili Ferhat Nas\u0131ro\u011flu&#8217;na ait Fernas Madencilikte dayat\u0131lan k\u00f6t\u00fc, g\u00fcvencesiz \u00e7al\u0131\u015fma ko\u015fullar\u0131 ve sefalet \u00fccretine kar\u015f\u0131 sendikaya \u00fcye olduklar\u0131 i\u00e7in<\/p>\n","protected":false},"author":1,"featured_media":2160,"comment_status":"closed","ping_status":"closed","sticky":false,"template":"","format":"standard","meta":{"footnotes":""},"categories":[68,69,72],"tags":[],"class_list":["post-2159","post","type-post","status-publish","format-standard","has-post-thumbnail","hentry","category-ekonomi","category-emek-dunyasi","category-guncel"],"_links":{"self":[{"href":"https:\/\/dkder.org\/index.php\/wp-json\/wp\/v2\/posts\/2159","targetHints":{"allow":["GET"]}}],"collection":[{"href":"https:\/\/dkder.org\/index.php\/wp-json\/wp\/v2\/posts"}],"about":[{"href":"https:\/\/dkder.org\/index.php\/wp-json\/wp\/v2\/types\/post"}],"author":[{"embeddable":true,"href":"https:\/\/dkder.org\/index.php\/wp-json\/wp\/v2\/users\/1"}],"replies":[{"embeddable":true,"href":"https:\/\/dkder.org\/index.php\/wp-json\/wp\/v2\/comments?post=2159"}],"version-history":[{"count":1,"href":"https:\/\/dkder.org\/index.php\/wp-json\/wp\/v2\/posts\/2159\/revisions"}],"predecessor-version":[{"id":2161,"href":"https:\/\/dkder.org\/index.php\/wp-json\/wp\/v2\/posts\/2159\/revisions\/2161"}],"wp:featuredmedia":[{"embeddable":true,"href":"https:\/\/dkder.org\/index.php\/wp-json\/wp\/v2\/media\/2160"}],"wp:attachment":[{"href":"https:\/\/dkder.org\/index.php\/wp-json\/wp\/v2\/media?parent=2159"}],"wp:term":[{"taxonomy":"category","embeddable":true,"href":"https:\/\/dkder.org\/index.php\/wp-json\/wp\/v2\/categories?post=2159"},{"taxonomy":"post_tag","embeddable":true,"href":"https:\/\/dkder.org\/index.php\/wp-json\/wp\/v2\/tags?post=2159"}],"curies":[{"name":"wp","href":"https:\/\/api.w.org\/{rel}","templated":true}]}}