{"id":2270,"date":"2024-11-15T09:07:20","date_gmt":"2024-11-15T09:07:20","guid":{"rendered":"https:\/\/dkder.org\/?p=2270"},"modified":"2024-11-15T09:07:20","modified_gmt":"2024-11-15T09:07:20","slug":"saflari-siklastimanin-tam-zamani","status":"publish","type":"post","link":"https:\/\/dkder.org\/index.php\/2024\/11\/15\/saflari-siklastimanin-tam-zamani\/","title":{"rendered":"SAFLARI SIKLA\u015eTIMANIN TAM ZAMANI"},"content":{"rendered":"<p>Kapitalist sistem;\u00a0 neoliberalizm sayesinde yer y\u00fcz\u00fcnde ya\u015fam\u0131 yok etmek \u00fczere\u00a0 &#8216; geri d\u00f6n\u00fclmez &#8216; bir yola girdi.<\/p>\n<p>Kaynak aray\u0131\u015f\u0131, pazar aray\u0131\u015f\u0131n\u0131n \u00f6n\u00fcne ge\u00e7ti. Zira 21.nci y\u00fczy\u0131lda toplumlar\u0131n t\u00fcm\u00fcyle potansiyel t\u00fcketici konuma getirilmesi, t\u00fcketimin \u00fcretimin \u00f6n\u00fcne ge\u00e7ilmesi ve t\u00fcketimde s\u0131n\u0131r tan\u0131nmamas\u0131, kaynaklar\u0131n h\u0131zla t\u00fcketilmesi ne sebep olmu\u015ftur. Bu durum ayn\u0131 zamanda \u00fcretim maliyetini kat be kat artt\u0131rm\u0131\u015ft\u0131r.<\/p>\n<p>Ba\u015fta enerji olmak \u00fczere yer alt\u0131 ve yer \u00fcst\u00fc kaynaklar\u0131n\u0131n azalmas\u0131, pazar a\u011f\u0131nda lokomotif \u015firketleri, ba\u015fta ormanlar olmak \u00fczere, en mahrem yerle\u015fim ve ya\u015fam alanlar\u0131nda \u00fcretim ad\u0131na rekabet ve kar\u015f\u0131 konulmaz sald\u0131rganl\u0131\u011fa yol a\u00e7m\u0131\u015ft\u0131r. Tabii kaynaklar\u0131n her ge\u00e7en g\u00fcn tehlike alt\u0131na girmesi ve giderek durumun yayg\u0131n hale gelmesi ekoloji sorunu nu Ba\u015fat seviyeye \u00e7\u0131karm\u0131\u015ft\u0131r. Sermaye gruplar\u0131 entegre olduk\u00e7a entegrasyon h\u0131zlanarak, neo liberalizm kendi i\u00e7inde ba\u015fka yeni krizleri do\u011furmaktad\u0131r.<\/p>\n<p>Enerji yataklar\u0131 \u00fczerindeki hakimiyet sava\u015f\u0131 Emperyalizm i giderek b\u00f6lgesel sava\u015flara itmektedir. Uluslararas\u0131 sermayenin do\u011fu ve bat\u0131 olarak emperyalist rekabeti sonras\u0131 ya\u015fanan manzara, sava\u015f-g\u00f6\u00e7- i\u015fsizlik- a\u00e7l\u0131k ve k\u0131talar aras\u0131 topyek\u00fcn iktisadi ve siyasal buhran \u0131n geldi\u011fi son g\u00f6r\u00fcnt\u00fcd\u00fcr.<\/p>\n<p>\u0130\u015f\u00e7i s\u0131n\u0131f\u0131 ve ezilen halklar\u0131n \u00f6rg\u00fcts\u00fcz durumu kar\u015f\u0131s\u0131nda neo liberalizm, kendi deyimleri ile &#8216;a\u015f\u0131r\u0131 sa\u011f &#8216; Fa\u015fist parti ve olu\u015fumlar\u0131n i\u015f ba\u015f\u0131na gelmelerinin \u00f6n\u00fcn\u00fc a\u00e7m\u0131\u015ft\u0131r. 5 Kas\u0131m Amerikan se\u00e7imlerinde\u00a0 olan budur. Daha da \u00f6nemlisi politikac\u0131lar\u0131n yerini i\u015f adamlar\u0131 alm\u0131\u015ft\u0131r.<\/p>\n<p>\u00dclkemizde ya\u015fananlar, D\u00fcnyada olan-biten den farkl\u0131 de\u011fildir. Bu talihsiz durum kar\u015f\u0131s\u0131nda ya\u015fam\u0131 yeniden kurmak bizim elimizdedir. Tek \u00e7\u0131kar yol \u00f6rg\u00fctlenmek, birle\u015fmek ve alanlara \u00e7\u0131karak m\u00fccadele etmektir. Sorun sadece s\u00f6m\u00fcr\u00fcy\u00fc protesto sorunu de\u011fil,\u00a0 ya\u015fam\u0131n temel dayana\u011f\u0131 olan a\u011fac\u0131m\u0131z, suyumuz ve topra\u011f\u0131m\u0131z\u0131 savunarak, ya\u015fam\u0131 yeniden kurmakt\u0131r.<\/p>\n<p>Yar\u0131n \u00e7ok ge\u00e7 olmadan, saflar\u0131 \u015fimdiden SIKLA\u015eTIRALIM<\/p>\n<p>Unutmayal\u0131m; kapitalizm art\u0131k insanl\u0131\u011fa ve t\u00fcm do\u011faya sald\u0131rmaktad\u0131r.<\/p>\n<p>Ya\u015famak ve aya\u011fa kalkmak i\u00e7in haydi\u00a0meydanlara&#8230;<\/p>\n","protected":false},"excerpt":{"rendered":"<p>Kapitalist sistem;\u00a0 neoliberalizm sayesinde yer y\u00fcz\u00fcnde ya\u015fam\u0131 yok etmek \u00fczere\u00a0 &#8216; geri d\u00f6n\u00fclmez &#8216; bir yola girdi. Kaynak aray\u0131\u015f\u0131, pazar<\/p>\n","protected":false},"author":1,"featured_media":2271,"comment_status":"closed","ping_status":"closed","sticky":false,"template":"","format":"standard","meta":{"footnotes":""},"categories":[1],"tags":[],"class_list":["post-2270","post","type-post","status-publish","format-standard","has-post-thumbnail","hentry","category-uncategorized"],"_links":{"self":[{"href":"https:\/\/dkder.org\/index.php\/wp-json\/wp\/v2\/posts\/2270","targetHints":{"allow":["GET"]}}],"collection":[{"href":"https:\/\/dkder.org\/index.php\/wp-json\/wp\/v2\/posts"}],"about":[{"href":"https:\/\/dkder.org\/index.php\/wp-json\/wp\/v2\/types\/post"}],"author":[{"embeddable":true,"href":"https:\/\/dkder.org\/index.php\/wp-json\/wp\/v2\/users\/1"}],"replies":[{"embeddable":true,"href":"https:\/\/dkder.org\/index.php\/wp-json\/wp\/v2\/comments?post=2270"}],"version-history":[{"count":1,"href":"https:\/\/dkder.org\/index.php\/wp-json\/wp\/v2\/posts\/2270\/revisions"}],"predecessor-version":[{"id":2272,"href":"https:\/\/dkder.org\/index.php\/wp-json\/wp\/v2\/posts\/2270\/revisions\/2272"}],"wp:featuredmedia":[{"embeddable":true,"href":"https:\/\/dkder.org\/index.php\/wp-json\/wp\/v2\/media\/2271"}],"wp:attachment":[{"href":"https:\/\/dkder.org\/index.php\/wp-json\/wp\/v2\/media?parent=2270"}],"wp:term":[{"taxonomy":"category","embeddable":true,"href":"https:\/\/dkder.org\/index.php\/wp-json\/wp\/v2\/categories?post=2270"},{"taxonomy":"post_tag","embeddable":true,"href":"https:\/\/dkder.org\/index.php\/wp-json\/wp\/v2\/tags?post=2270"}],"curies":[{"name":"wp","href":"https:\/\/api.w.org\/{rel}","templated":true}]}}