{"id":2341,"date":"2024-12-19T21:32:22","date_gmt":"2024-12-19T21:32:22","guid":{"rendered":"https:\/\/dkder.org\/?p=2341"},"modified":"2024-12-19T21:37:19","modified_gmt":"2024-12-19T21:37:19","slug":"olumsuzlesenlerin-her-biri-alp-ata-her-biri-ayri-bir-deger","status":"publish","type":"post","link":"https:\/\/dkder.org\/index.php\/2024\/12\/19\/olumsuzlesenlerin-her-biri-alp-ata-her-biri-ayri-bir-deger\/","title":{"rendered":"\u00d6l\u00fcms\u00fczle\u015fenlerin her biri Alp Ata, her biri ayr\u0131 bir de\u011fer"},"content":{"rendered":"<p>19 \u2013 22 Aral\u0131k yok etme sald\u0131r\u0131s\u0131na kar\u015f\u0131 ideallere \u00f6l\u00fcm\u00fcne ba\u011fl\u0131l\u0131k, h\u00fccre h\u00fccre erirken bile teslim olmama ve direnmenin ad\u0131d\u0131r.<\/p>\n<p>19-22 Aral\u0131k 2000 tarihleri aras\u0131nda ayn\u0131 anda \u00fclke \u00e7ap\u0131nda 20 ayr\u0131 hapishanedeki siyasi tutsaklar\u0131n kald\u0131\u011f\u0131 bloklara sald\u0131r\u0131 d\u00fczenlendi. Sald\u0131r\u0131 sonucunda 30 tutsak hayat\u0131n\u0131 kaybetti. Sald\u0131r\u0131ya traji-komik bir \u015fekilde \u201cHayata D\u00f6n\u00fc\u015f\u201d ismi verildi. 19-22 Aral\u0131k sald\u0131r\u0131lar\u0131 sonucunda F Tipi hapishaneler a\u00e7\u0131ld\u0131.<\/p>\n<p>\u201cBana hi\u00e7 kimsenin iyile\u015ftiremeyece\u011fi y\u00fcrek ac\u0131s\u0131 b\u0131rakt\u0131lar elleri kanl\u0131 katiller&#8230;\u201d<\/p>\n<p>Bu s\u00f6zler bir annenin, o\u011flu Alp Ata Ak\u00e7ay\u00f6z\u2019\u00fcn \u00f6\u011fretmen annesinin sosyal medyada dile getirdi\u011fi dinmez ac\u0131s\u0131, dinmeyen \u00f6fkesi ve onar\u0131lamaz y\u00fcre\u011finin sesi\u2026<\/p>\n<p>Daha \u00f6ncede anne G\u00fcnay Ak\u00e7ay\u00f6z &#8220;Yeti\u015ftirdi\u011fim \u00f6\u011frencilere hep iyi ve do\u011fruyu \u00f6\u011frettim. Belki de benim kalem tutmay\u0131 \u00f6\u011fretti\u011fim bir \u00e7ocu\u011fun eli teti\u011fi \u00e7ekti. Beni o\u011fulsuz b\u0131rakmaya kimsenin hakk\u0131 yoktu&#8221; dedi.<\/p>\n<p>Alp Ata Ak\u00e7ay\u00f6z, \u00fclkenin gen\u00e7 sosyalistlerindendi. Sosyalizme inanm\u0131\u015f, devrimci m\u00fccadelenin neferlerindendi. Bilin\u00e7li, s\u00fcrekli okuyan, tart\u0131\u015fan ve teorik birikimiyle dikkatleri \u00e7eken bir gen\u00e7ti. Kartal-Maltepe b\u00f6lgesinde devrimci \u00e7al\u0131\u015fmalar i\u00e7inde yer al\u0131yordu. Tutuklan\u0131nca da, hapishanede direni\u015f saflar\u0131nda, tutsaklar\u0131n F tipi cezaevleri ve teslim alma politikalar\u0131na kar\u015f\u0131 s\u00fcrd\u00fcrd\u00fc\u011f\u00fc\u00a0 direni\u015flerin yan\u0131nda yerini alm\u0131\u015ft\u0131. \u00c7evresinde sevilen\u00a0 biri olan\u00a0 Alp Ata Ak\u00e7ay\u00f6z&#8217;e \u201dyard\u0131m ve yatakl\u0131k\u201d iddia ediliyordu ama yarg\u0131land\u0131\u011f\u0131 bir eylem \u00a0de yoktu. \u00dcmraniye hapishanesinden tahliyesi bekleniyordu.<\/p>\n<p>Devrimci, direni\u015f\u00e7i olu\u015fu katledilmesi i\u00e7in yeterli nedendi fa\u015fizm i\u00e7in&#8230;T\u0131pk\u0131 di\u011fer siper\u00a0 yolda\u015flar\u0131 gibi&#8230;<\/p>\n<p>Bir cezaevi arkada\u015f\u0131 Alp \u00a0Ata Ak\u00e7ay\u00f6z&#8217;\u00fcn \u00dcmraniye cezaevinde 22 Aral\u0131k sald\u0131r\u0131s\u0131nda nas\u0131l katledildi\u011fini \u015f\u00f6yle anlat\u0131yor:<\/p>\n<p>&#8220;Tavandan kompres\u00f6rlerle sekiz delik a\u00e7t\u0131lar. &#8216;Teslim olun. Size zarar vermeyece\u011fiz&#8217; diyerek bizi d\u0131\u015far\u0131 y\u00f6nlendirmeye \u00e7al\u0131\u015f\u0131yorlard\u0131. Deliklerden her taraf\u0131m\u0131z\u0131 yakan zehir kusmaya ba\u015flad\u0131. Gaz odas\u0131 gibiydi. Dayanamayacak duruma gelince &#8216;ne olursa olsun d\u0131\u015far\u0131 \u00e7\u0131kal\u0131m&#8217; dedik. Kap\u0131dan \u00fc\u00e7er be\u015fer \u00e7\u0131kmaya ba\u015flad\u0131k. Ata bizden \u00f6nceki grubun i\u00e7indeydi. Gazdan bay\u0131lacak gibiydi. Bir an \u00f6nce temiz havaya \u00e7\u0131kmak istiyordu. Onun grubu \u00e7\u0131kt\u0131\u011f\u0131nda 3-4 el silah sesi duyuldu. Ata duvardaki deli\u011fin yan\u0131nda yat\u0131yordu, ama canl\u0131yd\u0131, yan\u0131na gittim. Seslendim, &#8216;Ata, haydi kalk gidelim&#8217;. Cevap veremiyordu. Kas\u0131\u011f\u0131ndaki yaray\u0131, par\u00e7alanm\u0131\u015ft\u0131, o zaman g\u00f6rd\u00fcm. \u00dc\u00e7 arkada\u015f\u0131mla onu h\u0131zla d\u0131\u015far\u0131 \u00e7\u0131kard\u0131m. &#8216;Sedye getirin, \u00f6ld\u00fcreceksiniz&#8217; diye ba\u011f\u0131rd\u0131m. Sedye geldi koyduk, bay\u0131lm\u0131\u015ft\u0131. Askerler \u00e7\u0131k\u0131\u015fa g\u00f6t\u00fcrd\u00fcler.&#8221;<\/p>\n<p>Arkada\u015flar\u0131 Alp Ata Ak\u00e7ay\u00f6z \u2018\u00fcn ki\u015fisel \u00f6zelliklerini ise \u015f\u00f6yle anlat\u0131yorlar:<\/p>\n<p>Bulundu\u011fu her ortama ne\u015fe, sevin\u00e7 ve moral, co\u015fku ta\u015f\u0131yan, sonsuz insan sevgisiyle ortam\u0131 an\u0131nda \u0131s\u0131tan bir insand\u0131 Ata. Payla\u015fmaktan keyif alan, bu y\u00fczden her konudaki \u015fa\u015f\u0131rt\u0131c\u0131 bilgi birikimini sergilerken kar\u015f\u0131s\u0131ndakinde en ufak bir rahats\u0131zl\u0131k yaratmayan Ata, sadece konu\u015farak de\u011fil, yaparak, \u00fcreterek \u00e7al\u0131\u015farak payla\u015fman\u0131n erdemini ya\u015fam\u0131yla her an yeniden \u00fcretiyordu. Yapt\u0131\u011f\u0131 her i\u015fe sevgisini ve g\u00fczelli\u011fini katard\u0131. Akl\u0131n ve erdemin diyalekti\u011fini, yapt\u0131\u011f\u0131 her i\u015fte yeniden \u00fcretebilmeyi becerebilirdi. \u0130deolojik ve k\u00fclt\u00fcrel\/ya\u015famsal birikimiyle bunu ba\u015farabilmesi i\u00e7in \u201ckendisi olmas\u0131\u201d yeterliydi. \u00c7al\u0131\u015fkanl\u0131\u011f\u0131, birikimi ve disiplini ile bir devrimci ya\u015fam kayna\u011f\u0131yd\u0131 adeta.<\/p>\n<p>19 Aral\u0131k operasyonu ba\u015flad\u0131\u011f\u0131nda her haliyle bu niteliklerine yeni \u00f6rnekler \u00fcretmeye devam ediyordu. Sibirya\u2019dan farks\u0131z n\u00f6bet yerimiz, onun eli de\u011fdi\u011finden s\u0131cac\u0131k \u00e7aylar\u0131n i\u00e7ildi\u011fi bir sohbet mekan\u0131na d\u00f6n\u00fcvermi\u015fti. Sayesinde epey \u201cson \u00e7ay\u201d i\u00e7tik. Sonra Konferans salonunda gofret da\u011f\u0131tan bir Noel Baba gibiydi, sonra bayanlar ko\u011fu\u015funun yemekhanesinde g\u00fcnlerdir gazdan dumandan kurumu\u015f susuz bo\u011faz\u0131m\u0131z\u0131 \u0131slatacak, ya\u011fmur sular\u0131ndan elde edilmi\u015f suyu da\u011f\u0131t\u0131yordu. En son halay \u00e7ekerken o her zamanki g\u00fcl\u00fcmsemesiyle kald\u0131 belle\u011fimde. Ne oynuyorsun diye sorsam, hemen o \u00e7ocuksu muzipli\u011fiyle \u201ckepez oyunu\u201d deyiverecekti sanki. &#8220;Kepez\u201d son g\u00fcnlerde Ata\u2019n\u0131n deyim yerindeyse \u201cjoker kelimesi\u201d olmu\u015ftu. Bir oyun havas\u0131nda, her\u015feyin ismi onun dilinde \u201ckepez\u201de d\u00f6n\u00fc\u015febiliyordu&#8230;\u201d<\/p>\n<p>Hep g\u00fcler y\u00fcz\u00fc, sempatik ve sevimli tav\u0131rlar\u0131n\u0131n yan\u0131nda \u00e7evresinde g\u00fcr sesi ile \u015fiirler okumas\u0131yla da tan\u0131n\u0131rd\u0131 Alp Ata Ak\u00e7ay\u00f6z.<\/p>\n<p>Onun i\u00e7indir ki,\u00a0 \u0130stanbul Maltepe, B\u00fcy\u00fckbakkalk\u00f6y\u2019deki mezar\u0131n\u0131 yapt\u0131r\u0131rken ta\u015f\u0131na onun \u00e7ok sevdi\u011fi \u015fu \u015fiirden bir k\u0131tay\u0131 yazd\u0131rd\u0131 yolda\u015flar\u0131\u2026<\/p>\n<p>Atl\u0131lar atl\u0131lar k\u0131z\u0131l atl\u0131lar,<\/p>\n<p>atlar\u0131 r\u00fczg\u00e2r kanatl\u0131lar!<\/p>\n<p>Atlar\u0131 r\u00fczg\u00e2r kanat&#8230;<br \/>\nAtlar\u0131 r\u00fczg\u00e2r&#8230;<br \/>\nAtlar\u0131&#8230;<br \/>\nAt&#8230;<\/p>\n<p><strong>Alp Ata Ak\u00e7ay\u00f6z, omuz omuza m\u00fccadele etti\u011fimiz yolda\u015flardan biriydi. Payla\u015f\u0131mc\u0131, vefal\u0131, yolda\u015flar\u0131na kar\u015f\u0131 sevgi dolu bir nefer\u2026 \u00a0\u00a0<\/strong><\/p>\n<p>Ve elbette\u00a0 Alp Ata Ak\u00e7ay\u00f6z&#8217;\u00fc anarken, &#8216;Hayata D\u00f6n\u00fc\u015f&#8217; ad\u0131 verilen ve ger\u00e7ekte vah\u015fete varan, tarihin en b\u00fcy\u00fck katliamlar\u0131ndan biri olarak tarihe ge\u00e7en 19-22 Aral\u0131k katliam\u0131nda ya\u015fam\u0131n\u0131 yitiren, yaral\u0131 kurtulan, \u00e7e\u015fitli hastal\u0131klarla ya\u015famak zorunda b\u0131rak\u0131lan\u00a0 t\u00fcm devrimcileri de ayn\u0131 duygularla, sahiplenme ile an\u0131yoruz. Onlar\u0131 sahiplenmek, anmak, anlatmak tarihsel bir g\u00f6revdir.<\/p>\n<p>Her birine sayg\u0131yla!<\/p>\n","protected":false},"excerpt":{"rendered":"<p>19 \u2013 22 Aral\u0131k yok etme sald\u0131r\u0131s\u0131na kar\u015f\u0131 ideallere \u00f6l\u00fcm\u00fcne ba\u011fl\u0131l\u0131k, h\u00fccre h\u00fccre erirken bile teslim olmama ve direnmenin ad\u0131d\u0131r.<\/p>\n","protected":false},"author":1,"featured_media":2342,"comment_status":"closed","ping_status":"closed","sticky":false,"template":"","format":"standard","meta":{"footnotes":""},"categories":[72],"tags":[],"class_list":["post-2341","post","type-post","status-publish","format-standard","has-post-thumbnail","hentry","category-guncel"],"_links":{"self":[{"href":"https:\/\/dkder.org\/index.php\/wp-json\/wp\/v2\/posts\/2341","targetHints":{"allow":["GET"]}}],"collection":[{"href":"https:\/\/dkder.org\/index.php\/wp-json\/wp\/v2\/posts"}],"about":[{"href":"https:\/\/dkder.org\/index.php\/wp-json\/wp\/v2\/types\/post"}],"author":[{"embeddable":true,"href":"https:\/\/dkder.org\/index.php\/wp-json\/wp\/v2\/users\/1"}],"replies":[{"embeddable":true,"href":"https:\/\/dkder.org\/index.php\/wp-json\/wp\/v2\/comments?post=2341"}],"version-history":[{"count":3,"href":"https:\/\/dkder.org\/index.php\/wp-json\/wp\/v2\/posts\/2341\/revisions"}],"predecessor-version":[{"id":2345,"href":"https:\/\/dkder.org\/index.php\/wp-json\/wp\/v2\/posts\/2341\/revisions\/2345"}],"wp:featuredmedia":[{"embeddable":true,"href":"https:\/\/dkder.org\/index.php\/wp-json\/wp\/v2\/media\/2342"}],"wp:attachment":[{"href":"https:\/\/dkder.org\/index.php\/wp-json\/wp\/v2\/media?parent=2341"}],"wp:term":[{"taxonomy":"category","embeddable":true,"href":"https:\/\/dkder.org\/index.php\/wp-json\/wp\/v2\/categories?post=2341"},{"taxonomy":"post_tag","embeddable":true,"href":"https:\/\/dkder.org\/index.php\/wp-json\/wp\/v2\/tags?post=2341"}],"curies":[{"name":"wp","href":"https:\/\/api.w.org\/{rel}","templated":true}]}}