{"id":2349,"date":"2024-12-26T11:32:53","date_gmt":"2024-12-26T11:32:53","guid":{"rendered":"https:\/\/dkder.org\/?p=2349"},"modified":"2024-12-26T11:48:50","modified_gmt":"2024-12-26T11:48:50","slug":"izmirde-isimize-geri-donecegiz-is-cinayetlerine-ve-sefalet-ucretine-hayireylemi","status":"publish","type":"post","link":"https:\/\/dkder.org\/index.php\/2024\/12\/26\/izmirde-isimize-geri-donecegiz-is-cinayetlerine-ve-sefalet-ucretine-hayireylemi\/","title":{"rendered":"\u0130zmir\u2019de \u201c\u0130\u015fimize geri d\u00f6nece\u011fiz, i\u015f cinayetlerine ve sefalet \u00fccretine hay\u0131r\u201deylemi"},"content":{"rendered":"<p>Kamu Emek\u00e7ileri Sendikalar\u0131 Konfederasyonu (KESK) \u0130zmir \u015eubeler Platformu ve E\u011fitim-Sen 2. Nolu \u015fube taraf\u0131ndan, \u00a0Kanun H\u00fckm\u00fcnde Kararname (KHK) ile ihra\u00e7 edilen kamu emek\u00e7ilerinin i\u015flerine iadesi, Bal\u0131kesir\u2019de i\u015f cinayetinde ya\u015fam\u0131n\u0131 yitiren 11 i\u015f\u00e7i ve 22 bin 104 lira olarak a\u00e7\u0131klanan asgari \u00fccreti protesto etmek i\u00e7in Kar\u015f\u0131yaka&#8217;da d\u00fczenledi\u011fi eylem 311\u2019inci haftas\u0131nda devam etti.<\/p>\n<p>Eylemde &#8220;\u0130hra\u00e7 tecrittir. Tecrit insan haklar\u0131 ihlalidir. Hak ihlallerine hay\u0131r. \u0130\u015fimize geri d\u00f6nece\u011fiz\u201d pankart\u0131 a\u00e7\u0131l\u0131rken s\u0131k s\u0131k \u201cSava\u015fa hay\u0131r bar\u0131\u015f hemen \u015fimdi\u201d, \u201cKHK\u2019ler gidecek biz kalaca\u011f\u0131z\u201d, \u201cKayy\u0131m darbedir darbeye hay\u0131r\u201d sloganlar\u0131 at\u0131ld\u0131. A\u00e7\u0131klamaya Devrimci Kurtulu\u015f Platformu, DKDER ve \u00a0bir\u00e7ok siyasi parti temsilcisi ve sivil toplum kurulu\u015fu da kat\u0131larak destek verdi.<\/p>\n<p>Bas\u0131n a\u00e7\u0131klamas\u0131n\u0131n okunmas\u0131ndan \u00f6nce, \u00a022 bin 104 lira olarak a\u00e7\u0131klanan asgari \u00fccrete dikkat \u00e7ekilerek, bunun bir sefalet \u00fccreti oldu\u011fu ve emek\u00e7ilerin a\u00e7l\u0131\u011fa mahkum edildi\u011fi dile getirildi.<\/p>\n<p><img decoding=\"async\" src=\"https:\/\/scontent-sea1-1.xx.fbcdn.net\/v\/t39.30808-6\/471622992_122143283270355666_9117254123414265385_n.jpg?_nc_cat=108&amp;ccb=1-7&amp;_nc_sid=127cfc&amp;_nc_ohc=pvNXEMq5yoAQ7kNvgG2TRWI&amp;_nc_zt=23&amp;_nc_ht=scontent-sea1-1.xx&amp;_nc_gid=AGNhO30Jv1bCkMBcNmcs1vQ&amp;oh=00_AYBUv_OAasszk60lsyrFvp-dKA10u8Wpo9r99OvxwPQ_uA&amp;oe=67731C20\" alt=\"10 ki\u015fi ve yaz\u0131 g\u00f6rseli olabilir\" \/><\/p>\n<p>A\u00e7\u0131klamay\u0131 E\u011fitim Sen \u0130zmir 2 Nolu \u015eube E\u011fitim Sekreteri \u015eifa Demirbilek okudu. 8 y\u0131ld\u0131r b\u0131kmadan, usanmadan adalet m\u00fccadelesini s\u00fcrd\u00fcrd\u00fcklerini belirten ve KESK&#8217;lilerin adalet, bar\u0131\u015f ve e\u015fitlikten yana oldu\u011funu vurgulayan \u015eifa Demirbilek, &#8220;Bizi a\u00e7l\u0131kla s\u0131namak isteyenler bilsinler ki biz son arkada\u015f\u0131m\u0131z i\u015fine d\u00f6nene kadar m\u00fccadele edece\u011fiz, biz sesimizi her alanda her platformda duyuraca\u011f\u0131z ve biz dayan\u0131\u015fmam\u0131zla b\u00fcy\u00fcyece\u011fiz. Hukuksuzlu\u011fa adaletsizli\u011fe \u00e7\u00fcr\u00fcyen d\u00fczene al\u0131\u015fmayaca\u011f\u0131z, boyun e\u011fmeyece\u011fiz, bu haklar\u0131 kimse bize bah\u015fetmedi, direnerek m\u00fccadele ederek kazand\u0131k bundan sonra ayn\u0131 kararl\u0131l\u0131kla m\u00fccadele edece\u011fiz&#8221; dedi.<\/p>\n<p>Bal\u0131kesir Karesi&#8217;de ZSR M\u00fchimmat Fabrikas\u0131&#8217;nda ya\u015fanan patlamaya da de\u011finen \u015eifa Demirbilek, &#8220;Ne yaz\u0131k ki her y\u0131l ortalama iki bin can\u0131m\u0131z kaza s\u0131n\u0131rlar\u0131n\u0131 a\u015fan adeta seri i\u015f\u00e7i cinayeti boyutuna gelen bir tablo ile ya\u015famdan kopar\u0131lmaktad\u0131r. Bu tablo \u00e7al\u0131\u015fma hayat\u0131n\u0131 kurals\u0131z hale getiren, \u00e7al\u0131\u015fanlar\u0131 korumas\u0131z b\u0131rakan sistemin eseridir. Tek \u00e7\u00f6z\u00fcm i\u015f\u00e7i cinayetlerini yaratan, emek\u00e7iler i\u00e7in bir batakl\u0131k olan bu kapitalist sisteme kar\u015f\u0131 m\u00fccadeleden vazge\u00e7memektir. \u0130nsanl\u0131\u011f\u0131n hedef al\u0131nd\u0131\u011f\u0131 katliamlar\u0131 ve katliamlar\u0131n arkas\u0131ndaki kirli ili\u015fkileri unutmak de\u011fil hat\u0131rlamak, haf\u0131zalar\u0131m\u0131zdan sildirmek isteyenlere kar\u015f\u0131 inatla unutturmamak hepimizin g\u00f6revidir. \u00dczerinden ne kadar s\u00fcre ge\u00e7mi\u015f olursa olsun, insanl\u0131\u011fa kar\u015f\u0131 i\u015flenmi\u015f su\u00e7 olarak tarihe ge\u00e7mi\u015f olan Mara\u015f\u2019\u0131, \u00c7orum\u2019u, Sivas\u2019\u0131, Roboski&#8217; yi 10 Ekim Ankara katliam\u0131n\u0131 ve arkas\u0131ndaki g\u00fc\u00e7leri unutmam\u0131z m\u00fcmk\u00fcn de\u011fildir&#8221; diye konu\u015ftu.<\/p>\n<p>A\u00e7\u0131klama sloganlarla sona erdi.<\/p>\n<p><img decoding=\"async\" src=\"https:\/\/scontent-sea1-1.xx.fbcdn.net\/v\/t39.30808-6\/471593525_122143283492355666_3184883297631418553_n.jpg?_nc_cat=106&amp;ccb=1-7&amp;_nc_sid=127cfc&amp;_nc_ohc=P1DVj9aHjKAQ7kNvgHJhaZ-&amp;_nc_zt=23&amp;_nc_ht=scontent-sea1-1.xx&amp;_nc_gid=AX7zSSNPKmZmjx-Qm0hRPbM&amp;oh=00_AYC9c4tv43-4yefmb9HMna1aokt4ZpO842_FmPmFzkSFHQ&amp;oe=6772F950\" alt=\"8 ki\u015fi ve yaz\u0131 g\u00f6rseli olabilir\" \/><\/p>\n<p>&nbsp;<\/p>\n","protected":false},"excerpt":{"rendered":"<p>Kamu Emek\u00e7ileri Sendikalar\u0131 Konfederasyonu (KESK) \u0130zmir \u015eubeler Platformu ve E\u011fitim-Sen 2. Nolu \u015fube taraf\u0131ndan, \u00a0Kanun H\u00fckm\u00fcnde Kararname (KHK) ile ihra\u00e7<\/p>\n","protected":false},"author":1,"featured_media":2358,"comment_status":"closed","ping_status":"closed","sticky":false,"template":"","format":"standard","meta":{"footnotes":""},"categories":[72],"tags":[],"class_list":["post-2349","post","type-post","status-publish","format-standard","has-post-thumbnail","hentry","category-guncel"],"_links":{"self":[{"href":"https:\/\/dkder.org\/index.php\/wp-json\/wp\/v2\/posts\/2349","targetHints":{"allow":["GET"]}}],"collection":[{"href":"https:\/\/dkder.org\/index.php\/wp-json\/wp\/v2\/posts"}],"about":[{"href":"https:\/\/dkder.org\/index.php\/wp-json\/wp\/v2\/types\/post"}],"author":[{"embeddable":true,"href":"https:\/\/dkder.org\/index.php\/wp-json\/wp\/v2\/users\/1"}],"replies":[{"embeddable":true,"href":"https:\/\/dkder.org\/index.php\/wp-json\/wp\/v2\/comments?post=2349"}],"version-history":[{"count":8,"href":"https:\/\/dkder.org\/index.php\/wp-json\/wp\/v2\/posts\/2349\/revisions"}],"predecessor-version":[{"id":2360,"href":"https:\/\/dkder.org\/index.php\/wp-json\/wp\/v2\/posts\/2349\/revisions\/2360"}],"wp:featuredmedia":[{"embeddable":true,"href":"https:\/\/dkder.org\/index.php\/wp-json\/wp\/v2\/media\/2358"}],"wp:attachment":[{"href":"https:\/\/dkder.org\/index.php\/wp-json\/wp\/v2\/media?parent=2349"}],"wp:term":[{"taxonomy":"category","embeddable":true,"href":"https:\/\/dkder.org\/index.php\/wp-json\/wp\/v2\/categories?post=2349"},{"taxonomy":"post_tag","embeddable":true,"href":"https:\/\/dkder.org\/index.php\/wp-json\/wp\/v2\/tags?post=2349"}],"curies":[{"name":"wp","href":"https:\/\/api.w.org\/{rel}","templated":true}]}}