{"id":2367,"date":"2024-12-28T21:30:49","date_gmt":"2024-12-28T21:30:49","guid":{"rendered":"https:\/\/dkder.org\/?p=2367"},"modified":"2024-12-28T21:30:49","modified_gmt":"2024-12-28T21:30:49","slug":"izmirde-maras-ve-roboski-protestosu","status":"publish","type":"post","link":"https:\/\/dkder.org\/index.php\/2024\/12\/28\/izmirde-maras-ve-roboski-protestosu\/","title":{"rendered":"\u0130zmir\u2019de Mara\u015f ve Roboski protestosu"},"content":{"rendered":"<p>46.y\u0131l\u0131na giren Mara\u015f Katliam\u0131 ve \u015e\u0131rnak\u2019\u0131n Uludere il\u00e7esine ba\u011fl\u0131 Roboski k\u00f6y\u00fcnde, 28 Aral\u0131k 2011 tarihinde 19\u2019u \u00e7ocuk 34 ki\u015finin sava\u015f u\u00e7aklar\u0131 ile katledili\u015finin y\u0131ld\u00f6n\u00fcm\u00fcnde \u0130zmir Emek ve Demokrasi G\u00fc\u00e7leri bas\u0131n a\u00e7\u0131klamas\u0131 ger\u00e7ekle\u015ftirdi.<\/p>\n<p>Alsancak\u2019ta bulunan T\u00fcrkan Saylan K\u00fclt\u00fcr Merkezi \u00f6n\u00fcnde ger\u00e7ekle\u015fen a\u00e7\u0131klamaya Devrimci Kurtulu\u015f Platformu, siyasi partiler, Demokratik Alevi Dernekleri \u0130zmir \u015eubesi, Dostluk ve K\u00fclt\u00fcr Derne\u011fi( DKDER), y\u00f6re dernekleri, kad\u0131n \u00f6rg\u00fctleri ve yan\u0131 s\u0131ra \u00e7ok say\u0131da yurtta\u015f kat\u0131ld\u0131.<\/p>\n<p>A\u00e7\u0131klamada \u201cRoboski ve Mara\u015f katliamlar\u0131n\u0131 unutmad\u0131k, unutturmayaca\u011f\u0131z\u201d yaz\u0131l\u0131 pankart, \u201cGazetecilik su\u00e7 de\u011fildir\u201d, \u201cMara\u015f\u2019\u0131n yaras\u0131 hala kan\u0131yor\u201d, ve \u201cSuriye\u2019de Aleviler katlediliyor\u201d yaz\u0131l\u0131 d\u00f6vizler ta\u015f\u0131nd\u0131. Kitle s\u0131k s\u0131k, \u00a0\u201cDersim, Mara\u015f, Roboski unutulmaz hi\u00e7biri\u201d, \u201cFa\u015fizme kar\u015f\u0131 omuz omuza\u201d sloganlar\u0131n\u0131 att\u0131.<\/p>\n<p>Bas\u0131n metnini kitle ad\u0131na Kamu Emek\u00e7ileri Sendikalar\u0131 Konfederasyonu (KESK) D\u00f6nem S\u00f6zc\u00fcs\u00fc Nafiz Ceylan okudu.<\/p>\n<p><img decoding=\"async\" src=\"https:\/\/scontent-sea1-1.xx.fbcdn.net\/v\/t39.30808-6\/471611006_122143630160355666_6930740190962093704_n.jpg?_nc_cat=101&amp;ccb=1-7&amp;_nc_sid=127cfc&amp;_nc_ohc=QzKTYfIATpUQ7kNvgEyiwwI&amp;_nc_zt=23&amp;_nc_ht=scontent-sea1-1.xx&amp;_nc_gid=A1CEzXuRCfSfBBBVJZ0VLWn&amp;oh=00_AYAwFQqdSgEuK_blFnn8hOoviMYwduPV8Pvb7llpL_4g0A&amp;oe=67764822\" alt=\"3 ki\u015fi, kalabal\u0131k ve yaz\u0131 g\u00f6rseli olabilir\" \/><\/p>\n<p>Roboski ve Mara\u015f katliamlar\u0131n\u0131n sorumlular\u0131n\u0131n a\u00e7\u0131\u011fa \u00e7\u0131kar\u0131lmad\u0131\u011f\u0131n\u0131 ve yarg\u0131lananlar\u0131n ceza almad\u0131\u011f\u0131n\u0131 belirten Nafiz Ceylan,\u00a0 \u201cMara\u015f\u2019ta ya\u015fanan olaylarda devlet katliam bittikten, daha do\u011frusu fa\u015fistlerin sald\u0131r\u0131lar\u0131n\u0131n mahalle mahalle, ev ev direnilerek p\u00fcsk\u00fcrt\u00fcld\u00fc\u011f\u00fcn\u00fcn anla\u015f\u0131lmas\u0131ndan sonra m\u00fcdahale etti. 19 Aral\u0131k operasyonlar\u0131n\u0131 yapan do\u011frudan devletin kolluk g\u00fc\u00e7leri oldu. Roboski\u2019deki 34 yoksul k\u00f6yl\u00fc yine\u00a0 F-16\u2019larla bombalanarak hayat\u0131n\u0131 kaybetti. Bunca ac\u0131, bunca \u00f6l\u00fcm\u00fcn sorumlular\u0131 ise hi\u00e7bir ceza almad\u0131\u201d dedi.<\/p>\n","protected":false},"excerpt":{"rendered":"<p>46.y\u0131l\u0131na giren Mara\u015f Katliam\u0131 ve \u015e\u0131rnak\u2019\u0131n Uludere il\u00e7esine ba\u011fl\u0131 Roboski k\u00f6y\u00fcnde, 28 Aral\u0131k 2011 tarihinde 19\u2019u \u00e7ocuk 34 ki\u015finin sava\u015f<\/p>\n","protected":false},"author":1,"featured_media":2369,"comment_status":"closed","ping_status":"closed","sticky":false,"template":"","format":"standard","meta":{"footnotes":""},"categories":[1],"tags":[],"class_list":["post-2367","post","type-post","status-publish","format-standard","has-post-thumbnail","hentry","category-uncategorized"],"_links":{"self":[{"href":"https:\/\/dkder.org\/index.php\/wp-json\/wp\/v2\/posts\/2367","targetHints":{"allow":["GET"]}}],"collection":[{"href":"https:\/\/dkder.org\/index.php\/wp-json\/wp\/v2\/posts"}],"about":[{"href":"https:\/\/dkder.org\/index.php\/wp-json\/wp\/v2\/types\/post"}],"author":[{"embeddable":true,"href":"https:\/\/dkder.org\/index.php\/wp-json\/wp\/v2\/users\/1"}],"replies":[{"embeddable":true,"href":"https:\/\/dkder.org\/index.php\/wp-json\/wp\/v2\/comments?post=2367"}],"version-history":[{"count":1,"href":"https:\/\/dkder.org\/index.php\/wp-json\/wp\/v2\/posts\/2367\/revisions"}],"predecessor-version":[{"id":2370,"href":"https:\/\/dkder.org\/index.php\/wp-json\/wp\/v2\/posts\/2367\/revisions\/2370"}],"wp:featuredmedia":[{"embeddable":true,"href":"https:\/\/dkder.org\/index.php\/wp-json\/wp\/v2\/media\/2369"}],"wp:attachment":[{"href":"https:\/\/dkder.org\/index.php\/wp-json\/wp\/v2\/media?parent=2367"}],"wp:term":[{"taxonomy":"category","embeddable":true,"href":"https:\/\/dkder.org\/index.php\/wp-json\/wp\/v2\/categories?post=2367"},{"taxonomy":"post_tag","embeddable":true,"href":"https:\/\/dkder.org\/index.php\/wp-json\/wp\/v2\/tags?post=2367"}],"curies":[{"name":"wp","href":"https:\/\/api.w.org\/{rel}","templated":true}]}}