{"id":2431,"date":"2025-01-15T07:01:39","date_gmt":"2025-01-15T07:01:39","guid":{"rendered":"https:\/\/dkder.org\/?p=2431"},"modified":"2025-01-15T07:17:47","modified_gmt":"2025-01-15T07:17:47","slug":"askla-sana-huseyin-cevahir-belgeseli-uzerine-soylesi","status":"publish","type":"post","link":"https:\/\/dkder.org\/index.php\/2025\/01\/15\/askla-sana-huseyin-cevahir-belgeseli-uzerine-soylesi\/","title":{"rendered":"A\u015eKLA SANA  H\u00fcseyin Cevahir belgeseli \u00fczerine s\u00f6yle\u015fi"},"content":{"rendered":"<p>Sosyalist hareketin \u00f6nc\u00fc isimlerinden, T\u00fcrkiye Halk Kurtulu\u015f Partisi Cephesi kurucu \u00f6nderlerinden olan, Mahir \u00c7ayan ile birlikte ku\u015fat\u0131ld\u0131klar\u0131 Maltepe\u2019de \u00e7at\u0131\u015fmada, ni\u015fanc\u0131 Cihangir Erdeniz taraf\u0131ndan at\u0131lan kur\u015funla ya\u015fam\u0131n\u0131 yitiren H\u00fcseyin Cevahir\u2019in hayat\u0131 y\u00f6netmen Arin \u0130nan Arslan taraf\u0131ndan belgesele d\u00f6n\u00fc\u015ft\u00fcr\u00fcld\u00fc. &#8220;A\u015fkla Sana&#8221; adl\u0131 belgeselde, Cevahir\u2019in ailesine yazd\u0131\u011f\u0131 mektuplar, tan\u0131kl\u0131klar, g\u00f6rsel ve yaz\u0131l\u0131 ar\u015fiv yer al\u0131yor.<br \/>\nBelgesel\u2019in dan\u0131\u015fmanl\u0131\u011f\u0131n\u0131 Toplumsal bellek \u00fczerine \u00e7al\u0131\u015fmalar yapan Bo\u011fazi\u00e7i \u00dcniversitesi Sosyoloji B\u00f6l\u00fcm\u00fc \u00d6\u011fretim G\u00f6revlisi Do\u00e7. Dr. B\u00fclent K\u00fc\u00e7\u00fck, belgesele dan\u0131\u015fmanl\u0131k yapt\u0131.<br \/>\n2 \u015eubat\u2019ta Dostluk ve K\u00fclt\u00fcr Derne\u011fi\u2019nde belgesel g\u00f6sterimi yap\u0131l\u0131rken, Belgeselin Y\u00f6netmeni Arin \u0130nan Aslan ve Do\u00e7. Dr. B\u00fclent K\u00fc\u00e7\u00fck taraf\u0131ndan da belgesel ile ilgili s\u00f6yle\u015fi ger\u00e7ekle\u015ftirilecek.<\/p>\n<p>Tarih: 02 \u015eubat Pazar 2025<br \/>\nSaat: 14.00<br \/>\nYer: Kad\u0131k\u00f6y DKDER Salonu<br \/>\n( Osmana\u011fa Mah. Yo\u011furt\u00e7upark\u0131 Caddesi No: 6 Kad\u0131k\u00f6y)<\/p>\n<p>DOSTLUK VE K\u00dcLT\u00dcR\u00a0DERNE\u011e\u0130(DKDER)<\/p>\n<p>&nbsp;<\/p>\n<p><img loading=\"lazy\" decoding=\"async\" class=\"\" src=\"https:\/\/scontent-sea1-1.xx.fbcdn.net\/v\/t39.30808-6\/473572383_122145627626355666_4944716487073261271_n.jpg?stp=dst-jpg_s600x600_tt6&amp;_nc_cat=111&amp;ccb=1-7&amp;_nc_sid=127cfc&amp;_nc_ohc=kUPICi5juGIQ7kNvgGRry7H&amp;_nc_zt=23&amp;_nc_ht=scontent-sea1-1.xx&amp;_nc_gid=AIalL8HQ3VJHFDscjTOo3Tf&amp;oh=00_AYCgfu7nTVWBW_-kogcHrSQcFKcnObcY3X-gZ2EtD5NLfg&amp;oe=678D24E1\" alt=\"3 ki\u015fi ve \u015funu diyen bir yaz\u0131 'A\u015eKLA SANA C\u00c9VAH\u0130R BELGESEL G\u00d6STER\u0130M\u0130 S\u00d6YLE\u015e\u0130 Y\u00f6netmen AR\u0130N \u0130NAN ARSLAN Film Dan\u0131\u015fman\u0131 Do\u00e7.Dr.. .Dr.. B\u00dcLENT K\u00dc\u00c7\u00dcK Tarih: 02 \u015eubat Pazar 2025 Saat: 14.00 Yer: Kad\u0131k\u00f6y DKDER Salonu (Osmana\u011fa Mah. Yo\u011furt\u00e7upark\u0131 Caddesi No: Kad\u0131k\u00f6y) Do\u00e7.Dr. B\u00dcLENT K\u00dc\u00c7\u00dcK ARiN \u0130NAN ARSLAN D KDER DOSTLUK DOSTLUK VE K\u00dcLT\u00dcR DERNE\u011e\u0130 www.dkder.org' g\u00f6rseli olabilir\" width=\"828\" height=\"828\" \/><\/p>\n","protected":false},"excerpt":{"rendered":"<p>Sosyalist hareketin \u00f6nc\u00fc isimlerinden, T\u00fcrkiye Halk Kurtulu\u015f Partisi Cephesi kurucu \u00f6nderlerinden olan, Mahir \u00c7ayan ile birlikte ku\u015fat\u0131ld\u0131klar\u0131 Maltepe\u2019de \u00e7at\u0131\u015fmada, ni\u015fanc\u0131<\/p>\n","protected":false},"author":1,"featured_media":2435,"comment_status":"closed","ping_status":"closed","sticky":false,"template":"","format":"standard","meta":{"footnotes":""},"categories":[72],"tags":[],"class_list":["post-2431","post","type-post","status-publish","format-standard","has-post-thumbnail","hentry","category-guncel"],"_links":{"self":[{"href":"https:\/\/dkder.org\/index.php\/wp-json\/wp\/v2\/posts\/2431","targetHints":{"allow":["GET"]}}],"collection":[{"href":"https:\/\/dkder.org\/index.php\/wp-json\/wp\/v2\/posts"}],"about":[{"href":"https:\/\/dkder.org\/index.php\/wp-json\/wp\/v2\/types\/post"}],"author":[{"embeddable":true,"href":"https:\/\/dkder.org\/index.php\/wp-json\/wp\/v2\/users\/1"}],"replies":[{"embeddable":true,"href":"https:\/\/dkder.org\/index.php\/wp-json\/wp\/v2\/comments?post=2431"}],"version-history":[{"count":1,"href":"https:\/\/dkder.org\/index.php\/wp-json\/wp\/v2\/posts\/2431\/revisions"}],"predecessor-version":[{"id":2434,"href":"https:\/\/dkder.org\/index.php\/wp-json\/wp\/v2\/posts\/2431\/revisions\/2434"}],"wp:featuredmedia":[{"embeddable":true,"href":"https:\/\/dkder.org\/index.php\/wp-json\/wp\/v2\/media\/2435"}],"wp:attachment":[{"href":"https:\/\/dkder.org\/index.php\/wp-json\/wp\/v2\/media?parent=2431"}],"wp:term":[{"taxonomy":"category","embeddable":true,"href":"https:\/\/dkder.org\/index.php\/wp-json\/wp\/v2\/categories?post=2431"},{"taxonomy":"post_tag","embeddable":true,"href":"https:\/\/dkder.org\/index.php\/wp-json\/wp\/v2\/tags?post=2431"}],"curies":[{"name":"wp","href":"https:\/\/api.w.org\/{rel}","templated":true}]}}