{"id":2554,"date":"2025-02-28T09:11:23","date_gmt":"2025-02-28T09:11:23","guid":{"rendered":"https:\/\/dkder.org\/?p=2554"},"modified":"2025-02-28T09:13:06","modified_gmt":"2025-02-28T09:13:06","slug":"bes-vergide-gelirde-adalet-sorunlarimiza-cozum-istiyoruz","status":"publish","type":"post","link":"https:\/\/dkder.org\/index.php\/2025\/02\/28\/bes-vergide-gelirde-adalet-sorunlarimiza-cozum-istiyoruz\/","title":{"rendered":"BES: VERG\u0130DE, GEL\u0130RDE ADALET, SORUNLARIMIZA \u00c7\u00d6Z\u00dcM \u0130ST\u0130YORUZ!"},"content":{"rendered":"<p>Vergi haftas\u0131 nedeniyle B\u00fcro Emek\u00e7ileri Sendikas\u0131 (BES),Hazine ve Maliye Bakanl\u0131g\u0306\u0131 o\u0308nu\u0308nde\u2019 Gelirde Vergide Adalet\u2019 talebiyle eylem yap\u0131p, a\u00e7\u0131klamalarda bulundu.<\/p>\n<p>Bas\u0131n ac\u0327\u0131klamas\u0131 BES Genel Sekreteri Sedat Suna taraf\u0131ndan okundu.<\/p>\n<p>BES Genel Sekreteri Sedat Suna bas\u0131n ac\u0327\u0131klamas\u0131n\u0131n sonunda taleplerini \u015fu \u015fekilde s\u0131ralad\u0131:<\/p>\n<p>-Adil bir ek g\u00f6sterge sistemi d\u00fczenlensin ve 5510 say\u0131l\u0131 Yasaya g\u00f6re i\u015fe giren memurlar\u0131 kapsas\u0131n!<\/p>\n<p>-Vergi dilimi adaletsizli\u011fine son verilsin!<\/p>\n<p>-Gelir Vergisi y\u00fczde 10\u2019a indirilerek sabitlensin!<\/p>\n<p>-A\u00e7l\u0131k s\u0131n\u0131r\u0131 alt\u0131ndaki \u00fccretlerden vergi, sigorta vb. kesintiler kald\u0131r\u0131ls\u0131n!<\/p>\n<p>-Emek\u00e7ilerin zorunlu t\u00fcketim maddelerinde dolayl\u0131 vergi oran\u0131 s\u0131f\u0131ra indirilsin!<\/p>\n<p>-\u0130lave ek \u00f6deme dahil t\u00fcm \u00f6demeler taban maa\u015fa eklensin!<\/p>\n<p>-Se\u00e7im vaatleri yalan olmas\u0131n. 3600 ek g\u00f6sterge t\u00fcm kamu emek\u00e7ilerine verilsin!<\/p>\n<p>-Se\u00e7im vaatleri yalan olmas\u0131n. M\u00fclakat derhal kald\u0131r\u0131ls\u0131n!<\/p>\n<p>-Merkez\/Ta\u015fra ayr\u0131m\u0131na son verilsin!<\/p>\n<p>-Yetki a\u015f\u0131m\u0131 boyutuna varan g\u00f6revlendirmelere son verilsin! Mali Hizmetler S\u0131n\u0131f\u0131 olu\u015fturulsun! Kariyer liyakata uygun g\u00f6revde y\u00fckselmelerin \u00f6n\u00fc a\u00e7\u0131ls\u0131n!<\/p>\n<p>-G\u00f6revde y\u00fckselme s\u0131navlar\u0131nda, mobbinge d\u00f6n\u00fc\u015fen m\u00fclakat haks\u0131zl\u0131\u011f\u0131na son verilsin!<\/p>\n<p>-Tarhiyat uzla\u015fmalar\u0131nda, uzla\u015fma paralar\u0131 b\u00fct\u00fcn Gelir Uzmanlar\u0131na \u00f6densin!<\/p>\n<p>-Gelir Uzmanl\u0131\u011f\u0131 kariyer meslek olarak tan\u0131mlans\u0131n ve inceleme yetkisi verilsin!<\/p>\n<p>-Vergi Dairelerinde personel eksikli\u011fi giderilsin. Nitelikli \u00e7al\u0131\u015fma ortam\u0131 yarat\u0131ls\u0131n!<\/p>\n<p>-Yard\u0131mc\u0131 hizmetler s\u0131n\u0131f\u0131na g\u00f6revde y\u00fckselme s\u0131nav\u0131 a\u00e7\u0131ls\u0131n!<\/p>\n<p>-B\u00fct\u00fcn emek\u00e7ilere 20.000 TL. kira yard\u0131m\u0131 yap\u0131ls\u0131n!<\/p>\n<p>-B\u00fct\u00fcn emek\u00e7ilere \u00fccretsiz yemek ve ula\u015f\u0131m hakk\u0131 tan\u0131ns\u0131n!<\/p>\n<p>-Kapanan gider birimlerinde \u00e7al\u0131\u015fan personellerin hak kay\u0131plar\u0131 giderilsin!\u201d<\/p>\n<p>&nbsp;<\/p>\n","protected":false},"excerpt":{"rendered":"<p>Vergi haftas\u0131 nedeniyle B\u00fcro Emek\u00e7ileri Sendikas\u0131 (BES),Hazine ve Maliye Bakanl\u0131g\u0306\u0131 o\u0308nu\u0308nde\u2019 Gelirde Vergide Adalet\u2019 talebiyle eylem yap\u0131p, a\u00e7\u0131klamalarda bulundu. Bas\u0131n<\/p>\n","protected":false},"author":1,"featured_media":2555,"comment_status":"closed","ping_status":"closed","sticky":false,"template":"","format":"standard","meta":{"footnotes":""},"categories":[72],"tags":[],"class_list":["post-2554","post","type-post","status-publish","format-standard","has-post-thumbnail","hentry","category-guncel"],"_links":{"self":[{"href":"https:\/\/dkder.org\/index.php\/wp-json\/wp\/v2\/posts\/2554","targetHints":{"allow":["GET"]}}],"collection":[{"href":"https:\/\/dkder.org\/index.php\/wp-json\/wp\/v2\/posts"}],"about":[{"href":"https:\/\/dkder.org\/index.php\/wp-json\/wp\/v2\/types\/post"}],"author":[{"embeddable":true,"href":"https:\/\/dkder.org\/index.php\/wp-json\/wp\/v2\/users\/1"}],"replies":[{"embeddable":true,"href":"https:\/\/dkder.org\/index.php\/wp-json\/wp\/v2\/comments?post=2554"}],"version-history":[{"count":1,"href":"https:\/\/dkder.org\/index.php\/wp-json\/wp\/v2\/posts\/2554\/revisions"}],"predecessor-version":[{"id":2556,"href":"https:\/\/dkder.org\/index.php\/wp-json\/wp\/v2\/posts\/2554\/revisions\/2556"}],"wp:featuredmedia":[{"embeddable":true,"href":"https:\/\/dkder.org\/index.php\/wp-json\/wp\/v2\/media\/2555"}],"wp:attachment":[{"href":"https:\/\/dkder.org\/index.php\/wp-json\/wp\/v2\/media?parent=2554"}],"wp:term":[{"taxonomy":"category","embeddable":true,"href":"https:\/\/dkder.org\/index.php\/wp-json\/wp\/v2\/categories?post=2554"},{"taxonomy":"post_tag","embeddable":true,"href":"https:\/\/dkder.org\/index.php\/wp-json\/wp\/v2\/tags?post=2554"}],"curies":[{"name":"wp","href":"https:\/\/api.w.org\/{rel}","templated":true}]}}