{"id":3799,"date":"2025-12-19T21:28:41","date_gmt":"2025-12-19T21:28:41","guid":{"rendered":"https:\/\/dkder.org\/?p=3799"},"modified":"2025-12-19T21:28:41","modified_gmt":"2025-12-19T21:28:41","slug":"izmirde-hepimiz-oradaydik-eylemi","status":"publish","type":"post","link":"https:\/\/dkder.org\/index.php\/2025\/12\/19\/izmirde-hepimiz-oradaydik-eylemi\/","title":{"rendered":"\u0130zmir\u2019de \u201cHepimiz oradayd\u0131k\u201d eylemi"},"content":{"rendered":"<p>\u0130zmir\u2019de, gen\u00e7lik \u00f6rg\u00fctleri taraf\u0131ndan 19 Mart\u2019\u0131n 9. Ay\u0131nda \u2018biz de oradayd\u0131k\u2019 demek \u00a0ve \u00a0ge\u00e7ti\u011fimiz g\u00fcnlerde 19 Mart eylemlerinde slogan att\u0131klar\u0131\u00a0gerek\u00e7esi ile ger\u00e7ekle\u015fen g\u00f6zalt\u0131lar\u0131 ve tutuklamalar\u0131 protesto etmek i\u00e7in Alsancak \u00d6SYM binas\u0131ndan T\u00fcrkan Saylan K\u00fclt\u00fcr Merkezine y\u00fcr\u00fcy\u00fc\u015f\u00a0ger\u00e7ekle\u015ftirildi.<\/p>\n<p>\u201c\u00d6zg\u00fcrl\u00fck y\u00fcr\u00fcy\u00fc\u015f\u00fcm\u00fcz s\u00fcr\u00fcyor! Hepimiz oradayd\u0131k\u2019\u201d\u00a0\u015fiar\u0131\u00a0ile ger\u00e7ekle\u015ftirilen y\u00fcr\u00fcy\u00fc\u015fte\u00a0Ankara\u2019da ve\u00a0\u0130stanbul\u2019da ger\u00e7ekle\u015ftirilen eylemler selamlan\u0131rken,\u00a0\u0130stanbul\u2019da ger\u00e7ekle\u015fen g\u00f6zalt\u0131\u00a0sald\u0131r\u0131s\u0131 k\u0131nand\u0131 ve tutuklananlar\u0131n serbest b\u0131rak\u0131lmas\u0131 istendi.<\/p>\n<p>Bas\u0131n a\u00e7\u0131klamas\u0131\u00a0\u00f6ncesinde gen\u00e7lik \u00f6rg\u00fctleri bile\u015fenlerinden konu\u015fmalar yap\u0131l\u0131rken,ortak bas\u0131n a\u00e7\u0131klamas\u0131 tutuklanan Berkan\u00a0 Bora Akkaya annesi taraf\u0131ndan okundu.<\/p>\n<p>Yap\u0131lan a\u00e7\u0131klamada, \u00a0e\u015fit ve \u00f6zg\u00fcr bir ya\u015fam\u0131 savunduklar\u0131 i\u00e7in hukuksuzca tutuklanan arkada\u015flar\u0131m\u0131z Mert, Halil, Kaan ve Berdan i\u00e7in bir araya geldiklerini, \u00a015 Aral\u0131k Pazartesi g\u00fcn\u00fc sabah saatlerinde \u0130zmir\u2019de, 19 Mart eylemlerine kat\u0131ld\u0131klar\u0131 ve att\u0131klar\u0131 sloganlar bahane edilerek d\u00f6rt ki\u015finin \u00a0\u201ccumhurba\u015fkan\u0131na hakaret\u201d ve \u201cToplant\u0131 ve G\u00f6steri Y\u00fcr\u00fcy\u00fc\u015fleri Kanunu\u2019na muhalefet\u201d su\u00e7lamalar\u0131yla tutukland\u0131\u011f\u0131n\u0131 ifade edilerek, \u201cBizler 19 Mart\u2019ta, bundan tam dokuz ay \u00f6nce bu meydanda \u00fczerimize \u00e7\u00f6ken devasa karanl\u0131\u011f\u0131 te\u015fhir ettik. Eme\u011fimizi gasp eden, kimli\u011fimizi yok sayan, hayatlar\u0131m\u0131z\u0131 \u00e7alan, d\u00f6rt bir yan\u0131m\u0131z\u0131 kayyumlarla ku\u015fatan saray rejiminin fa\u015fizmi derinle\u015ftirmesine kar\u015f\u0131 halk\u0131n direni\u015f m\u00fccadelesini sokaklarda, meydanlarda y\u00fckselttik. Demokrasiye, halk\u0131n se\u00e7me ve se\u00e7ilme hakk\u0131na, adalete ve \u00f6zg\u00fcrl\u00fc\u011fe sahip \u00e7\u0131kt\u0131\u011f\u0131m\u0131z i\u00e7in bug\u00fcn bu tutuklamalar ger\u00e7ekle\u015fmi\u015ftir.\u201ddenildi.<\/p>\n<p>\u00d6ZG\u00dcRL\u00dcK TALEB\u0130NE SALDIRI<\/p>\n<p>A\u00e7\u0131klamada, iktidar\u0131n \u00a0elinde tuttu\u011fu t\u00fcm bask\u0131 ayg\u0131tlar\u0131yla sallanan iktidar\u0131n\u0131 korumak i\u00e7in, ezilen b\u00fct\u00fcn toplumsal kesimleri hareketsiz k\u0131lma niyetiyle hareket etti\u011fini, \u0130zmir\u2019de ger\u00e7ekle\u015fen tutuklamalar\u0131n, iktidar\u0131n 19 Mart eylemlerine, sokakta b\u00fcy\u00fcyen halk\u0131n e\u015fitlik ve \u00f6zg\u00fcrl\u00fck talebine kar\u015f\u0131 y\u00fcr\u00fctt\u00fc\u011f\u00fc topyek\u00fbn sald\u0131r\u0131n\u0131n bir par\u00e7as\u0131 oldu\u011fu vurguland\u0131.<\/p>\n<p>BU Z\u0130HN\u0130YET\u0130 \u00c7OK \u0130Y\u0130 TANIYORUZ<\/p>\n<p>A\u00e7\u0131klamada \u015f\u00f6yle denildi: Cumhurba\u015fkan\u0131na hakaret iddias\u0131yla g\u00f6zalt\u0131na al\u0131nan d\u00f6rt devrimci gencin tutuklanmas\u0131n\u0131n hukuki de\u011fil, politiktir ve bu tutuklamalar\u0131n 19 Mart\u2019la s\u0131n\u0131rl\u0131 olmad\u0131\u011f\u0131n\u0131 da \u00e7ok iyi biliyoruz. Tutuklanan arkada\u015flar\u0131m\u0131z,\u00a0\u00a0 gen\u00e7li\u011fin i\u015f\u00e7i s\u0131n\u0131f\u0131yla bulu\u015ftu\u011fu her alanda sorumluk alm\u0131\u015f; i\u015f\u00e7i s\u0131n\u0131f\u0131n\u0131n m\u00fccadelesini s\u00fcrd\u00fcrm\u00fc\u015f, asgari \u00fccret m\u00fccadelesini y\u00fcr\u00fctm\u00fc\u015f, son g\u00fcnlerde MESEM\u2019lerde s\u00f6m\u00fcr\u00fclen, i\u015f cinayetlerinde katledilen \u00e7ocuk i\u015f\u00e7ilere kar\u015f\u0131 eylemler \u00f6rg\u00fctlemi\u015f, \u00e7ocuk i\u015f\u00e7i s\u00f6m\u00fcr\u00fcs\u00fcn\u00fc te\u015fhir etmi\u015ftir.Bu zihniyeti \u00e7ok iyi tan\u0131yoruz. Gezi Direni\u015fi\u2019ne kat\u0131lmalar\u0131 gerek\u00e7e g\u00f6sterilerek y\u0131llard\u0131r uydurma su\u00e7lamalarla tutsak edilenlerden, yarg\u0131n\u0131n bir sopaya d\u00f6n\u00fc\u015ft\u00fcr\u00fclmesinden, g\u00f6zda\u011f\u0131 vermek amac\u0131yla s\u00fcrd\u00fcr\u00fclen siyasi operasyonlardan biliyoruz.\u201ddenildi.<\/p>\n<p>HEP\u0130M\u0130Z ORADAYDIK<\/p>\n<p>19 Mart\u2019\u0131n \u00fczerinden dokuz ay ge\u00e7ti\u011fi ancak iktidar\u0131n sokakta b\u00fcy\u00fcyen isyana, e\u015fitlik ve \u00f6zg\u00fcrl\u00fck talebine duydu\u011fu korkunun \u00a0h\u00e2l\u00e2 ilk g\u00fcnk\u00fc kadar taze oldu\u011fu vurgulanan a\u00e7\u0131klamada, \u201cKaybetme korkusuyla, yarg\u0131 , bask\u0131 ve zorla korumaya \u00e7al\u0131\u015ft\u0131\u011f\u0131 koltuklar\u0131n\u0131n kar\u015f\u0131s\u0131nda milyonlar\u0131n geri alaca\u011f\u0131 ya\u015famlar\u0131, \u00f6zg\u00fcrl\u00fckleri ve gelecekleri var. Bizim \u00f6fkemiz de haf\u0131zam\u0131z da taze. Mert\u2019i, Halil\u2019i, Kaan\u2019\u0131, Berdan\u2019\u0131; omuz omuza barikatlar\u0131 a\u015ft\u0131\u011f\u0131m\u0131z tek bir arkada\u015f\u0131m\u0131z\u0131 size b\u0131rakmayaca\u011f\u0131z. Bask\u0131lar\u0131n\u0131zla, g\u00f6zalt\u0131 ve tutuklamalar\u0131n\u0131zla bir ad\u0131m geri atmayaca\u011f\u0131m\u0131z\u0131 g\u00f6stermek i\u00e7in tutuklanan d\u00f6rt arkada\u015f\u0131m\u0131z i\u00e7in hepimiz oradayd\u0131k, diyoruz.\u201ddenildi.<\/p>\n<p>TUTULANALAR DERHAL SERBEST BIRAKILSIN<\/p>\n<p>Bas\u0131n a\u00e7\u0131klamas\u0131, 19 Mart\u2019\u0131n dokuzuncu ay\u0131nda bir kez daha tutuklananlar\u0131n\u00a0 derhal serbest b\u0131rak\u0131lmas\u0131, demokratik haklar\u0131n\u0131 kullanan gen\u00e7lere y\u00f6nelik bask\u0131lar\u0131n son bulmas\u0131, yarg\u0131 eliyle y\u00fcr\u00fct\u00fclen siyasi operasyonlara derhal son verilmesi \u00e7a\u011fr\u0131s\u0131 ile son buldu.<\/p>\n","protected":false},"excerpt":{"rendered":"<p>\u0130zmir\u2019de, gen\u00e7lik \u00f6rg\u00fctleri taraf\u0131ndan 19 Mart\u2019\u0131n 9. Ay\u0131nda \u2018biz de oradayd\u0131k\u2019 demek \u00a0ve \u00a0ge\u00e7ti\u011fimiz g\u00fcnlerde 19 Mart eylemlerinde slogan att\u0131klar\u0131\u00a0gerek\u00e7esi<\/p>\n","protected":false},"author":1,"featured_media":3800,"comment_status":"closed","ping_status":"closed","sticky":false,"template":"","format":"standard","meta":{"footnotes":""},"categories":[72],"tags":[],"class_list":["post-3799","post","type-post","status-publish","format-standard","has-post-thumbnail","hentry","category-guncel"],"_links":{"self":[{"href":"https:\/\/dkder.org\/index.php\/wp-json\/wp\/v2\/posts\/3799","targetHints":{"allow":["GET"]}}],"collection":[{"href":"https:\/\/dkder.org\/index.php\/wp-json\/wp\/v2\/posts"}],"about":[{"href":"https:\/\/dkder.org\/index.php\/wp-json\/wp\/v2\/types\/post"}],"author":[{"embeddable":true,"href":"https:\/\/dkder.org\/index.php\/wp-json\/wp\/v2\/users\/1"}],"replies":[{"embeddable":true,"href":"https:\/\/dkder.org\/index.php\/wp-json\/wp\/v2\/comments?post=3799"}],"version-history":[{"count":1,"href":"https:\/\/dkder.org\/index.php\/wp-json\/wp\/v2\/posts\/3799\/revisions"}],"predecessor-version":[{"id":3801,"href":"https:\/\/dkder.org\/index.php\/wp-json\/wp\/v2\/posts\/3799\/revisions\/3801"}],"wp:featuredmedia":[{"embeddable":true,"href":"https:\/\/dkder.org\/index.php\/wp-json\/wp\/v2\/media\/3800"}],"wp:attachment":[{"href":"https:\/\/dkder.org\/index.php\/wp-json\/wp\/v2\/media?parent=3799"}],"wp:term":[{"taxonomy":"category","embeddable":true,"href":"https:\/\/dkder.org\/index.php\/wp-json\/wp\/v2\/categories?post=3799"},{"taxonomy":"post_tag","embeddable":true,"href":"https:\/\/dkder.org\/index.php\/wp-json\/wp\/v2\/tags?post=3799"}],"curies":[{"name":"wp","href":"https:\/\/api.w.org\/{rel}","templated":true}]}}