{"id":4384,"date":"2026-04-26T05:00:05","date_gmt":"2026-04-26T05:00:05","guid":{"rendered":"https:\/\/dkder.org\/?p=4384"},"modified":"2026-04-26T05:09:30","modified_gmt":"2026-04-26T05:09:30","slug":"bugun26-nisan-yapilacak-eylem-etkinlik-ve-gundemden","status":"publish","type":"post","link":"https:\/\/dkder.org\/index.php\/2026\/04\/26\/bugun26-nisan-yapilacak-eylem-etkinlik-ve-gundemden\/","title":{"rendered":"BUG\u00dcN(26 N\u0130SAN) YAPILACAK EYLEM, ETK\u0130NL\u0130K VE G\u00dcNDEMDEN"},"content":{"rendered":"<p>Bug\u00fcn saat 14.00\u2019de, Dersim Do\u011fa, Ya\u015fam ve \u00c7evre Platformu, Kad\u0131k\u00f6y \u0130skele Meydan\u0131nda, \u2018Emperyalist Talana, Ranta, Madene Hay\u0131r\u2019ekoloji bulu\u015fmas\u0131 ger\u00e7ekle\u015ftirecek.(Bulu\u015fma saat 13.00\u2019de S\u00fcreyya Operas\u0131 \u00f6n\u00fc).<\/p>\n<p>\u2026\u2026<\/p>\n<p>Bug\u00fcn saat 13.30\u2019da, Halkevleri taraf\u0131ndan, \u015ei\u015fli Tiyatrosunda(Abide-i H\u00fcrriyet Caddesi Arzu pasaj\u0131nda), Song\u00fcl Bulur,Kutup Y\u0131ld\u0131z\u0131, Okan Erba\u015f\u2019\u0131n kat\u0131l\u0131m\u0131yla \u20181 May\u0131s\u2019a giderken halk Bulu\u015fmas\u0131\u2019konser ve \u015fiir etkinli\u011fi ve halk oyunlar\u0131 etkinli\u011fi ger\u00e7ekle\u015ftirilecek.<\/p>\n<p>\u2026\u2026<\/p>\n<p>Bug\u00fcn, D\u0130SK \u00fcyesi 11 sendika olarak yar\u0131n saat 12.50\u2019de Kolej Kav\u015fa\u011f\u0131\u2019nda bulu\u015fuyor, saat 13.00\u2019te direni\u015f\u00e7i madenciler ile bulu\u015fmak i\u00e7in Kurtulu\u015f Park\u0131\u2019na y\u00fcr\u00fcyecek.<\/p>\n<p>\u2026\u2026.<\/p>\n<p>Bug\u00fcn saat 16.00\u2019da, Otonom \u0130\u015f\u00e7i Birlikleri, Parma Beyo\u011flu&#8217;da ( Katip Mustafa \u00c7elebi, B\u00fcy\u00fck Parmakkap\u0131 Sk. No: 7 Kat 5) Beyo\u011flu adresinde, Daha Az \u0130\u015f Daha \u00c7ok Ya\u015fam&#8221; s\u00f6yle\u015fisi ger\u00e7ekle\u015ftirecek.<\/p>\n<p>\u2026\u2026.<\/p>\n<p>Bug\u00fcn saat 13.30\u2019da, KESK \u0130zmir \u015eubeler Platformu, \u0130zmir Kar\u015f\u0131yaka, \u00c7ar\u015f\u0131 K\u00fclt\u00fcr Merkezinde, \u2018Bar\u0131\u015f\u0131 Konu\u015fuyoruz: Ortado\u011fu\u2019da ve \u00dclkemizde Sorunlar-\u00c7\u00f6z\u00fcmler\u2019 konulu panel ger\u00e7ekle\u015ftirilecek.<\/p>\n<p>\u2026\u2026<\/p>\n<p>Bug\u00fcn saat 11.00\u2019de, \u00a0Al\u0131nteri ve K\u00f6z, \u0130lmek M\u00fczik Toplulu\u011fu&#8217;nun katk\u0131lar\u0131yla, Ankara, K\u00f6srelik G\u00f6leti Mesire Alan\u0131nda 1 May\u0131s dayan\u0131\u015fma pikni\u011fi ger\u00e7ekle\u015ftirecek.<\/p>\n<p>\u2026\u2026.<\/p>\n<p>Bug\u00fcn saat 11.00\u2019de, Kald\u0131ra\u00e7 taraf\u0131ndan, Samanda\u011f\u0131 Tomruksuyu Piknik Alan\u0131\u2019nda 1 May\u0131s\u2019a giderken mitingi ger\u00e7ekle\u015ftirilecek. \u201cYery\u00fcz\u00fc Sofras\u0131\u201d, m\u00fczik dinletileri, yar\u0131\u015fmalar, oyunlar ve \u00e7e\u015fitli etkinliklerin yer alaca\u011f\u0131 pikni\u011fe t\u00fcm halk\u0131 davetli.<\/p>\n<p>&#8230;&#8230;<\/p>\n<p>Bug\u00fcn saat 15.00\u2019de, Ba\u011fc\u0131lar T\u00dcKODER \u015eubesi( Sancak Mahallesi Birlik Caddesi, No: 6 Fera \u0130\u015f Merkezi)\u2018Emperyalist Sald\u0131rganl\u0131\u011fa ve Katil Amerika\u2019ya kar\u015f\u0131 Ba\u011f\u0131ms\u0131z T\u00fcrkiye ve Adalet \u0130stiyoruz\u2019 Ya\u015fas\u0131n 1 May\u0131s\u2019 etkinli\u011fi ger\u00e7ekle\u015ftirecek.<\/p>\n<p>\u2026.<\/p>\n<p>Bug\u00fcn saat 10.00-14.00 aras\u0131nda, Dem Parti \u0130l\u00e7e \u00d6rg\u00fct\u00fc, Maltepe Belediyesi Seyirtepe Sosyal Tesislerinde, \u2018Nevroz Ruhuyla 1 May\u0131s\u2019\u0131 kar\u015f\u0131layaca\u011f\u0131m\u0131z kahvalt\u0131\u2019 ger\u00e7ekle\u015ftirecek.<\/p>\n<p>\u2026\u2026.<\/p>\n<p>Bug\u00fcn saat 15.00\u2019de, DEM Parti \u0130l\u00e7e \u00f6rg\u00fct\u00fc, Kad\u0131k\u00f6y Yo\u011furt\u00e7u Park\u0131nda, \u2018Ekmek,Bar\u0131\u015f, Adalet \u0130\u00e7in Hep Birlikte 1 May\u0131s\u2019a\u2019 \u00a0konser ve \u0130\u015f\u00e7i K\u00fcrs\u00fcs\u00fc ger\u00e7ekle\u015ftirecek.<\/p>\n<p>\u2026\u2026<\/p>\n<p>Bug\u00fcn saat 15.00\u2019de, Gebze \u0130\u015f\u00e7ilerin Derne\u011fi, Gebze Sivil Toplum Merkezi(Gebze Millet bah\u00e7esinde)\u2019Bak i\u015fte Ya\u015fand\u0131 F\u0131rt\u0131na :May\u0131s 2025\u2019 tiyatro etkinli\u011fi ger\u00e7ekle\u015ftirecek.<\/p>\n<p>\u2026\u2026<\/p>\n<p>Bug\u00fcn saat 10.30\u2019da, Bursa Tabib Odas\u0131, Kad\u0131n Hekimler, Osmangazi Belediyesi Dobruca De\u011firmenpark Sosyal Tesisinde, kahvalt\u0131 ve Eri\u015fkin A\u015f\u0131lama Program\u0131 konulu s\u00f6yle\u015fi ger\u00e7ekle\u015ftirecek.<\/p>\n<p>\u2026\u2026<\/p>\n<p>Gezi davas\u0131 karar\u0131n\u0131n 4. y\u0131l\u0131nda \u0130nsan Haklar\u0131 Savunucular\u0131 Dayan\u0131\u015fma A\u011f\u0131 bile\u015fenleri olarak \u00e7a\u011fr\u0131 yapt\u0131: Osman Kavala, Can Atalay, \u00c7i\u011fdem Mater, Mine \u00d6zerden ve Tayfun Kahraman derhal serbest b\u0131rak\u0131ls\u0131n; haklar\u0131ndaki temelsiz su\u00e7lamalar d\u00fc\u015f\u00fcr\u00fcls\u00fcn<\/p>\n<p>\u2026\u2026<\/p>\n<p>Ankara&#8217;da haklar\u0131 i\u00e7in g\u00fcnlerdir eylemde olan Doruk Madencilik i\u015f\u00e7ileri Bakanl\u0131\u011f\u0131n d\u00fcn yapt\u0131\u011f\u0131 a\u00e7\u0131klaman\u0131n ard\u0131ndan direni\u015flerini s\u00fcrd\u00fcrmeye karar verdi. Bakanl\u0131\u011f\u0131n a\u00e7\u0131klamas\u0131n\u0131n &#8220;k\u00fc\u00e7\u00fck bir ad\u0131m&#8221; oldu\u011funu belirten i\u015f\u00e7iler, t\u00fcm talepleri kar\u015f\u0131lan\u0131ncaya kadar direni\u015fe devam edeceklerini belirtti.<\/p>\n<p>\u2026..<\/p>\n<p>31 y\u0131ld\u0131r cezaevinde olan devrimci Sinan Tepe bug\u00fcn Kand\u0131ra 2 No&#8217;lu F Tipi&#8217;nden tahliye oldu.<\/p>\n<p>\u2026\u2026.<\/p>\n<p>Cumhurba\u015fkan\u0131 Karar\u0131 ile, Konya&#8217;da bulunan Cengiz Holding&#8217;e ait Eti Al\u00fcminyum&#8217;a ait alan \u00d6zel End\u00fcstri B\u00f6lgesi ilan edildi. \u00d6zel End\u00fcstri B\u00f6lgelerinde vergi yok + har\u00e7 yok + ucuz arazi + h\u0131zl\u0131 izin gibi te\u015fvikler var.<\/p>\n<p>\u2026\u2026.<\/p>\n<p>N\u00fckleer Kar\u015f\u0131t\u0131 Platformu (NKP), \u00c7ernobil&#8217;in 40. y\u0131l\u0131 kapsam\u0131nda Sinop&#8217;ta &#8220;N\u00fckleer Santrallara HAYIR&#8221; mitingi d\u00fczenledi.<\/p>\n<p>\u2026\u2026.<\/p>\n<p>Bursa&#8217;da Dem Parti Mersin milletvekili ve S\u00f6zc\u00fcler Kurulu \u00fcyemiz Perihan Koca ile El Yazmalar\u0131 sitesi yazar\u0131 Deniz Tuzcu&#8217;nun kat\u0131ld\u0131\u011f\u0131 &#8220;Sava\u015f ve Politik Durum&#8221; konulu panel yo\u011fun bir kat\u0131l\u0131mla ger\u00e7ekle\u015fti.<\/p>\n<p>\u2026\u2026<\/p>\n<p>Giresun Tirebolu\u2019ya ba\u011fl\u0131 Sek\u00fc k\u00f6y\u00fcnde, AKP\u2019li Cant\u00fcrk Alag\u00f6z\u2019e ait Alag\u00f6z Maden \u015firketinin sondaj giri\u015fimlerine kar\u015f\u0131 y\u00f6re halk\u0131n\u0131n ba\u015flatt\u0131\u011f\u0131 direni\u015f s\u00fcr\u00fcyor. K\u00f6yl\u00fcler \u201c\u00c7ay\u0131m\u0131z\u0131, f\u0131nd\u0131\u011f\u0131m\u0131z\u0131 bitirecekler. Alag\u00f6z gidene kadar direni\u015fe devam edece\u011fiz\u201d dedi.<\/p>\n<p>\u2026\u2026<\/p>\n<p>Kuzey Ormanlar\u0131 Savunmas\u0131: Ka\u00e7ak yap\u0131 de\u011fil ka\u00e7ak \u00e7iftlik kurmu\u015f ve g\u00f6r\u00fcnen o ki \u201cdo\u011fa turizmi\u201d ad\u0131 alt\u0131nda orman\u0131 rant kap\u0131s\u0131na \u00e7evirmi\u015fler. Ekiplerin emeklerine sa\u011fl\u0131k. Rant odaklar\u0131n\u0131n tesis k\u0131l\u0131kl\u0131 bu i\u015fgal yap\u0131lar\u0131 Kuzey Ormanlar\u0131\u2019n\u0131n her mevkiine yay\u0131ld\u0131. Yenilerini durdurmak y\u00fczlercesini daha temizlemek i\u00e7in omuz omuza ve kararl\u0131l\u0131kla m\u00fccadele etmeliyiz.<\/p>\n<p>\u2026\u2026.<\/p>\n<p>Antalya Emek ve Demokrasi G\u00fc\u00e7leri, Y\u0131ld\u0131zlar SSS (\u00dc\u00e7es) Holding ve TMSF\u2019nin hak gasp\u0131na u\u011frayan Doruk Madencilik i\u015f\u00e7ilerinin 14 g\u00fcnd\u00fcr s\u00fcren direni\u015fine dikkat \u00e7ekmek ve dayan\u0131\u015fma amac\u0131yla Attalos An\u0131t\u0131 \u00f6n\u00fcnde bas\u0131n a\u00e7\u0131klamas\u0131 d\u00fczenledi. A\u00e7\u0131klamada, i\u015f\u00e7ilere yap\u0131lan muamelenin \u201ck\u00f6le muamelesi\u201d oldu\u011fu vurgulan\u0131rken, holding ve h\u00fck\u00fcmet yetkilileri g\u00f6reve \u00e7a\u011fr\u0131ld\u0131.<\/p>\n<p>\u2026\u2026.<\/p>\n<p>\u0130nsan Haklar\u0131 Derne\u011fi (<a href=\"https:\/\/www.birgun.net\/etiket\/ihd-863\">\u0130HD<\/a>) \u0130stanbul \u015eubesi Hapishane Komisyonu, &#8220;F Oturmas\u0131&#8221; eyleminin 735\u2019incisini dernek binas\u0131 \u00f6n\u00fcnde d\u00fczenledi.Bu haftaki eylemde, Van Y\u00fcksek G\u00fcvenlikli Cezaevi\u2019ndeki a\u011f\u0131r\u00a0<a href=\"https:\/\/www.birgun.net\/etiket\/hasta-4170\">hasta<\/a>\u00a0tutsak Botan Karsu\u2019nun durumuna dikkat \u00e7ekildi.<\/p>\n<p>\u2026..<\/p>\n<p>Mu\u015f\u2019un ard\u0131ndan d\u00fcn de Bing\u00f6l Karl\u0131ova\u2019da y\u00fczlerce yurtta\u015f meydanlara inerek 22 k\u00f6y\u00fc ve devasa mera alanlar\u0131n\u0131 do\u011frudan tehdit eden JES projesine tepki g\u00f6sterdi. Yurtta\u015flar \u201cDireni\u015fimiz ile talana izin vermeyece\u011fiz\u201d dedi.<\/p>\n<p>\u2026..<\/p>\n<p>Yapt\u0131\u011f\u0131 haberler ve ortaya \u00e7\u0131kard\u0131\u011f\u0131 ger\u00e7ekler nedeniyle hedef al\u0131nan BirG\u00fcn muhabiri \u0130smail Ar\u0131, 22 Mart Pazar g\u00fcn\u00fcnden bu yana tutuklu olarak cezaevinde. Halk, \u0130smail Ar\u0131 ile birlikte Merdan Yanarda\u011f ve Alican Uluda\u011f gibi tutuklu t\u00fcm gazetecilerin serbest b\u0131rak\u0131lmas\u0131n\u0131 talep ediyor.<\/p>\n<p>\u2026..<\/p>\n<p>Adalet Bakan\u0131 Ak\u0131n G\u00fcrlek\u2019in yarg\u0131da yapay zeka kullan\u0131m\u0131 projelerine kar\u015f\u0131 T\u00fcrkiye genelindeki 78 baro ortak bir bildiri yay\u0131mlad\u0131. Savunma hakk\u0131n\u0131n algoritmik s\u0131n\u0131rlara indirgenemeyece\u011fini vurgulayan barolar, adaletin mekanik bir veri i\u015fleme de\u011fil, vicdan\u00ee bir muhakeme \u00fcr\u00fcn\u00fc oldu\u011funun alt\u0131n\u0131 \u00e7izdi.<\/p>\n<p>\u2026..<\/p>\n<p>Ekmek ve G\u00fcl, \u201cT\u00fcrkiye\u2019de Kad\u0131n Yoksullu\u011fu Panoramas\u0131\u201d ba\u015fl\u0131kl\u0131 bir ara\u015ft\u0131rma ger\u00e7ekle\u015ftirdi. 15 ilde, 9 kad\u0131n dayan\u0131\u015fma derne\u011fi ve 23 Ekmek ve G\u00fcl grubunun kat\u0131l\u0131m\u0131yla 2 bin 804 kad\u0131nla yap\u0131lan anket ve g\u00f6r\u00fc\u015fmelerde, kad\u0131nlar\u0131n yoksulluk deneyimleri, ba\u015f etme yollar\u0131 ve \u00e7\u00f6z\u00fcm \u00f6nerileri incelendi.<\/p>\n<p>\u2026\u2026<\/p>\n<p>Ankara, \u0130stanbul ve \u0130zmir merkezli kitle \u00f6rg\u00fctlerinin \u00e7a\u011fr\u0131s\u0131yla, hayvanseverler Ankara Kolej Meydan\u0131&#8217;nda bir araya geldi. &#8216;Bar\u0131nakta hayat yok sokaklarda olacak&#8217;, &#8216;Hayvanlar\u0131 \u00f6ld\u00fcren \u00e7ocuklar\u0131 da \u00f6ld\u00fcr\u00fcyor&#8217;, &#8216;Katliama dur de, bar\u0131naklar \u00f6l\u00fcm kamp\u0131&#8217; yaz\u0131l\u0131 pankart ve d\u00f6vizler ta\u015f\u0131yan grup sloganlar atarak \u00c7ankaya Belediyesi \u00f6n\u00fcne y\u00fcr\u00fcd\u00fc.<\/p>\n<p>\u2026\u2026<\/p>\n<p>Ankara&#8217;da direni\u015fte olan maden i\u015f\u00e7ilerine destek a\u00e7\u0131klamas\u0131 yapan Bolu Emek ve Demokrasi G\u00fc\u00e7leri; \u201cMadencilerin sesi olun. Bulundu\u011funuz her yerde bu ablukaya, bu haks\u0131zl\u0131\u011fa kar\u015f\u0131 ses \u00e7\u0131kar\u0131n\u201d \u00e7a\u011fr\u0131s\u0131 yapt\u0131.<\/p>\n<p>\u2026..<\/p>\n<p>Ankara&#8217;da Kurtulu\u015f Park\u0131&#8217;nda direni\u015fte olan maden i\u015f\u00e7ilerine destek ziyaretinde bulunan KESK Ankara \u015eubeler Platformu; ya\u015fananlar\u0131n bir &#8220;aksakl\u0131k&#8221; de\u011fil, a\u00e7\u0131k bir s\u00f6m\u00fcr\u00fc d\u00fczeninin sonucu oldu\u011funu s\u00f6yledi.<\/p>\n<p>\u2026..<\/p>\n","protected":false},"excerpt":{"rendered":"<p>Bug\u00fcn saat 14.00\u2019de, Dersim Do\u011fa, Ya\u015fam ve \u00c7evre Platformu, Kad\u0131k\u00f6y \u0130skele Meydan\u0131nda, \u2018Emperyalist Talana, Ranta, Madene Hay\u0131r\u2019ekoloji bulu\u015fmas\u0131 ger\u00e7ekle\u015ftirecek.(Bulu\u015fma saat<\/p>\n","protected":false},"author":1,"featured_media":4123,"comment_status":"closed","ping_status":"closed","sticky":false,"template":"","format":"standard","meta":{"footnotes":""},"categories":[72],"tags":[],"class_list":["post-4384","post","type-post","status-publish","format-standard","has-post-thumbnail","hentry","category-guncel"],"_links":{"self":[{"href":"https:\/\/dkder.org\/index.php\/wp-json\/wp\/v2\/posts\/4384","targetHints":{"allow":["GET"]}}],"collection":[{"href":"https:\/\/dkder.org\/index.php\/wp-json\/wp\/v2\/posts"}],"about":[{"href":"https:\/\/dkder.org\/index.php\/wp-json\/wp\/v2\/types\/post"}],"author":[{"embeddable":true,"href":"https:\/\/dkder.org\/index.php\/wp-json\/wp\/v2\/users\/1"}],"replies":[{"embeddable":true,"href":"https:\/\/dkder.org\/index.php\/wp-json\/wp\/v2\/comments?post=4384"}],"version-history":[{"count":3,"href":"https:\/\/dkder.org\/index.php\/wp-json\/wp\/v2\/posts\/4384\/revisions"}],"predecessor-version":[{"id":4388,"href":"https:\/\/dkder.org\/index.php\/wp-json\/wp\/v2\/posts\/4384\/revisions\/4388"}],"wp:featuredmedia":[{"embeddable":true,"href":"https:\/\/dkder.org\/index.php\/wp-json\/wp\/v2\/media\/4123"}],"wp:attachment":[{"href":"https:\/\/dkder.org\/index.php\/wp-json\/wp\/v2\/media?parent=4384"}],"wp:term":[{"taxonomy":"category","embeddable":true,"href":"https:\/\/dkder.org\/index.php\/wp-json\/wp\/v2\/categories?post=4384"},{"taxonomy":"post_tag","embeddable":true,"href":"https:\/\/dkder.org\/index.php\/wp-json\/wp\/v2\/tags?post=4384"}],"curies":[{"name":"wp","href":"https:\/\/api.w.org\/{rel}","templated":true}]}}