{"id":4390,"date":"2026-04-26T21:26:47","date_gmt":"2026-04-26T21:26:47","guid":{"rendered":"https:\/\/dkder.org\/?p=4390"},"modified":"2026-04-26T21:26:53","modified_gmt":"2026-04-26T21:26:53","slug":"bugun27-nisan-yapilacak-eylem-etkinlik-ve-gundemden","status":"publish","type":"post","link":"https:\/\/dkder.org\/index.php\/2026\/04\/26\/bugun27-nisan-yapilacak-eylem-etkinlik-ve-gundemden\/","title":{"rendered":"BUG\u00dcN(27 N\u0130SAN) YAPILACAK EYLEM, ETK\u0130NL\u0130K VE G\u00dcNDEMDEN"},"content":{"rendered":"<p>\u0130nsan Haklar\u0131 Derne\u011fi, T\u00fcm \u015eube ve Temsilciliklerde, e\u015f zamanl\u0131 olarak \u00a0\u2018Silahs\u0131zlanma ve Bar\u0131\u015f Hukuki Reformlarla G\u00fcvence Alt\u0131na Al\u0131nmal\u0131d\u0131r\u2019 a\u00e7\u0131klamas\u0131 yapacak.<\/p>\n<p>\u2026\u2026.<\/p>\n<p>Bug\u00fcn saat 12.00\u2019de, Taksim Kazanc\u0131 Yoku\u015funda, 1 May\u0131s\u2019ta Taksim mitingini ger\u00e7ekle\u015ftirecekler, \u20181 May\u0131s\u2019ta Kaybettiklerimizi Omuz Omuza An\u0131yoruz\u2019 \u015fiar\u0131 ile anma yapacak.<\/p>\n<p>\u2026\u2026<\/p>\n<p>Bug\u00fcn saat 13.00\u2019de, 78\u2019ler Hareketi\u2019nin \u00e7a\u011fr\u0131s\u0131yla, 1977 Katliam\u0131n\u0131 Protesto i\u00e7in Kazanc\u0131 Yoku\u015funda bulu\u015fma ger\u00e7ekle\u015ftirilecek.<\/p>\n<p>\u2026\u2026.<\/p>\n<p>Bug\u00fcn saat 12.00\u2019de, Maden i\u015f\u00e7ileri, Ankara Kurtulu\u015f park\u0131ndan, Enerji ve Tabii Kaynaklar Bakanl\u0131\u011f\u0131na y\u00fcr\u00fcyecek.<\/p>\n<p>\u2026\u2026.<\/p>\n<p>Bug\u00fcn saat 17.30\u2019da, Adana \u0130n\u00f6n\u00fc Park\u0131\u2019nda, \u2018Eme\u011fimize, \u00d6zg\u00fcrl\u00fc\u011f\u00fcm\u00fcze sahip \u00e7\u0131kmak; Adalet, Bar\u0131\u015f, Hak, Hukuk, Adalet ve en \u00f6nemlisi Demokrasiyi Y\u00fckseltmek \u0130\u00c7\u0130N 1 MAYIS&#8217;a\u2019 a\u00e7\u0131klamas\u0131 yap\u0131lacak.<\/p>\n<p>\u2026\u2026<\/p>\n<p>Bug\u00fcn saat 19.00\u2019da, Enver Yan\u0131k\u2019\u0131n Ailesi ve Arkada\u015flar\u0131, Konak Naz\u0131m Hikmet K\u00fclt\u00fcr Merkezinde, \u00d6zcan \u015eenver, Geni\u015f Merdiven ve Praksis\u2019in kat\u0131l\u0131m\u0131yla,Wernicke Korsakoff hastas\u0131 Enver Yan\u0131k i\u00e7in Adil Yarg\u0131lama Hakk\u0131 \u2013Hasta Tutsaklara \u00d6zg\u00fcrl\u00fck\u2019konseri ger\u00e7ekle\u015ftirecek.<\/p>\n<p>\u2026\u2026<\/p>\n<p>Bug\u00fcn saat 20.00\u2019de,DGD-SEN taraf\u0131ndan, T\u00fcrkan Saylan K\u00fclt\u00fcr Merkezi Kardelen 2 Salonunda, Deniz G\u00f6kta\u015f\u2019\u0131n Stand-up g\u00f6sterisiyle dayan\u0131\u015fma etkinli\u011fi d\u00fczenleyecek.<\/p>\n<p>\u2026\u2026<\/p>\n<p>Bug\u00fcn saat 12.30\u2019da, D\u0130SK, TTB, KESK, TMMOB taraf\u0131ndan, Bursa Ali Osman S\u00f6nmez Onkoloji Hastanesi Acil Servis \u00f6n\u00fcnde, \u2018Hastane Yerleri Sat\u0131lamaz\u2019 a\u00e7\u0131klamas\u0131 yap\u0131lacak.<\/p>\n<p>\u2026\u2026.<\/p>\n<p>Bug\u00fcn saat 19.00\u2019da,\u00a0 Sosyalist Meclisler Federasyonu, Sar\u0131gazi\u2019de Ovac\u0131kl\u0131lar Derne\u011finde, 1 May\u0131s\u2019a Giderken SMF Halk Bulu\u015fmas\u0131\u2019, \u2018Enkazda Kapitalist Sistem, Gelecekte Biz Var\u0131z\u2019 s\u00f6yle\u015fisi ger\u00e7ekle\u015ftirecek.<\/p>\n<p>\u2026\u2026<\/p>\n<p>Dersim Do\u011fa, Ya\u015fam ve \u00c7evre Platformu\u2019nun \u00e7a\u011fr\u0131s\u0131yla, Kad\u0131k\u00f6y \u0130skele Meydan\u0131nda, \u2018Emperyalist Talana, Ranta, Madene Hay\u0131r\u2019 ekoloji bulu\u015fmas\u0131 ger\u00e7ekle\u015ftirildi. S\u00fcreyya Operas\u0131n\u0131n \u00f6n\u00fcnden iskeleye kadar sloganlar e\u015fli\u011finde y\u00fcr\u00fcy\u00fc\u015f yap\u0131ld\u0131.<\/p>\n<p>\u2026.<\/p>\n<p>10 Ekim 2015\u2019te Ankara\u2019da 103 ki\u015finin hayat\u0131n\u0131 kaybetti\u011fi katliam \u00f6ncesinde yap\u0131lan bar\u0131\u015f mitingi \u00e7a\u011fr\u0131s\u0131 i\u00e7in yap\u0131lan y\u00fcr\u00fcy\u00fc\u015f nedeniyle yarg\u0131lanan sendika ve meslek \u00f6rg\u00fct\u00fc temsilcilerine, aradan ge\u00e7en 10 y\u0131l\u0131n ard\u0131ndan yeniden hapis cezas\u0131 verildi. Adana 17. Asliye Ceza Mahkemesi, daha \u00f6nce istinaf taraf\u0131ndan bozulan dosyada yapt\u0131\u011f\u0131 yeniden yarg\u0131lamada \u00f6nceki karar\u0131na b\u00fcy\u00fck \u00f6l\u00e7\u00fcde paralel bir h\u00fck\u00fcm kurdu. Mahkeme, eylem s\u0131ras\u0131nda ta\u015f\u0131nan sendika flamalar\u0131n\u0131n ba\u011fl\u0131 oldu\u011fu plastik sopalar\u0131 \u201csilah\u201d sayarak cezalar\u0131 art\u0131rd\u0131.<\/p>\n<p>\u2026..<\/p>\n<p>Rojin Kabai\u015f ve G\u00fclistan Doku \u0130\u00e7in Adalet Komisyonlar\u0131, \u0130stanbul Kad\u0131k\u00f6y\u2019de bulunan S\u00fcreyya Operas\u0131 \u00f6n\u00fcnden Khalkedon Meydan\u0131\u2019na y\u00fcr\u00fcy\u00fc\u015f yapt\u0131. \u00a0&#8220;G\u00fclistan Doku&#8217;dan Rojin Kabai\u015f&#8217;e ger\u00e7ek adaleti biz sa\u011flayaca\u011f\u0131z&#8221; pankart\u0131n\u0131n a\u00e7\u0131ld\u0131\u011f\u0131 y\u00fcr\u00fcy\u00fc\u015fte \u201cKoruma aklama yarg\u0131la\u201d, \u201cJin jiyan azad\u00ee\u201d, \u201cBij\u00ee berxwedane jinan\u201d, \u201cG\u00fclistan\u2019dan Rojin\u2019e isyanday\u0131z\u201d sloganlar\u0131 at\u0131ld\u0131.<\/p>\n<p>\u2026\u2026<\/p>\n<p>&nbsp;<\/p>\n","protected":false},"excerpt":{"rendered":"<p>\u0130nsan Haklar\u0131 Derne\u011fi, T\u00fcm \u015eube ve Temsilciliklerde, e\u015f zamanl\u0131 olarak \u00a0\u2018Silahs\u0131zlanma ve Bar\u0131\u015f Hukuki Reformlarla G\u00fcvence Alt\u0131na Al\u0131nmal\u0131d\u0131r\u2019 a\u00e7\u0131klamas\u0131 yapacak.<\/p>\n","protected":false},"author":1,"featured_media":4123,"comment_status":"closed","ping_status":"closed","sticky":false,"template":"","format":"standard","meta":{"footnotes":""},"categories":[72],"tags":[],"class_list":["post-4390","post","type-post","status-publish","format-standard","has-post-thumbnail","hentry","category-guncel"],"_links":{"self":[{"href":"https:\/\/dkder.org\/index.php\/wp-json\/wp\/v2\/posts\/4390","targetHints":{"allow":["GET"]}}],"collection":[{"href":"https:\/\/dkder.org\/index.php\/wp-json\/wp\/v2\/posts"}],"about":[{"href":"https:\/\/dkder.org\/index.php\/wp-json\/wp\/v2\/types\/post"}],"author":[{"embeddable":true,"href":"https:\/\/dkder.org\/index.php\/wp-json\/wp\/v2\/users\/1"}],"replies":[{"embeddable":true,"href":"https:\/\/dkder.org\/index.php\/wp-json\/wp\/v2\/comments?post=4390"}],"version-history":[{"count":1,"href":"https:\/\/dkder.org\/index.php\/wp-json\/wp\/v2\/posts\/4390\/revisions"}],"predecessor-version":[{"id":4391,"href":"https:\/\/dkder.org\/index.php\/wp-json\/wp\/v2\/posts\/4390\/revisions\/4391"}],"wp:featuredmedia":[{"embeddable":true,"href":"https:\/\/dkder.org\/index.php\/wp-json\/wp\/v2\/media\/4123"}],"wp:attachment":[{"href":"https:\/\/dkder.org\/index.php\/wp-json\/wp\/v2\/media?parent=4390"}],"wp:term":[{"taxonomy":"category","embeddable":true,"href":"https:\/\/dkder.org\/index.php\/wp-json\/wp\/v2\/categories?post=4390"},{"taxonomy":"post_tag","embeddable":true,"href":"https:\/\/dkder.org\/index.php\/wp-json\/wp\/v2\/tags?post=4390"}],"curies":[{"name":"wp","href":"https:\/\/api.w.org\/{rel}","templated":true}]}}