{"id":4396,"date":"2026-04-28T06:11:51","date_gmt":"2026-04-28T06:11:51","guid":{"rendered":"https:\/\/dkder.org\/?p=4396"},"modified":"2026-04-28T06:11:51","modified_gmt":"2026-04-28T06:11:51","slug":"bugun28-nisan-yapilacak-eylem-etkinlik-ve-gundemden","status":"publish","type":"post","link":"https:\/\/dkder.org\/index.php\/2026\/04\/28\/bugun28-nisan-yapilacak-eylem-etkinlik-ve-gundemden\/","title":{"rendered":"BUG\u00dcN(28 N\u0130SAN) YAPILACAK EYLEM, ETK\u0130NL\u0130K VE G\u00dcNDEMDEN"},"content":{"rendered":"<p>Bu sabah, \u0130stanbul\u2019da 1 May\u0131s \u00f6ncesinde \u00e7ok say\u0131da ev bask\u0131n\u0131 yap\u0131ld\u0131. Aralar\u0131nda ESP, \u00d6\u011frenci Dayan\u0131\u015fmas\u0131, SYKP, \u00d6\u011frenci \u0130nisiyatifi, SM\u0130 ve SODAP \u00fcyelerinin, Partizan okurlar\u0131n\u0131n ve Halk\u0131n Hukuk B\u00fcrosu avukatlar\u0131n\u0131n bulundu\u011fu \u00e7ok say\u0131da ki\u015fi g\u00f6zalt\u0131na al\u0131nd\u0131.<\/p>\n<p>\u2026\u2026<\/p>\n<p>Bug\u00fcn saat 17.30&#8217;da , D\u0130SK, KESK, TMMOB, TTB ve Emek ve Demokrasi G\u00fc\u00e7leri taraf\u0131ndan 10 Ekim Bar\u0131\u015f Mitingi&#8221; \u00e7a\u011fr\u0131s\u0131 nedeniyle verilen cezalar\u0131n iptal edilmesi i\u00e7in Adana \u0130n\u00f6n\u00fc Park\u0131&#8217;nda bas\u0131n a\u00e7\u0131klamas\u0131 ger\u00e7ekle\u015ftirecek.<\/p>\n<p>\u2026\u2026<\/p>\n<p>Bug\u00fcn saat 18.00\u2019da, Ba\u011f\u0131ms\u0131z Maden \u0130\u015f\u00e7ileri Sendikas\u0131, Ankara halk\u0131n\u0131 direnen maden i\u015f\u00e7ilerine destek i\u00e7in Y\u0131ld\u0131zlar SSS Holding \u00f6n\u00fcnde yap\u0131lacak eyleme \u00e7a\u011f\u0131rd\u0131.<\/p>\n<p>\u2026..<\/p>\n<p>Bug\u00fcn saat 13.00\u2019de, 78\u2019ler Hareketi\u2019nin \u00e7a\u011fr\u0131s\u0131yla, 1977 Katliam\u0131n\u0131 Protesto i\u00e7in Kazanc\u0131 Yoku\u015funda bulu\u015fma ger\u00e7ekle\u015ftirilecek.<\/p>\n<p>\u2026\u2026<\/p>\n<p>1 May\u0131s \u00f6ncesinde gen\u00e7li\u011fi y\u0131ld\u0131rmak i\u00e7in 27 Nisan Pazartesi sabah\u0131nda fa\u015fist provakasyonlara kar\u015f\u0131 duran Dokuz Eyl\u00fcl \u00dcniversitesi \u00f6\u011frencisi 18 ki\u015fi g\u00f6zalt\u0131na ald\u0131. Bug\u00fcn saat 9.30\u2019da \u0130zmir Adliyesi&#8217;ne sevk edilecekler i\u00e7in dayan\u0131\u015fma \u00e7a\u011fr\u0131s\u0131 yap\u0131ld\u0131.<\/p>\n<p>\u2026\u2026.<\/p>\n<p>Bug\u00fcn saat 19.00\u2019da, Bak\u0131rk\u00f6y Kent Savunmas\u0131, Bak\u0131rk\u00f6y \u00d6zg\u00fcrl\u00fck Meydan\u0131nda, Doruk Maden \u0130\u015f\u00e7isi Yaln\u0131z De\u011fildir a\u00e7\u0131klamas\u0131 yapacak.<\/p>\n<p>\u2026\u2026<\/p>\n<p>Bug\u00fcn saat 15.30\u2019da, Kocaeli Dayan\u0131\u015fma Akademisi, KO\u00dc An\u0131t Park Kamp\u00fcs\u00fcnda, KHK ile Kocaeli \u00dcnv&#8217;den ihra\u00e7 edilen ve 9,5 y\u0131l\u0131n ard\u0131ndan mahkeme karar\u0131yla g\u00f6revine iade edilen bar\u0131\u015f akademisyen G\u00fcl K\u00d6KSAL&#8217;\u0131 kar\u015f\u0131layacak, saat 18.00\u2019de Kocaeli E\u011fitim-Sen 1 Nolu \u015fubede bas\u0131n toplant\u0131s\u0131 yap\u0131lacak.<\/p>\n<p>\u2026\u2026<\/p>\n<p>Bug\u00fcn saat 13.30\u2019da, Roboski \u0130\u00e7in Adalet Giri\u015fimi, Roboski katliam\u0131n\u0131n 172&#8217;nci ay\u0131 dolay\u0131s\u0131yla Sakarya Caddesi\u2019nde a\u00e7\u0131klama ger\u00e7ekle\u015ftirecek.<\/p>\n<p>\u2026\u2026<\/p>\n<p>Bug\u00fcn saat 18.30\u2019da, \u0130klimi De\u011fil, Sistemi De\u011fi\u015ftir Platformu, Alsancak \u00d6SYM \u00f6n\u00fcnde,\u2019 Fosil Yak\u0131tlardan \u00c7\u0131k\u0131n Adil Ge\u00e7i\u015f Sa\u011flay\u0131n\u2019 a\u00e7\u0131klamas\u0131 yap\u0131lacak.<\/p>\n<p>\u2026\u2026.<\/p>\n<p>Bug\u00fcn saat 12.00\u2019de, \u0130zmir 1 May\u0131s Tertip Komitesi, Konak Valilik yan\u0131 \u0130\u015f Bankas\u0131 \u00f6n\u00fcnde \u0130zmir Halk\u0131na \u00e7a\u011fr\u0131 i\u00e7in bildiri da\u011f\u0131t\u0131m\u0131 yap\u0131lacak.<\/p>\n<p>\u2026\u2026<\/p>\n<p>29 Nisan\u2019da, D\u0130SK, KESK, TTB taraf\u0131ndan saat 11:00 Kazanc\u0131 Yoku\u015fu, \u00a012:00 \u015ei\u015fhane 14:00 Kad\u0131k\u00f6y\u2019de, 1 May\u0131s\u2019ta yitirdiklerimiz an\u0131lacak.<\/p>\n<p>\u2026\u2026.<\/p>\n<p>\u0130stanbul Barosu olarak madencilerle dayan\u0131\u015fmak, hak arama m\u00fccadelesine destek olmak i\u00e7in 29 Nisan \u00c7ar\u015famba g\u00fcn\u00fc Ankara\u2019ya gidiyor.<\/p>\n<p>\u2026\u2026.<\/p>\n<p>Adalet N\u00f6betlerinin 209. Hafta program\u0131 belli oldu. \u00dclkemizin d\u00f6rt bir yan\u0131ndan Gezi\u2019nin sesi y\u00fckselecek.<\/p>\n<p>\u2026\u2026<\/p>\n<p>1 May\u0131s Taksim Koordinasyonu, Taksim Kazanc\u0131 Yoku\u015fu\u2019nda ger\u00e7ekle\u015ftirmek istedi\u011fi anmaya polis sert m\u00fcdahale etti. Ablukaya al\u0131nan 46 ki\u015fi g\u00f6zalt\u0131na al\u0131nd\u0131.<\/p>\n<p>\u2026\u2026<\/p>\n<p>Kurtulu\u015f Park\u0131nda direni\u015flerinin 16., a\u00e7l\u0131k grevlerinin ise 8. g\u00fcn\u00fcnde olan Doruk Madencilik i\u015f\u00e7ilerine polis biber gaz\u0131 ile sald\u0131rd\u0131. Ba\u011f\u0131ms\u0131z Maden \u0130\u015f Genel Ba\u015fkan\u0131 G\u00f6kay \u00c7ak\u0131r ve \u00f6rg\u00fctlenme uzman\u0131 Ba\u015faran Aksu g\u00f6zalt\u0131na al\u0131nd\u0131!<\/p>\n<p>,,,,<\/p>\n<p>\u0130nsan Haklar\u0131 Derne\u011fi (\u0130HD) t\u00fcm \u015fube ve temsilciliklerinde Bar\u0131\u015f ve Demokratik Toplum S\u00fcreci\u2019ne ili\u015fkin a\u00e7\u0131klama yapt\u0131. A\u00e7\u0131klamalarda, \u201cSilahs\u0131zlanma ve bar\u0131\u015f hukuki reformlarla g\u00fcvence alt\u0131na al\u0131nmal\u0131d\u0131r\u201d pankart\u0131 a\u00e7\u0131ld\u0131.<\/p>\n<p>\u2026.<\/p>\n<p>Bursa Tabip Odas\u0131, Bursa Veteriner Hekimler Odas\u0131, D\u0130SK, KESK, TMMOB, Birlik ve Dayan\u0131\u015fma Sendikas\u0131, BURSAHED, SES, Genel Sa\u011fl\u0131k-\u0130\u015f, SA-HA DER Hastane alanlar\u0131n\u0131n sat\u0131\u015f\u0131na itiraz ederek, ortak bas\u0131n a\u00e7\u0131klamas\u0131 ger\u00e7ekle\u015ftirdi.<\/p>\n<p>\u2026\u2026<\/p>\n<p>Mu\u011fla Milas\u2019ta Limak Holding\u2019in termik santrala k\u00f6m\u00fcr sa\u011flamak i\u00e7in Akbelen Ormanlar\u0131n\u0131n \u00e7evresindeki alt\u0131 k\u00f6y i\u00e7in ald\u0131rd\u0131\u011f\u0131 acele kamula\u015ft\u0131rma s\u00fcrecinde a\u00e7\u0131lan davalara ra\u011fmen tapu sahiplerine ve avukatlara bilgi verilmeden jandarma e\u015fli\u011finde yap\u0131lan bilirki\u015fi ke\u015ffini protesto ederken g\u00f6zalt\u0131na al\u0131narak tutuklanan \u0130kizk\u00f6y Mahalle Muhtar\u0131 Nejla I\u015f\u0131k\u2019\u0131n k\u0131z\u0131 Esra I\u015f\u0131k, ilk kez hakim kar\u015f\u0131s\u0131na \u00e7\u0131kt\u0131.Esra I\u015f\u0131k\u2019\u0131n tutuklulu\u011funun devam\u0131na karar verildi.<\/p>\n<p>\u2026\u2026.<\/p>\n<p>Zonguldak Demokrasi Platformu Bile\u015fenleri ile Genel Maden \u0130\u015f\u00e7ileri Sendikas\u0131 (GM\u0130S) Zonguldak Madenci An\u0131t\u0131\u2019nda Ankara&#8217;da eylemlerini s\u00fcrd\u00fcren &#8216;Doruk Maden \u0130\u015f\u00e7ileri&#8217;ne destek amac\u0131yla bas\u0131n a\u00e7\u0131klamas\u0131 yapt\u0131.<\/p>\n<p>\u2026..<\/p>\n<p>\u0130zmir Alia\u011fa Horozgedi\u011fi&#8217;nde BATI\u00c7\u0130M A\u015e&#8217;nin klinker \u00f6\u011f\u00fctme ve paketleme tesisine kar\u015f\u0131 a\u00e7\u0131lan davada bilirki\u015fi ke\u015ffi yap\u0131ld\u0131. Klinker \u00f6\u011f\u00fctme ve paketleme tesisine kar\u015f\u0131 olduklar\u0131n\u0131 belirten \u00e7evre \u00f6rg\u00fctleri, projeden vazge\u00e7ilmesi \u00e7a\u011fr\u0131s\u0131 yapt\u0131.<\/p>\n<p>\u2026\u2026<\/p>\n<p>Ordu Korgan il\u00e7esinde madenci \u015firket bilirki\u015fi s\u00fcreci tamamlanmadan sondaj \u00e7al\u0131\u015fmalar\u0131na ba\u015flad\u0131. Jandarma korumas\u0131nda ba\u015flat\u0131lan \u00e7al\u0131\u015fmalar\u0131 engellemeye \u00e7al\u0131\u015fan k\u00f6yl\u00fcler b\u00f6lgeye sokulmad\u0131.<\/p>\n<p>\u2026.<\/p>\n<p>Amed Kent Koruma ve Dayan\u0131\u015fma Platformu, 18 Nisan\u2019da Koban\u00ea\u2019ye g\u00f6nderilmek \u00fczere yola \u00e7\u0131kar\u0131lan yard\u0131m TIR\u2019lar\u0131n\u0131n Koban\u00ea\u2019ye ge\u00e7i\u015fine izin verilmemesine dair Amed Ticaret ve Sanayi Odas\u0131\u2019nda a\u00e7\u0131klama yapt\u0131. Platform ad\u0131na metni okuyan Serdar Keskin, s\u00fcrd\u00fcrd\u00fckleri kampanya kapsam\u0131nda; hijyen ve g\u0131da paketleri, battaniye, \u00e7ocuk mamas\u0131, su, k\u00f6m\u00fcr, soba gibi temel ihtiya\u00e7 malzemelerinden olu\u015fan 2\u2019nci yard\u0131m TIR\u2019\u0131 konvoylar\u0131n\u0131n 18 Nisan\u2019da Kilis\u2013\u00c7obanbey S\u0131n\u0131r Kap\u0131s\u0131\u2019ndan Suriye Ge\u00e7ici H\u00fck\u00fcmeti taraf\u0131ndan engellendi\u011fini ifade etti. Keskin, \u201cYard\u0131m t\u0131rlar\u0131m\u0131z s\u0131n\u0131r kap\u0131s\u0131nda AFAD\u2019a ait depoda bekletilmektedir\u201d dedi.<\/p>\n<p>\u2026..<\/p>\n","protected":false},"excerpt":{"rendered":"<p>Bu sabah, \u0130stanbul\u2019da 1 May\u0131s \u00f6ncesinde \u00e7ok say\u0131da ev bask\u0131n\u0131 yap\u0131ld\u0131. Aralar\u0131nda ESP, \u00d6\u011frenci Dayan\u0131\u015fmas\u0131, SYKP, \u00d6\u011frenci \u0130nisiyatifi, SM\u0130 ve<\/p>\n","protected":false},"author":1,"featured_media":4123,"comment_status":"closed","ping_status":"closed","sticky":false,"template":"","format":"standard","meta":{"footnotes":""},"categories":[1],"tags":[],"class_list":["post-4396","post","type-post","status-publish","format-standard","has-post-thumbnail","hentry","category-uncategorized"],"_links":{"self":[{"href":"https:\/\/dkder.org\/index.php\/wp-json\/wp\/v2\/posts\/4396","targetHints":{"allow":["GET"]}}],"collection":[{"href":"https:\/\/dkder.org\/index.php\/wp-json\/wp\/v2\/posts"}],"about":[{"href":"https:\/\/dkder.org\/index.php\/wp-json\/wp\/v2\/types\/post"}],"author":[{"embeddable":true,"href":"https:\/\/dkder.org\/index.php\/wp-json\/wp\/v2\/users\/1"}],"replies":[{"embeddable":true,"href":"https:\/\/dkder.org\/index.php\/wp-json\/wp\/v2\/comments?post=4396"}],"version-history":[{"count":1,"href":"https:\/\/dkder.org\/index.php\/wp-json\/wp\/v2\/posts\/4396\/revisions"}],"predecessor-version":[{"id":4397,"href":"https:\/\/dkder.org\/index.php\/wp-json\/wp\/v2\/posts\/4396\/revisions\/4397"}],"wp:featuredmedia":[{"embeddable":true,"href":"https:\/\/dkder.org\/index.php\/wp-json\/wp\/v2\/media\/4123"}],"wp:attachment":[{"href":"https:\/\/dkder.org\/index.php\/wp-json\/wp\/v2\/media?parent=4396"}],"wp:term":[{"taxonomy":"category","embeddable":true,"href":"https:\/\/dkder.org\/index.php\/wp-json\/wp\/v2\/categories?post=4396"},{"taxonomy":"post_tag","embeddable":true,"href":"https:\/\/dkder.org\/index.php\/wp-json\/wp\/v2\/tags?post=4396"}],"curies":[{"name":"wp","href":"https:\/\/api.w.org\/{rel}","templated":true}]}}