{"id":4398,"date":"2026-04-29T06:30:05","date_gmt":"2026-04-29T06:30:05","guid":{"rendered":"https:\/\/dkder.org\/?p=4398"},"modified":"2026-04-29T06:30:05","modified_gmt":"2026-04-29T06:30:05","slug":"bugun29-nisan-yapilacak-eylem-etkinlik-ve-gundemden","status":"publish","type":"post","link":"https:\/\/dkder.org\/index.php\/2026\/04\/29\/bugun29-nisan-yapilacak-eylem-etkinlik-ve-gundemden\/","title":{"rendered":"BUG\u00dcN(29 N\u0130SAN) YAPILACAK EYLEM, ETK\u0130NL\u0130K VE G\u00dcNDEMDEN"},"content":{"rendered":"<p>Uluslararas\u0131 Af \u00d6rg\u00fct\u00fc: Taksim Protestolara A\u00e7\u0131ls\u0131n <a href=\"https:\/\/t.co\/cvMNYfhc8b\">https:\/\/amn.st\/6016BBMdmK<\/a> Taksim, y\u0131llarca bar\u0131\u015f\u00e7\u0131l protestolar\u0131n ve ortak taleplerin g\u00f6r\u00fcn\u00fcr oldu\u011fu bir kamusal aland\u0131. Bug\u00fcn ise \u00f6zellikle kitlesel eylemler s\u0131ras\u0131nda kapat\u0131l\u0131yor, ula\u015f\u0131m durduruluyor ve protesto hakk\u0131 fiilen s\u0131n\u0131rland\u0131r\u0131l\u0131yor.<\/p>\n<p>\u2026\u2026<\/p>\n<p>\u00c7HD \u0130stanbul \u015eubesi 1 May\u0131s i\u00e7in Kriz Masas\u0131 olu\u015fturdu. 05516407307-05343259907 telefon hatlar\u0131n\u0131 duyurdu.<\/p>\n<p>\u2026\u2026..<\/p>\n<p>Bug\u00fcn, D\u0130SK, KESK, TMMOB ve TTB taraf\u0131ndan saat 11:00 Kazanc\u0131 Yoku\u015fu,\u00a0 12:00 \u015ei\u015fhane 14:00 Kad\u0131k\u00f6y\u2019de, 1 May\u0131s\u2019ta yitirdiklerimiz an\u0131lacak.<\/p>\n<p>\u2026\u2026<\/p>\n<p>Bug\u00fcn saat 17.30\u2019da, Van B\u00fcy\u00fck\u015fehir Belediyesi kayy\u0131m\u0131 taraf\u0131ndan i\u015ften \u00e7\u0131kar\u0131lan 223 i\u015f\u00e7i, direni\u015flerini 275\u2019inci g\u00fcn\u00fcnde Sanat Soka\u011f\u0131\u2019nda s\u00fcrd\u00fcrecek.<\/p>\n<p>\u2026..<\/p>\n<p>Bug\u00fcn saat 18.00\u2019de, \u00a0KESK \u0130zmir \u015eubeler Platformu, KHK&#8217;lerle i\u015ften \u00e7\u0131karmalara kar\u015f\u0131 ger\u00e7ekle\u015ftirdi\u011fi eylemi Kar\u015f\u0131yaka \u00c7ar\u015f\u0131s\u0131 giri\u015finde s\u00fcrd\u00fcrecek.<\/p>\n<p>&nbsp;<\/p>\n<p>Bug\u00fcn saat 14.00\u2019de, T\u00fcm Emeklilerin Sendikas\u0131, Konak YKM \u00f6n\u00fcnde, \u20183 Ayda Bir Maa\u015f D\u00fczenlemesi \u0130stiyoruz\u2019 talebi ile 14 Hafta oturma eylemini ger\u00e7ekle\u015ftirecek.<\/p>\n<p>\u2026\u2026.<\/p>\n<p>Bug\u00fcn saat 11.30\u2019da, T\u00fcm Bel-Sen, \u0130zmir\u2019de Belediyeler \u00f6n\u00fcnde toplu s\u00f6zle\u015fme haklar\u0131 t\u0131rpanland\u0131\u011f\u0131 i\u00e7in bas\u0131n a\u00e7\u0131klamas\u0131 yapacak, saat 13.30\u2019da K\u00fclt\u00fcrpark Basmane kap\u0131s\u0131 \u00f6n\u00fcnde toplan\u0131p CHP \u0130l Ba\u015fkanl\u0131\u011f\u0131na y\u00fcr\u00fcyecek.<\/p>\n<p>\u2026\u2026<\/p>\n<p>30 Nisan saat 19.00\u2019da, \u0130zmir Barosu \u0130\u015f\u00e7i Avukatlar Merkezi Toplant\u0131s\u0131 \u0130zmir Barosu Merkez Binada 1 May\u0131s G\u00fcndemli yap\u0131lacak.<\/p>\n<p>\u2026..<\/p>\n<p>Rahmi Y\u0131ld\u0131r\u0131m ya\u015fam\u0131n\u0131 yitirdi.12 Eyl\u00fcl 1980 Darbesi&#8217;nde devrimci kimli\u011fi ve darbeye kar\u015f\u0131 \u00e7\u0131kmas\u0131 sebebiyle T\u00fcrk Silahl\u0131 Kuvvetleri&#8217;nden ihra\u00e7 edilen subaylardand\u0131. Bu nedenle yarg\u0131lanan ve cezaevinde yatan Y\u0131ld\u0131r\u0131m, hapishanelerde direni\u015f\u00e7i kimli\u011fi ile tan\u0131n\u0131yordu.Askeri Darbelerin Asker Muhalifleri Derne\u011fi&#8217;in (ADAM-Der) kurucu ba\u015fkan\u0131yd\u0131. <a href=\"https:\/\/www.birgun.net\/etiket\/cagdas-gazeteciler-dernegi-5256\">\u00c7a\u011fda\u015f Gazeteciler Derne\u011fi<\/a>\u00a0(<a href=\"https:\/\/www.birgun.net\/etiket\/cgd-1278\">\u00c7GD<\/a>) Genel Ba\u015fkanl\u0131\u011f\u0131 da yapm\u0131\u015ft\u0131.Y\u0131ld\u0131r\u0131m&#8217;\u0131n 30 Nisan Per\u015fembe g\u00fcn\u00fc ikindi namaz\u0131na m\u00fcteakip G\u00f6lba\u015f\u0131 Mezarl\u0131\u011f\u0131&#8217;nda defnedilece\u011fi bildirildi.<\/p>\n<p>\u2026\u2026<\/p>\n<p>\u0130stanbul\u2019da 1 May\u0131s \u00f6ncesi d\u00fczenlenen e\u015f zamanl\u0131 operasyonlarda toplam 39 ki\u015fi g\u00f6zalt\u0131na al\u0131nd\u0131. 62 ki\u015fi hakk\u0131nda yakalama karar\u0131 oldu\u011fu \u00f6\u011frenildi.<\/p>\n<p>\u2026\u2026<\/p>\n<p>\u0130zmir&#8217;de ger\u00e7ekle\u015ftirilen operasyonda g\u00f6zalt\u0131na al\u0131nan Dokuz Eyl\u00fcl \u00dcniversitesi&#8217;nden 9 \u00f6\u011frenci, ifadelerinin ard\u0131ndan mahkemeye sevk edildi. Mahkeme, \u00f6\u011frencileri yurtd\u0131\u015f\u0131 \u00e7\u0131k\u0131\u015f yasa\u011f\u0131 ve adli kontrol \u015fart\u0131yla serbest b\u0131rakt\u0131.<\/p>\n<p>\u2026\u2026<\/p>\n<p><a href=\"https:\/\/www.birgun.net\/etiket\/ankara-10\">Ankara<\/a>\u2019da, direni\u015flerinin 17\u2019nci a\u00e7l\u0131k grevinin 9\u2019uncu g\u00fcn\u00fcnde haklar\u0131n\u0131 arayan Doruk Madencilik i\u015f\u00e7ilerinin direni\u015fi kazan\u0131mla sonu\u00e7land\u0131.Ba\u011f\u0131ms\u0131z Maden-\u0130\u015f Sendikas\u0131 Ba\u015fkan\u0131 G\u00f6kay \u00c7ak\u0131r, &#8220;\u00c7o\u011fu arkada\u015f\u0131m\u0131z\u0131n maa\u015flar\u0131 yatt\u0131. 15 g\u00fcn s\u00fcre istediler bizden. Bunun da garant\u00f6r\u00fc bakanl\u0131klar. Bu saatten itibaren bizler de eylemimizi sonland\u0131rd\u0131k&#8221; dedi.<\/p>\n<p>&nbsp;<\/p>\n<p>\u2026\u2026<\/p>\n<p>\u0130stanbul Tabip Odas\u0131, 1 May\u0131s \u00f6ncesi yapt\u0131\u011f\u0131 a\u00e7\u0131klamada i\u015f\u00e7i \u00f6l\u00fcmleri ve sa\u011fl\u0131k \u00e7al\u0131\u015fanlar\u0131n\u0131n \u00e7al\u0131\u015fma ko\u015fullar\u0131na dikkat \u00e7ekti. Her g\u00fcn yay\u0131mlanan yeni y\u00f6netmeliklerle haklar\u0131m\u0131z t\u0131rpanlan\u0131yor, hasta-hekim ili\u015fkisi olumsuz etkileniyor&#8221; denildi.<\/p>\n<p>\u2026\u2026<\/p>\n<p>Bar\u0131\u015f Akademisyeni G\u00fcl K\u00f6ksal, 9,5 y\u0131l sonra iade edildi\u011fi Kocaeli \u00dcniversitesi&#8217;nde kar\u015f\u0131land\u0131: &#8220;Meslekta\u015flar\u0131m\u0131n iadeleri ger\u00e7ekle\u015fmedi. Onlara alan a\u00e7acak \u00e7al\u0131\u015fmalar yapmaya da hevesliyim. M\u00fccadelemiz de \u00fcretimlerimiz de s\u00fcrecek&#8221;<\/p>\n<p>\u2026\u2026<\/p>\n","protected":false},"excerpt":{"rendered":"<p>Uluslararas\u0131 Af \u00d6rg\u00fct\u00fc: Taksim Protestolara A\u00e7\u0131ls\u0131n https:\/\/amn.st\/6016BBMdmK Taksim, y\u0131llarca bar\u0131\u015f\u00e7\u0131l protestolar\u0131n ve ortak taleplerin g\u00f6r\u00fcn\u00fcr oldu\u011fu bir kamusal aland\u0131. Bug\u00fcn<\/p>\n","protected":false},"author":1,"featured_media":4123,"comment_status":"closed","ping_status":"closed","sticky":false,"template":"","format":"standard","meta":{"footnotes":""},"categories":[72],"tags":[],"class_list":["post-4398","post","type-post","status-publish","format-standard","has-post-thumbnail","hentry","category-guncel"],"_links":{"self":[{"href":"https:\/\/dkder.org\/index.php\/wp-json\/wp\/v2\/posts\/4398","targetHints":{"allow":["GET"]}}],"collection":[{"href":"https:\/\/dkder.org\/index.php\/wp-json\/wp\/v2\/posts"}],"about":[{"href":"https:\/\/dkder.org\/index.php\/wp-json\/wp\/v2\/types\/post"}],"author":[{"embeddable":true,"href":"https:\/\/dkder.org\/index.php\/wp-json\/wp\/v2\/users\/1"}],"replies":[{"embeddable":true,"href":"https:\/\/dkder.org\/index.php\/wp-json\/wp\/v2\/comments?post=4398"}],"version-history":[{"count":1,"href":"https:\/\/dkder.org\/index.php\/wp-json\/wp\/v2\/posts\/4398\/revisions"}],"predecessor-version":[{"id":4399,"href":"https:\/\/dkder.org\/index.php\/wp-json\/wp\/v2\/posts\/4398\/revisions\/4399"}],"wp:featuredmedia":[{"embeddable":true,"href":"https:\/\/dkder.org\/index.php\/wp-json\/wp\/v2\/media\/4123"}],"wp:attachment":[{"href":"https:\/\/dkder.org\/index.php\/wp-json\/wp\/v2\/media?parent=4398"}],"wp:term":[{"taxonomy":"category","embeddable":true,"href":"https:\/\/dkder.org\/index.php\/wp-json\/wp\/v2\/categories?post=4398"},{"taxonomy":"post_tag","embeddable":true,"href":"https:\/\/dkder.org\/index.php\/wp-json\/wp\/v2\/tags?post=4398"}],"curies":[{"name":"wp","href":"https:\/\/api.w.org\/{rel}","templated":true}]}}