{"id":4401,"date":"2026-04-30T06:08:25","date_gmt":"2026-04-30T06:08:25","guid":{"rendered":"https:\/\/dkder.org\/?p=4401"},"modified":"2026-04-30T06:08:25","modified_gmt":"2026-04-30T06:08:25","slug":"bugun30-nisan-yapilacak-eylem-etkinlik-ve-gundemden","status":"publish","type":"post","link":"https:\/\/dkder.org\/index.php\/2026\/04\/30\/bugun30-nisan-yapilacak-eylem-etkinlik-ve-gundemden\/","title":{"rendered":"BUG\u00dcN(30 N\u0130SAN) YAPILACAK EYLEM, ETK\u0130NL\u0130K VE G\u00dcNDEMDEN"},"content":{"rendered":"<p>Bug\u00fcn saat 12.30\u2019da, Hukuk \u00f6rg\u00fctleri, Poyraz Esen\u2019in Ankara Sincan Kapal\u0131 Cezaevi\u2019ndeki ko\u011fu\u015funda \u015f\u00fcpheli bir \u015fekilde ya\u015fam\u0131n\u0131 yitirmesine ili\u015fkin \u00c7HD Ankara \u015eubesi&#8217;nde bas\u0131n toplant\u0131s\u0131 d\u00fczenleyecek.<\/p>\n<p>\u2026\u2026<\/p>\n<p>Bug\u00fcn saat 12.30\u2019da, \u00a0E\u011fitim Sen Mersin \u015eubesi, e\u011fitimde ya\u015fanan \u015fiddet ve liyakatsizli\u011fe ili\u015fkin sendika binas\u0131nda bas\u0131n toplant\u0131s\u0131 d\u00fczenleyecek.<\/p>\n<p>\u2026\u2026<\/p>\n<p>Bug\u00fcn saat 13.30\u2019da, Fo\u00e7a Tarih ve Do\u011fa Talan\u0131na Hay\u0131r Platformu, Fo\u00e7a ve Karaburun\u2019a dip \u00e7amur d\u00f6k\u00fclmesine kar\u015f\u0131 toplad\u0131\u011f\u0131 imzalar\u0131 \u00c7evre, \u015eehircilik ve \u0130klim De\u011fi\u015fikli\u011fi \u0130l M\u00fcd\u00fcrl\u00fc\u011f\u00fc&#8217;ne teslim edecek.<\/p>\n<p>\u2026\u2026<\/p>\n<p>Bug\u00fcn saat 10.00-20.00 aras\u0131nda, 11\u2019inci Amed Uluslararas\u0131 Tiyatro Festivali, 8\u2019inci g\u00fcn\u00fcnde \u00c7andAmed Kongre Merkezi\u2019nde devam edecek.<\/p>\n<p>\u2026\u2026.<\/p>\n<p>Bug\u00fcn saat 10.00\u2019da, \u00a0DEM Parti Demokratik Yerel Y\u00f6netimler Kurulu, Amed\u2019de \u201cKom\u00fcn Belediyedir, Belediye Kom\u00fcnd\u00fcr\u201d \u015fiar\u0131yla konferans ger\u00e7ekle\u015ftirecek.<\/p>\n<p>\u2026\u2026<\/p>\n<p>Bug\u00fcn saat 14.30\u2019da, 30 Nisan 1980\u2019de Alt\u0131nda\u011f H\u0131d\u0131rl\u0131ktepe\u2019de yap\u0131lan 1 May\u0131s gece y\u00fcr\u00fcy\u00fc\u015f\u00fcnde katledilen Sami Bayraktar, Ankara Kar\u015f\u0131yaka mezarl\u0131\u011f\u0131nda an\u0131lacak( 2. Kap\u0131)<\/p>\n<p>\u2026\u2026.<\/p>\n<p>Bug\u00fcn, Askeri Darbelerin Asker Muhalifleri Derne\u011fi&#8217;nin (ADAM-Der) kurucu ba\u015fkan\u0131, eski \u00c7a\u011fda\u015f Gazeteciler Derne\u011fi (\u00c7GD) Genel Ba\u015fkan\u0131 Rahmi Y\u0131ld\u0131r\u0131m&#8217;\u0131n G\u00f6lba\u015f\u0131 Mezarl\u0131\u011f\u0131&#8217;nda topra\u011fa verilecek.<\/p>\n<p>\u2026\u2026<\/p>\n<p>Devrimci \u0130\u015f\u00e7i Sendikalar\u0131 Konfederasyonu (D\u0130SK), Kamu Emek\u00e7ileri Sendikalar\u0131 Konfederasyonu (KESK), T\u00fcrk M\u00fchendis ve Mimar Odalar\u0131 Birli\u011fi (TMMOB) ve T\u00fcrk Tabipleri Birli\u011fi (TTB), \u201cKanl\u0131 1 May\u0131s\u201d olarak haf\u0131zalarda yer edinen 1 May\u0131s 1977\u2019de Taksim Meydan\u0131\u2019ndaki \u0130\u015f\u00e7i Bayram\u0131 kutlamalar\u0131 s\u0131ras\u0131nda katledilenleri bug\u00fcn Kazanc\u0131 Yoku\u015fu\u2019nda and\u0131.<\/p>\n<p>\u2026\u2026<\/p>\n<p>T\u00fcrk-\u0130\u015f 8. B\u00f6lge Ba\u015fkanl\u0131\u011f\u0131 1 May\u0131s\u2019a iki g\u00fcn kala yapt\u0131\u011f\u0131 bas\u0131n toplant\u0131s\u0131nda Edirne\u2019ye kat\u0131laca\u011f\u0131n\u0131 a\u00e7\u0131klad\u0131. T\u00fcrk-\u0130\u015f\u2019e ba\u011fl\u0131 Yol-\u0130\u015f, T\u00dcMT\u0130S ve Kristal-\u0130\u015f ise Bursa\u2019da D\u0130SK, KESK, TMMOB ve Bursa Tabip Odas\u0131 \u00f6nc\u00fcl\u00fc\u011f\u00fcnde yap\u0131lacak mitinge kat\u0131laca\u011f\u0131n\u0131 duyurdu.<\/p>\n<p>\u2026\u2026<\/p>\n<p>Brisa, Pirelli, Prometeon ve Goodyear ile Lastik-\u0130\u015f Sendikas\u0131 aras\u0131nda y\u00fcr\u00fct\u00fclen toplu i\u015f s\u00f6zle\u015fmesi g\u00f6r\u00fc\u015fmelerinde anla\u015fma sa\u011flanamay\u0131nca ara buluculuk s\u00fcreci ba\u015flad\u0131. Yakla\u015f\u0131k 5 bin i\u015f\u00e7iyi ilgilendiren toplu s\u00f6zle\u015fme g\u00f6r\u00fc\u015fmelerinde sendika, \u00fcretim i\u015f\u00e7ileri i\u00e7in ilk 6 ayda y\u00fczde 40 zam, devam eden d\u00f6nemlerde ise enflasyon art\u0131 ek refah pay\u0131 talep etti. Sosyal yard\u0131mlarda ise y\u00fczde 80 ila 100 aras\u0131nda art\u0131\u015f istendi.<\/p>\n<p>\u2026..<\/p>\n<p>Tutuklu B\u0130RTEK-SEN Genel Ba\u015fkan\u0131 Mehmet T\u00fcrkmen&#8217;in tahliye talebine y\u00f6nelik ret karar\u0131na yap\u0131lan itiraz reddedildi. Mahkeme &#8216;tutuklaman\u0131n hukuka uygun oldu\u011funu&#8217; savundu.<\/p>\n<p>\u2026\u2026<\/p>\n<p>Tristone fabrikas\u0131nda toplu i\u015f s\u00f6zle\u015fmesi g\u00f6r\u00fc\u015fmelerinin t\u0131kanmas\u0131 \u00fczerine Lastik-\u0130\u015f Sendikas\u0131 grev karar\u0131 ald\u0131. \u0130\u015f\u00e7iler, \u201cPatron nakit ak\u0131\u015f\u0131 diyor, ama bizim sofram\u0131za koyacak ekmek derdindeyiz&#8221; diyor.<\/p>\n<p>\u2026\u2026.<\/p>\n<p>Ayd\u0131n \u00c7ine&#8217;ye ba\u011fl\u0131 Mutaflar K\u00f6y\u00fc ve \u00e7evresini kapsayan alanda maden projesi ile ilgili bilgilendirme toplant\u0131s\u0131nda, maden projesinin hayata ge\u00e7irilmesi halinde tar\u0131m alanlar\u0131, su kaynaklar\u0131 ve do\u011fal ya\u015fam \u00fczerinde olumsuz etkiler olaca\u011f\u0131 belirtildi.<\/p>\n<p>\u2026\u2026<\/p>\n<p>Antalya Attalos Meydan\u0131&#8217;nda sendikalar 1 May\u0131s i\u00e7in ortak a\u00e7\u0131klama yapt\u0131. A\u00e7\u0131klamada; \u201cEme\u011fin hakk\u0131 i\u00e7in, adalet i\u00e7in, bar\u0131\u015f ve demokrasi i\u00e7in 1 May\u0131s\u2019a\u201d \u00e7a\u011fr\u0131s\u0131 yap\u0131ld\u0131.<\/p>\n<p>\u2026\u2026.<\/p>\n<p>Kocaeli \u0130S\u0130G Meclisi, 28 Nisan \u0130\u015f Cinayetleriyle M\u00fccadele G\u00fcn\u00fc\u2019nde Kocaeli \u0130\u015f Cinayetleri Raporu\u2019nu a\u00e7\u0131klad\u0131. Son \u00fc\u00e7 ayda Kocaeli&#8217;de 21 i\u015f\u00e7inin hayat\u0131n\u0131 kaybetti\u011fi belirtilen raporda; \u201cTedbirsizlik, cezas\u0131zl\u0131k ve denetimsizlik \u00f6ld\u00fcr\u00fcyor\u201d denildi.<\/p>\n<p>\u2026.<\/p>\n<p>11 y\u0131l \u00f6nce Adana\u2019da 10 Ekim Bar\u0131\u015f Mitingi\u2019ne \u00e7a\u011fr\u0131 yapt\u0131klar\u0131 i\u00e7in hapis cezas\u0131na \u00e7arpt\u0131r\u0131lan 11 sendika, meslek \u00f6rg\u00fct\u00fc ve siyasi parti temsilcilerine destek eyleminde karardan d\u00f6n\u00fclmesi \u00e7a\u011fr\u0131s\u0131 yap\u0131larak &#8220;Bar\u0131\u015f \u00e7a\u011fr\u0131s\u0131 su\u00e7 de\u011fildir&#8221; denildi.<\/p>\n<p>\u2026.<\/p>\n<p>Ye\u015fim Tekstil\u2019de uzun s\u00fcredir i\u015ften \u00e7\u0131karmalar g\u00fcndemde. \u0130peki\u015f Fabrikas\u0131nda ise may\u0131s ay\u0131nda 170 i\u015f\u00e7inin i\u015ften \u00e7\u0131kar\u0131laca\u011f\u0131 a\u00e7\u0131kland\u0131. Teksif&#8217;in yetkili oldu\u011fu fabrikalarda bu i\u015ften \u00e7\u0131karmalar\u0131n temelinde, k\u0131demli ve g\u00f6rece daha y\u00fcksek \u00fccret alan i\u015f\u00e7ilerin yerine daha d\u00fc\u015f\u00fck maliyetli i\u015f\u00e7ilerin al\u0131nmas\u0131 yat\u0131yor. Teksif ise buna kar\u015f\u0131 m\u00fccadele \u00f6rg\u00fctlemek bir yana, i\u015ften \u00e7\u0131karmalar\u0131 kriz bahanesiyle me\u015frula\u015ft\u0131r\u0131yor.<\/p>\n<p>\u2026\u2026<\/p>\n<p>\u0130\u015fsizlik Sigortas\u0131 Fonu&#8217;nun gelirlerinden olan devletin pay\u0131 y\u00fczde 50 azalt\u0131larak y\u00fczde 1&#8217;den y\u00fczde 0,5&#8217;e d\u00fc\u015f\u00fcr\u00fcld\u00fc.<\/p>\n<p>\u2026\u2026<\/p>\n","protected":false},"excerpt":{"rendered":"<p>Bug\u00fcn saat 12.30\u2019da, Hukuk \u00f6rg\u00fctleri, Poyraz Esen\u2019in Ankara Sincan Kapal\u0131 Cezaevi\u2019ndeki ko\u011fu\u015funda \u015f\u00fcpheli bir \u015fekilde ya\u015fam\u0131n\u0131 yitirmesine ili\u015fkin \u00c7HD Ankara<\/p>\n","protected":false},"author":1,"featured_media":4123,"comment_status":"closed","ping_status":"closed","sticky":false,"template":"","format":"standard","meta":{"footnotes":""},"categories":[72],"tags":[],"class_list":["post-4401","post","type-post","status-publish","format-standard","has-post-thumbnail","hentry","category-guncel"],"_links":{"self":[{"href":"https:\/\/dkder.org\/index.php\/wp-json\/wp\/v2\/posts\/4401","targetHints":{"allow":["GET"]}}],"collection":[{"href":"https:\/\/dkder.org\/index.php\/wp-json\/wp\/v2\/posts"}],"about":[{"href":"https:\/\/dkder.org\/index.php\/wp-json\/wp\/v2\/types\/post"}],"author":[{"embeddable":true,"href":"https:\/\/dkder.org\/index.php\/wp-json\/wp\/v2\/users\/1"}],"replies":[{"embeddable":true,"href":"https:\/\/dkder.org\/index.php\/wp-json\/wp\/v2\/comments?post=4401"}],"version-history":[{"count":1,"href":"https:\/\/dkder.org\/index.php\/wp-json\/wp\/v2\/posts\/4401\/revisions"}],"predecessor-version":[{"id":4402,"href":"https:\/\/dkder.org\/index.php\/wp-json\/wp\/v2\/posts\/4401\/revisions\/4402"}],"wp:featuredmedia":[{"embeddable":true,"href":"https:\/\/dkder.org\/index.php\/wp-json\/wp\/v2\/media\/4123"}],"wp:attachment":[{"href":"https:\/\/dkder.org\/index.php\/wp-json\/wp\/v2\/media?parent=4401"}],"wp:term":[{"taxonomy":"category","embeddable":true,"href":"https:\/\/dkder.org\/index.php\/wp-json\/wp\/v2\/categories?post=4401"},{"taxonomy":"post_tag","embeddable":true,"href":"https:\/\/dkder.org\/index.php\/wp-json\/wp\/v2\/tags?post=4401"}],"curies":[{"name":"wp","href":"https:\/\/api.w.org\/{rel}","templated":true}]}}