{"id":4407,"date":"2026-05-02T06:08:25","date_gmt":"2026-05-02T06:08:25","guid":{"rendered":"https:\/\/dkder.org\/?p=4407"},"modified":"2026-05-02T06:08:25","modified_gmt":"2026-05-02T06:08:25","slug":"bugun02-mayis-yapilacak-eylem-etkinlik-ve-gundemden","status":"publish","type":"post","link":"https:\/\/dkder.org\/index.php\/2026\/05\/02\/bugun02-mayis-yapilacak-eylem-etkinlik-ve-gundemden\/","title":{"rendered":"BUG\u00dcN(02 MAYIS) YAPILACAK EYLEM, ETK\u0130NL\u0130K VE G\u00dcNDEMDEN"},"content":{"rendered":"<p>Bug\u00fcn saat 12.00\u2019de, Cumartesi Anneleri, Galatasaray Meydan\u0131&#8217;nda eylemlerinin 1101&#8217;incisini d\u00fczenleyecek.<\/p>\n<p>\u2026\u2026<\/p>\n<p>Bug\u00fcn saat 12.00\u2019de, Diyarbak\u0131r, Hakkari ve Batman\u2019da \u201cKay\u0131plar bulunsun failler yarg\u0131lans\u0131n\u201d eylemi devam edecek.<\/p>\n<p>\u2026\u2026..<\/p>\n<p>Bug\u00fcn saat 3.00 &#8211; 17.00 aras\u0131nda, JES\u2019e kar\u015f\u0131 Vartolu Kad\u0131nlar \u0130nsiyatifi, \u201cVarto\u2019da Jeotermale Kar\u015f\u0131 Dayan\u0131\u015fma konseri\u201d ba\u015fl\u0131\u011f\u0131yla \u0130stanbul Sultangazi\u2019de konser etkinli\u011fi yapacak.<\/p>\n<p>\u2026\u2026<\/p>\n<p>Bug\u00fcn saat 15.00\u2019de, Demokratik Alevi Derne\u011fi (DAD) Ankara \u015eubesi, Mamak Tuzlu\u00e7ay\u0131r&#8217;da \u015fube binas\u0131nda D\u00earsim Tertelesi anmas\u0131 d\u00fczenleyecek.<\/p>\n<p>\u2026\u2026<\/p>\n<p>Bug\u00fcn saat 17.00\u2019de, \u00a0Kad\u0131nlar Birlikte G\u00fc\u00e7l\u00fc, katledilen kad\u0131nlar i\u00e7in \u0130stanbul Beyo\u011flu&#8217;nda bulunan \u015ei\u015fhane T\u00fcneli&#8217;den Emin\u00f6n\u00fc&#8217;ne y\u00fcr\u00fcy\u00fc\u015f d\u00fczenleyecek<\/p>\n<p>\u2026\u2026<\/p>\n<p>Bug\u00fcn saat 13.30\u2019da, \u0130HD \u0130zmir \u015eubesi Hapishane Komisyonu taraf\u0131ndan \u015fube \u00f6n\u00fcnde, hasta tutsaklar\u0131n serbest b\u0131rak\u0131lmas\u0131 i\u00e7in a\u00e7\u0131klama yap\u0131lacak.<\/p>\n<p>\u2026..<\/p>\n<p>Bug\u00fcn saat 13.00\u2019de, \u0130HD \u0130zmir \u015eubesi taraf\u0131ndan, Konak eski S\u00fcmerbank \u00f6n\u00fcnde, hasta tutsaklar\u0131n serbest b\u0131rak\u0131lmas\u0131 i\u00e7in a\u00e7\u0131klama yap\u0131lacak.<\/p>\n<p>\u2026\u2026<\/p>\n<p>Bug\u00fcn saat 13.30\u2019da, Hasta Tutsaklara \u00d6zg\u00fcrl\u00fck \u0130nsiyatifi taraf\u0131ndan Ankara Sakarya Caddesinde hasta tutsaklara \u00f6zg\u00fcrl\u00fck \u00e7a\u011fr\u0131s\u0131 yap\u0131lacak.<\/p>\n<p>\u2026..<\/p>\n<p>Bug\u00fcn saat 18.30\u2019da, \u0130\u015f\u00e7i Filmleri Festivali kapsam\u0131nda, Alsancak T\u00fcrkan Saylan K\u00fclt\u00fcr Merkezi \u00f6n\u00fcnde,21 Uluslararas\u0131 \u0130\u015f\u00e7i Festivali a\u00e7\u0131l\u0131\u015f y\u00fcr\u00fcy\u00fc\u015f\u00fc, 19.00\u2019da Mimarl\u0131k Merkezinde, \u2018Bir S\u00fcrg\u00fcn\u00fcn Not Defteri Mising\u2019 filmi g\u00f6sterilecek, dinleti ve pantomim g\u00f6sterisi yap\u0131lacak.<\/p>\n<p>\u2026..<\/p>\n<p>Bug\u00fcn saat 14.00\u2019de, Tarih\u00e7i, Yazar Erdo\u011fan Ayd\u0131n,\u00a0 Dersim Mo\u011fultay Mah. Prof. Dr.Veysel Ero\u011flu cad. no: 13\/B adresinde, \u2018Tarih ve siyasetin izinde Devletin ve ezilenlerin T\u00fcrkiye Ger\u00e7e\u011fi\u2019 konulu s\u00f6yle\u015fi ger\u00e7ekle\u015ftirip, kitaplar\u0131n\u0131 imzalayacak.<\/p>\n<p>\u2026.<\/p>\n<p>3 May\u0131s saat 14.00-18.00 aras\u0131nda, Be\u015fikta\u015f \u0130skele Meydan\u0131nda, Akbelen \u0130stanbul Savunmas\u0131 \u2018Ya\u015fam Savunucular\u0131n\u0131n bileklerine kelep\u00e7e vuruluyor.Herkesi ses vermeye \u00e7a\u011f\u0131r\u0131yoruz\u2019 \u015fiar\u0131 ile eylem ger\u00e7ekle\u015ftirecek.<\/p>\n<p>\u2026\u2026<\/p>\n<p>\u0130stanbul&#8217;da &#8216;1 May\u0131s&#8217; ablukas\u0131&#8230; Yurtta\u015flara biber gazl\u0131 TOMA&#8217;l\u0131 m\u00fcdahale: 575 ki\u015fi g\u00f6zalt\u0131na al\u0131nd\u0131!<\/p>\n<p>\u2026.<\/p>\n<p>1 May\u0131s\u2019ta Taksim hedefli Meecidiyek\u00f6y \u00e7\u0131karmas\u0131nda g\u00f6zalt\u0131na al\u0131nanlar\u0131n Gayrettepe\u2019de ifade i\u015flemleri tamamland\u0131. Herkes sa\u011fl\u0131k kontrolleri ard\u0131ndan serbest. Vatan\u2019daki i\u015flemler devam ediyor. \u0130kmalen talimat\u0131 verilen son 13 ki\u015fi ifadeleri ard\u0131ndan hastaneden serbest b\u0131rak\u0131lacak. \u0130stanbul \u0130l Emniyet M\u00fcd\u00fcrl\u00fc\u011f\u00fcnde mevcutlu kalan 46 ki\u015finin ifadesi tamamland\u0131. 46 ki\u015fi sa\u011fl\u0131k kontrol\u00fcn\u00fcn ard\u0131ndan \u0130stanbul Adliyesine sevk edilecek.<\/p>\n<p>\u2026\u2026<\/p>\n<p>\u0130stanbul Barosu, 1 May\u0131s\u2019ta g\u00f6zalt\u0131na al\u0131nanlar\u0131n serbest b\u0131rak\u0131lmas\u0131n\u0131 istedi. A\u00e7\u0131klamada, Taksim yasa\u011f\u0131na ili\u015fkin Avrupa \u0130nsan Haklar\u0131 Mahkemesi ve Anayasa Mahkemesi kararlar\u0131 hat\u0131rlat\u0131ld\u0131.<\/p>\n<p>\u2026..<\/p>\n<p>27 Nisan\u2019da Kazanc\u0131 Yoku\u015fu\u2019ndaki anma ve ard\u0131ndan d\u00fczenlenen ev bask\u0131nlar\u0131nda g\u00f6zalt\u0131na al\u0131nan 47 ki\u015fiye ili\u015fkin adli s\u00fcre\u00e7 tamamland\u0131. \u00c7a\u011flayan\u2019daki \u0130stanbul Adliyesi\u2019nde hakim kar\u015f\u0131s\u0131na \u00e7\u0131kan 23 ki\u015fiden 14\u2019\u00fc tutuklan\u0131rken, 9 ki\u015fi hakk\u0131nda ev hapsi karar\u0131 verildi. 24 ki\u015fi ise emniyetteki i\u015flemlerinin ard\u0131ndan b\u0131rak\u0131ld\u0131.<\/p>\n<p>&nbsp;<\/p>\n","protected":false},"excerpt":{"rendered":"<p>Bug\u00fcn saat 12.00\u2019de, Cumartesi Anneleri, Galatasaray Meydan\u0131&#8217;nda eylemlerinin 1101&#8217;incisini d\u00fczenleyecek. \u2026\u2026 Bug\u00fcn saat 12.00\u2019de, Diyarbak\u0131r, Hakkari ve Batman\u2019da \u201cKay\u0131plar bulunsun<\/p>\n","protected":false},"author":1,"featured_media":4123,"comment_status":"closed","ping_status":"closed","sticky":false,"template":"","format":"standard","meta":{"footnotes":""},"categories":[72],"tags":[],"class_list":["post-4407","post","type-post","status-publish","format-standard","has-post-thumbnail","hentry","category-guncel"],"_links":{"self":[{"href":"https:\/\/dkder.org\/index.php\/wp-json\/wp\/v2\/posts\/4407","targetHints":{"allow":["GET"]}}],"collection":[{"href":"https:\/\/dkder.org\/index.php\/wp-json\/wp\/v2\/posts"}],"about":[{"href":"https:\/\/dkder.org\/index.php\/wp-json\/wp\/v2\/types\/post"}],"author":[{"embeddable":true,"href":"https:\/\/dkder.org\/index.php\/wp-json\/wp\/v2\/users\/1"}],"replies":[{"embeddable":true,"href":"https:\/\/dkder.org\/index.php\/wp-json\/wp\/v2\/comments?post=4407"}],"version-history":[{"count":1,"href":"https:\/\/dkder.org\/index.php\/wp-json\/wp\/v2\/posts\/4407\/revisions"}],"predecessor-version":[{"id":4408,"href":"https:\/\/dkder.org\/index.php\/wp-json\/wp\/v2\/posts\/4407\/revisions\/4408"}],"wp:featuredmedia":[{"embeddable":true,"href":"https:\/\/dkder.org\/index.php\/wp-json\/wp\/v2\/media\/4123"}],"wp:attachment":[{"href":"https:\/\/dkder.org\/index.php\/wp-json\/wp\/v2\/media?parent=4407"}],"wp:term":[{"taxonomy":"category","embeddable":true,"href":"https:\/\/dkder.org\/index.php\/wp-json\/wp\/v2\/categories?post=4407"},{"taxonomy":"post_tag","embeddable":true,"href":"https:\/\/dkder.org\/index.php\/wp-json\/wp\/v2\/tags?post=4407"}],"curies":[{"name":"wp","href":"https:\/\/api.w.org\/{rel}","templated":true}]}}