{"id":4411,"date":"2026-05-03T07:08:52","date_gmt":"2026-05-03T07:08:52","guid":{"rendered":"https:\/\/dkder.org\/?p=4411"},"modified":"2026-05-03T07:08:52","modified_gmt":"2026-05-03T07:08:52","slug":"bugun03-mayis-yapilacak-eylem-etkinlik-ve-gundemden","status":"publish","type":"post","link":"https:\/\/dkder.org\/index.php\/2026\/05\/03\/bugun03-mayis-yapilacak-eylem-etkinlik-ve-gundemden\/","title":{"rendered":"BUG\u00dcN(03 MAYIS) YAPILACAK EYLEM, ETK\u0130NL\u0130K VE G\u00dcNDEMDEN"},"content":{"rendered":"<p>Bug\u00fcn saat 14.00-18.00 aras\u0131nda, Be\u015fikta\u015f \u0130skele Meydan\u0131nda, Akbelen \u0130stanbul Savunmas\u0131 \u2018Ya\u015fam Savunucular\u0131n\u0131n bileklerine kelep\u00e7e vuruluyor. Herkesi ses vermeye \u00e7a\u011f\u0131r\u0131yoruz\u2019 \u015fiar\u0131 ile eylem ger\u00e7ekle\u015ftirecek.<\/p>\n<p>\u2026.<\/p>\n<p>Bug\u00fcn saat 14.00\u2019de, Emek Partisi Yani Mahalle \u0130l\u00e7e \u00f6rg\u00fct\u00fc ve Gen\u00e7lik \u00f6rg\u00fct\u00fc taraf\u0131ndan, Mustafa Y\u0131ld\u0131r\u0131mt\u00fcrk\u2019\u00fcn kat\u0131l\u0131m\u0131yla, E\u011fitim-Sen Bat\u0131kent K\u00fclt\u00fcr Evinde, Emperyalist Sava\u015flara Kar\u015f\u0131, Demokrasi, Ba\u011f\u0131ms\u0131zl\u0131k ve Sosyalizm\u2019 konulu s\u00f6yle\u015fi ve imza etkinli\u011fi ger\u00e7ekle\u015ftirilecek.<\/p>\n<p>\u2026\u2026<\/p>\n<p>Bug\u00fcn saat 17.00\u2019de, Maltepe G\u00fclsuyu ve G\u00fclensu halk\u0131 taraf\u0131ndan,\u00a0 G\u00fclsuyu son duraktaki ormanl\u0131k alan\u0131n ihaleye a\u00e7\u0131lmas\u0131na kar\u015f\u0131, G\u00fclsuyu ormanl\u0131k alanda a\u00e7\u0131klama yapacak.<\/p>\n<p>\u2026..<\/p>\n<p>Bug\u00fcn saat 18.00\u2019de, Dem Parti ve taraf\u0131ndan, Nevanda \u00c7anda Anatolia taraf\u0131ndan, Atat\u00fcrk Bulvar\u0131 no:199\/B \u00c7ankaya adresinde, S\u0131rr\u0131 S\u00fcreyya \u00d6nder an\u0131lacak ve anlat\u0131lacak.<\/p>\n<p>\u2026\u2026<\/p>\n<p>1 May\u0131s Taksim hedefli kitlesel olarak Mecidiyek\u00f6y&#8217;de yap\u0131lan y\u00fcr\u00fcy\u00fc\u015f\u00fcn engellenmesi, kitlenin sald\u0131r\u0131ya u\u011framas\u0131 ve 576 ki\u015finin g\u00f6zalt\u0131na al\u0131nmas\u0131 \u0130zmir, Alsancak&#8217;ta DKDER, ESP, Kald\u0131ra\u00e7, Kom\u00fcnist K\u00f6z, S\u00f6z ve Eylem ve SMF taraf\u0131ndan bas\u0131n a\u00e7\u0131klamas\u0131 ile k\u0131nand\u0131.<\/p>\n<p>\u2026\u2026<\/p>\n<p>\u00c7a\u011fda\u015f Hukuk\u00e7ular Derne\u011fi, 1 May\u0131s eylemleri ve \u00f6ncesindeki operasyonlarda g\u00f6zalt\u0131na al\u0131nan 576 ki\u015finin serbest b\u0131rak\u0131ld\u0131\u011f\u0131n\u0131 a\u00e7\u0131klad\u0131. Baz\u0131 yurtta\u015flar i\u00e7in tutuklama ve ev hapsi kararlar\u0131 verildi.<\/p>\n<p>\u2026\u2026<\/p>\n<p>\u0130\u015f\u00e7i Filmleri Festivali kapsam\u0131nda, Alsancak T\u00fcrkan Saylan K\u00fclt\u00fcr Merkezi \u00f6n\u00fcnde,21 Uluslararas\u0131 \u0130\u015f\u00e7i Festivali a\u00e7\u0131l\u0131\u015f y\u00fcr\u00fcy\u00fc\u015f\u00fc ve Mimarl\u0131k Merkezinde, \u2018Bir S\u00fcrg\u00fcn\u00fcn Not Defteri Mising\u2019 filmi g\u00f6sterildi ve ard\u0131ndan dinleti ve pantomim g\u00f6sterisi yap\u0131ld\u0131.<\/p>\n<p>\u2026\u2026.<\/p>\n<p>Deniz Gezmi\u015f, H\u00fcseyin \u0130nan ve Yusuf Aslan\u2019\u0131n avukat\u0131 olarak tarihe ge\u00e7en devrimci hukuk\u00e7u Halit \u00c7elenk an\u0131s\u0131na verilen Halit \u00c7elenk Hukuk \u00d6d\u00fclleri sahiplerini buldu. \u00d6d\u00fcller Halit \u00c7elenk\u2019in \u00f6l\u00fcm y\u0131ld\u00f6n\u00fcm\u00fc 5 May\u0131s&#8217;ta sahiplerini bulacak.<\/p>\n<p>\u2026..<\/p>\n<p><a href=\"https:\/\/www.birgun.net\/etiket\/eskisehir-733\">Eski\u015fehir<\/a>\u00a0\u00c7evre Koruma ve Geli\u015ftirme Derne\u011fi (ES\u00c7EVDER), Sar\u0131cakaya il\u00e7esi Bilal Habe\u015f\u00ee Mahallesi\u2019nde a\u00e7\u0131lmak istenen alt\u0131n-g\u00fcm\u00fc\u015f madeni projesine mahkemenin verdi\u011fi iptal karar\u0131yla ilgili a\u00e7\u0131klama yapt\u0131: \u201cEski\u015fehir\u2019de ve T\u00fcrkiye genelinde onlarca mahkeme karar\u0131, maden politikalar\u0131n\u0131z\u0131n yanl\u0131\u015fl\u0131\u011f\u0131n\u0131 hukuki a\u00e7\u0131dan da ortaya koymaktad\u0131r. Ya\u015famla inatla\u015fman\u0131n bir anlam\u0131 yoktur. Madenler ya\u015famdan \u00f6nemli de\u011fildir. Maden ruhsatlar\u0131n\u0131 iptal edin.\u201d<\/p>\n<p>\u2026..<\/p>\n<p><a href=\"https:\/\/www.birgun.net\/etiket\/akp-43\">AKP<\/a>\u00a0iktidar\u0131n\u0131n uzun s\u00fcredir \u201caileyi koruma\u201d s\u00f6ylemiyle y\u00fcr\u00fctt\u00fc\u011f\u00fc kad\u0131n ve LGBT\u0130+ kar\u015f\u0131t\u0131 politikalar, Cumhurba\u015fkanl\u0131\u011f\u0131 genelgesiyle yeni bir d\u00f6neme ta\u015f\u0131nd\u0131. 2 May\u0131s 2026 tarihli Resm\u00ee Gazete\u2019de yay\u0131mlanan \u201cAile ve N\u00fcfus On Y\u0131l\u0131\u201d genelgesi, 2026-2035 y\u0131llar\u0131 aras\u0131nda kamu kurumlar\u0131n\u0131n politika, mevzuat, stratejik plan, e\u011fitim, medya ve sosyal hizmet uygulamalar\u0131nda \u201caile ve n\u00fcfus\u201d hedeflerini esas alaca\u011f\u0131n\u0131 duyurdu.<\/p>\n<p>\u2026\u2026<\/p>\n<p>Cumartesi Anneleri 1101&#8217;inci hafta bulu\u015fmas\u0131nda, 1994&#8217;te J\u0130TEM mensuplar\u0131n\u0131n ailesinin \u00f6n\u00fcnde ka\u00e7\u0131rd\u0131\u011f\u0131 ve iki hafta sonra cans\u0131z bedeni bulunan Mehmet \u015eerif Av\u015far i\u00e7in adalet \u00e7a\u011fr\u0131s\u0131nda bulundu. A\u00e7\u0131klamada, &#8220;Onu g\u00f6zalt\u0131na alanlar kimlerden emir ald\u0131? Bu su\u00e7un arkas\u0131ndaki J\u0130TEM yap\u0131lanmas\u0131 neden a\u00e7\u0131\u011fa \u00e7\u0131kar\u0131lmad\u0131?&#8221; sorular\u0131 soruldu.<\/p>\n<p>\u2026\u2026<\/p>\n<p>\u0130\u00e7i\u015fleri Bakanl\u0131\u011f\u0131, Mardin B\u00fcy\u00fck\u015fehir Belediyesi&#8217;nde kayyumun g\u00f6rev s\u00fcresini iki ay daha uzatt\u0131.<\/p>\n<p>\u2026..<\/p>\n<p>\u0130stanbul A\u011fa\u00e7 A\u015e\u2019de \u201cg\u00fcvenlik soru\u015fturmas\u0131\u201d gerek\u00e7esiyle i\u015ften \u00e7\u0131kar\u0131lan yakla\u015f\u0131k 40 i\u015f\u00e7i, i\u015fe geri d\u00f6nme talebiyle Sara\u00e7hane\u2019de n\u00f6betini s\u00fcrd\u00fcr\u00fcyor.<\/p>\n<p>\u2026..<\/p>\n<p>T\u00fcrkiye&#8217;de gelir da\u011f\u0131l\u0131m\u0131ndaki u\u00e7urum uluslararas\u0131 raporlara da yans\u0131d\u0131. Knight Frank taraf\u0131ndan yay\u0131mlanan \u201cThe Wealth Report 2026\u201d verilerine g\u00f6re, T\u00fcrkiye\u2019de 30 milyon dolar \u00fczeri servete sahip ki\u015fi say\u0131s\u0131 son 5 y\u0131lda yakla\u015f\u0131k y\u00fczde 93,5 artarak 2 bin 174\u2019ten 4 bin 208\u2019e \u00e7\u0131kt\u0131. T\u00fcrkiye, ultra zenginlerin en h\u0131zl\u0131 artt\u0131\u011f\u0131 3&#8217;\u00fcnc\u00fc \u00fclke oldu.<\/p>\n<p>\u2026..<\/p>\n<p>3 May\u0131s D\u00fcnya Bas\u0131n \u00d6zg\u00fcrl\u00fc\u011f\u00fc G\u00fcn\u00fc ile ilgili a\u00e7\u0131klama yapan \u0130zmir Gazeteciler Cemiyeti; bas\u0131n\u0131n \u00f6zg\u00fcrl\u00fc\u011f\u00fcn\u00fcn halk\u0131n \u00f6zg\u00fcrl\u00fc\u011f\u00fc oldu\u011funu vurgulayarak \u201c\u00d6zg\u00fcr bas\u0131n\u0131n olmad\u0131\u011f\u0131 yerde herkes esir\u201d dedi.<\/p>\n<p>\u2026\u2026<\/p>\n<p>Cengiz Holding\u2019e ba\u011fl\u0131 Seydi\u015fehir Eti Al\u00fcminyum i\u00e7in Antalya Akseki\u2019deki Gidengelmez Da\u011f\u0131\u2019nda a\u00e7\u0131lacak maden oca\u011f\u0131nda yakla\u015f\u0131k 60 bin a\u011fa\u00e7 kesilecek.<\/p>\n<p>\u2026..<\/p>\n<p>ursa G\u00fcrsu Borsa \u0130stanbul Anadolu Lisesi \u00f6\u011frencilerinin Urfa ve Mara\u015f\u2019taki sald\u0131r\u0131lar\u0131 protesto etmek i\u00e7in yapt\u0131\u011f\u0131 oturma eylemine soru\u015fturma a\u00e7\u0131ld\u0131. E\u011fitim sendikalar\u0131 karara tepki g\u00f6stererek, soru\u015fturman\u0131n geri \u00e7ekilmesini istedi.<\/p>\n<p>\u2026\u2026<\/p>\n<p>Eski\u015fehir Bilal Habe\u015f\u00ee Mahallesi&#8217;nde a\u00e7\u0131lmak istenen alt\u0131n g\u00fcm\u00fc\u015f madeni projesinin mahkeme karar\u0131yla iptal edilmesiyle ilgili a\u00e7\u0131klama yapan ES\u00c7EVDER, \u201cHalk\u0131n taleplerine, mahkeme kararlar\u0131na sayg\u0131 duyun. Maden ruhsatlar\u0131n\u0131 iptal edin\u201d \u00e7a\u011fr\u0131s\u0131 yapt\u0131.<\/p>\n<p>\u2026..<\/p>\n<p>Bursa\u2019da lise \u00f6\u011frencilerinin \u201cg\u00fcvenli okul\u201d talebiyle ger\u00e7ekle\u015ftirdi\u011fi oturma eylemi sonras\u0131 disiplin soru\u015fturmas\u0131 ba\u015flat\u0131ld\u0131, \u00f6\u011frencilere y\u00f6neltilen sorular tepki \u00e7ekti.<\/p>\n<p>\u2026.<\/p>\n","protected":false},"excerpt":{"rendered":"<p>Bug\u00fcn saat 14.00-18.00 aras\u0131nda, Be\u015fikta\u015f \u0130skele Meydan\u0131nda, Akbelen \u0130stanbul Savunmas\u0131 \u2018Ya\u015fam Savunucular\u0131n\u0131n bileklerine kelep\u00e7e vuruluyor. Herkesi ses vermeye \u00e7a\u011f\u0131r\u0131yoruz\u2019 \u015fiar\u0131<\/p>\n","protected":false},"author":1,"featured_media":4123,"comment_status":"closed","ping_status":"closed","sticky":false,"template":"","format":"standard","meta":{"footnotes":""},"categories":[72],"tags":[],"class_list":["post-4411","post","type-post","status-publish","format-standard","has-post-thumbnail","hentry","category-guncel"],"_links":{"self":[{"href":"https:\/\/dkder.org\/index.php\/wp-json\/wp\/v2\/posts\/4411","targetHints":{"allow":["GET"]}}],"collection":[{"href":"https:\/\/dkder.org\/index.php\/wp-json\/wp\/v2\/posts"}],"about":[{"href":"https:\/\/dkder.org\/index.php\/wp-json\/wp\/v2\/types\/post"}],"author":[{"embeddable":true,"href":"https:\/\/dkder.org\/index.php\/wp-json\/wp\/v2\/users\/1"}],"replies":[{"embeddable":true,"href":"https:\/\/dkder.org\/index.php\/wp-json\/wp\/v2\/comments?post=4411"}],"version-history":[{"count":1,"href":"https:\/\/dkder.org\/index.php\/wp-json\/wp\/v2\/posts\/4411\/revisions"}],"predecessor-version":[{"id":4412,"href":"https:\/\/dkder.org\/index.php\/wp-json\/wp\/v2\/posts\/4411\/revisions\/4412"}],"wp:featuredmedia":[{"embeddable":true,"href":"https:\/\/dkder.org\/index.php\/wp-json\/wp\/v2\/media\/4123"}],"wp:attachment":[{"href":"https:\/\/dkder.org\/index.php\/wp-json\/wp\/v2\/media?parent=4411"}],"wp:term":[{"taxonomy":"category","embeddable":true,"href":"https:\/\/dkder.org\/index.php\/wp-json\/wp\/v2\/categories?post=4411"},{"taxonomy":"post_tag","embeddable":true,"href":"https:\/\/dkder.org\/index.php\/wp-json\/wp\/v2\/tags?post=4411"}],"curies":[{"name":"wp","href":"https:\/\/api.w.org\/{rel}","templated":true}]}}