{"id":5110,"date":"2026-08-30T09:48:38","date_gmt":"2026-08-30T09:48:38","guid":{"rendered":"https:\/\/dkder.org\/?p=5110"},"modified":"2026-08-30T09:50:17","modified_gmt":"2026-08-30T09:50:17","slug":"izmirde-basaran-aksu-ve-gokay-cakira-ozgurluk-eylemi","status":"publish","type":"post","link":"https:\/\/dkder.org\/index.php\/2026\/08\/30\/izmirde-basaran-aksu-ve-gokay-cakira-ozgurluk-eylemi\/","title":{"rendered":"\u0130zmir\u2019de Ba\u015faran Aksu ve G\u00f6kay \u00c7ak\u0131r\u2019a \u00f6zg\u00fcrl\u00fck eylemi"},"content":{"rendered":"<p>Ba\u011f\u0131ms\u0131z Maden-\u0130\u015f Genel Ba\u015fkan\u0131 G\u00f6kay \u00c7ak\u0131r ile \u00d6rg\u00fctlenme Uzman\u0131 Ba\u015faran Aksu\u2019nun tutuklanmas\u0131na kar\u015f\u0131 \u0130zmir\u2019de dayan\u0131\u015fma eylemi yap\u0131ld\u0131.<\/p>\n<p>\u0130zmir, Kar\u015f\u0131yaka \u0130ZBAN \u00e7\u0131k\u0131\u015f\u0131nda ger\u00e7ekle\u015ftirilen y\u00fcr\u00fcy\u00fc\u015f sonras\u0131 Kar\u015f\u0131yaka \u0130\u015f Bankas\u0131 \u00f6n\u00fcnde a\u00e7\u0131klama ger\u00e7ekle\u015ftirildi. Eylemde \u201cSendikac\u0131l\u0131k su\u00e7 de\u011fildir\u201d ve \u201cTutuklu sendikac\u0131lar serbest b\u0131rak\u0131ls\u0131n\u201d denildi.<\/p>\n<p>Ba\u011f\u0131ms\u0131z Maden-\u0130\u015f Sendikas\u0131 Genel Ba\u015fkan\u0131 G\u00f6kay \u00c7ak\u0131r ve \u00d6rg\u00fctlenme Uzman\u0131 Ba\u015faran Aksu sosyal medya payla\u015f\u0131mlar\u0131 bahane edilerek, madencilerin haklar\u0131n\u0131 arad\u0131klar\u0131 i\u00e7in g\u00f6zalt\u0131na al\u0131nm\u0131\u015flard\u0131. Daha sonra her iki sendikac\u0131 da tutuklama talebiyle mahkemeye sevk edilmi\u015f ve tutuklanm\u0131\u015flard\u0131. Ba\u015faran Aksu ve G\u00f6kay \u00c7ak\u0131r i\u00e7in bug\u00fcn Kar\u015f\u0131yaka\u2019da halk durumu protesto etmek ve tutuklu sendikac\u0131larla dayan\u0131\u015fma g\u00f6stermek amac\u0131yla topland\u0131.<\/p>\n<p>Kar\u015f\u0131yaka \u0130ZBAN Dura\u011f\u0131 \u00f6n\u00fcnde \u201cSendikac\u0131l\u0131k su\u00e7 de\u011fildir!\u201d pankart\u0131 arkas\u0131nda toplanan kitle sloganlar\u0131n ard\u0131ndan y\u00fcr\u00fcy\u00fc\u015fe ba\u015flad\u0131.<\/p>\n<p>Kar\u015f\u0131yaka iskele \u00f6n\u00fcne kadar sloganlar ve ajitasyonlarla y\u00fcr\u00fcy\u00fc\u015f ger\u00e7ekle\u015ftiren grup, burada \u00e7e\u015fitli sendikalar ve emek \u00f6rg\u00fctlerinin konu\u015fmalar\u0131yla eylemi devam ettirdi. Daha sonra tutuklular\u0131n mesaj\u0131 okundu ve bas\u0131n a\u00e7\u0131klamas\u0131na ge\u00e7ildi.<\/p>\n<p><img decoding=\"async\" src=\"https:\/\/scontent.fbzi2-1.fna.fbcdn.net\/v\/t39.30808-6\/788764640_10235222803656899_7370133366431969338_n.jpg?stp=dst-jpg_tt6&amp;cstp=mx2048x1153&amp;ctp=s2048x1153&amp;_nc_cat=109&amp;ccb=1-7&amp;_nc_sid=833d8c&amp;_nc_ohc=94swbkLIXY4Q7kNvwFVsbqY&amp;_nc_oc=Adrs-1LF5pSM_yojIbJ6DscIkH5ieP6i7QNokg6Lr0FGzl_-CbuYIu1Rwlo3xG_jO20&amp;_nc_zt=23&amp;_nc_ht=scontent.fbzi2-1.fna&amp;_nc_gid=XZ1rDfYMdXi7Z7h0T7xTYg&amp;_nc_ss=7d2a8&amp;oh=00_AQJ5fSfwbehb0jt2s3qINKNFHftbIQCCX7GO8QZcSjvvVg&amp;oe=6A99B4EB\" alt=\"bir veya daha fazla ki\u015fi, kalabal\u0131k ve \u015funu diyen bir yaz\u0131 'CUL TO SERBESTB IRAKILSIN BA\u015eARAM MSU GILE PAR IMEUR, urMaT GOKAY CANIR SERBESI BIRAKILSIN PA3P SEND\u0130KACILIK SU\u00c7 DE\u011e\u0130LD\u0130R! TUTUKLU SEND\u0130KACILAR SERBEST BIRAKILSIN!' g\u00f6rseli olabilir\" \/><\/p>\n<p>Y\u00fcr\u00fcy\u00fc\u015f ve bas\u0131n a\u00e7\u0131klamas\u0131na Ege \u0130\u015f\u00e7i Birli\u011fi, Devrimci Tekstil \u0130\u015f\u00e7ileri Sendikas\u0131, Devrimci Gen\u00e7lik Birli\u011fi, ESP, D\u0130P, T\u00d6P, SEP, K\u0131z\u0131l Parti, DKDER, ODAK, TKH, \u00d6zel Sekt\u00f6r \u00d6\u011fretmenleri Sendikas\u0131, Emekli Dayan\u0131\u015fma Sendikas\u0131, T\u00fcm Emekliler Sendikas\u0131\u00a0kat\u0131l\u0131m g\u00f6sterdi.<\/p>\n<p>A\u00e7\u0131klamada y\u0131ld\u0131rma \u00e7abalar\u0131yla i\u015f\u00e7ilerin m\u00fccadelesinin s\u00f6n\u00fcmlenmeyece\u011fi, sendikac\u0131l\u0131\u011f\u0131n su\u00e7 olmad\u0131\u011f\u0131, Ba\u015faran Aksu ve G\u00f6kay \u00c7ak\u0131r\u2019\u0131n derhal serbest b\u0131rak\u0131lmas\u0131 talebi vurguland\u0131. Daha sonra eylem \u201cZafer direnen emek\u00e7inin olacak!\u201d ve \u201cDevrimci tutsaklar onurumuzdur!\u201d sloganlar\u0131yla sona erdi.<\/p>\n<p><img decoding=\"async\" src=\"https:\/\/scontent.fbzi2-1.fna.fbcdn.net\/v\/t39.30808-6\/789161039_10235222804536921_6663223347113616548_n.jpg?stp=dst-jpg_tt6&amp;cstp=mx2032x1524&amp;ctp=s2032x1524&amp;_nc_cat=104&amp;ccb=1-7&amp;_nc_sid=833d8c&amp;_nc_ohc=Fkm0sIE4s-kQ7kNvwH2uAS8&amp;_nc_oc=AdpSVWHSTMZkHCeYKuRQzqDsYQ7r5znONQXHcU0qevY66xhN_ikXTU0RMsZUS0oYq7g&amp;_nc_zt=23&amp;_nc_ht=scontent.fbzi2-1.fna&amp;_nc_gid=L5WXMswuwD-OoSogDZUyRg&amp;_nc_ss=7d2a8&amp;oh=00_AQKPSr-PIfzeYsKOU0YkzZKHWMsGukj9I5FkUYRjmHZ-5A&amp;oe=6A99D30D\" alt=\"bir veya daha fazla ki\u015fi ve yaz\u0131 g\u00f6rseli olabilir\" \/><\/p>\n<p>Eylem boyunca \u201c \u0130\u015f\u00e7ilerin birli\u011fi, sermayeyi yenecek!\u201d , \u201c G\u00f6zalt\u0131lar, tutuklamalar, bask\u0131lar bizi y\u0131ld\u0131rmaz!\u201d, \u201cBirle\u015fe birle\u015fe kazanaca\u011f\u0131z!\u201d sloganlar\u0131 at\u0131ld\u0131.<\/p>\n","protected":false},"excerpt":{"rendered":"<p>Ba\u011f\u0131ms\u0131z Maden-\u0130\u015f Genel Ba\u015fkan\u0131 G\u00f6kay \u00c7ak\u0131r ile \u00d6rg\u00fctlenme Uzman\u0131 Ba\u015faran Aksu\u2019nun tutuklanmas\u0131na kar\u015f\u0131 \u0130zmir\u2019de dayan\u0131\u015fma eylemi yap\u0131ld\u0131. \u0130zmir, Kar\u015f\u0131yaka \u0130ZBAN<\/p>\n","protected":false},"author":1,"featured_media":5112,"comment_status":"closed","ping_status":"closed","sticky":false,"template":"","format":"standard","meta":{"footnotes":""},"categories":[72,1],"tags":[],"class_list":["post-5110","post","type-post","status-publish","format-standard","has-post-thumbnail","hentry","category-guncel","category-uncategorized"],"_links":{"self":[{"href":"https:\/\/dkder.org\/index.php\/wp-json\/wp\/v2\/posts\/5110","targetHints":{"allow":["GET"]}}],"collection":[{"href":"https:\/\/dkder.org\/index.php\/wp-json\/wp\/v2\/posts"}],"about":[{"href":"https:\/\/dkder.org\/index.php\/wp-json\/wp\/v2\/types\/post"}],"author":[{"embeddable":true,"href":"https:\/\/dkder.org\/index.php\/wp-json\/wp\/v2\/users\/1"}],"replies":[{"embeddable":true,"href":"https:\/\/dkder.org\/index.php\/wp-json\/wp\/v2\/comments?post=5110"}],"version-history":[{"count":3,"href":"https:\/\/dkder.org\/index.php\/wp-json\/wp\/v2\/posts\/5110\/revisions"}],"predecessor-version":[{"id":5114,"href":"https:\/\/dkder.org\/index.php\/wp-json\/wp\/v2\/posts\/5110\/revisions\/5114"}],"wp:featuredmedia":[{"embeddable":true,"href":"https:\/\/dkder.org\/index.php\/wp-json\/wp\/v2\/media\/5112"}],"wp:attachment":[{"href":"https:\/\/dkder.org\/index.php\/wp-json\/wp\/v2\/media?parent=5110"}],"wp:term":[{"taxonomy":"category","embeddable":true,"href":"https:\/\/dkder.org\/index.php\/wp-json\/wp\/v2\/categories?post=5110"},{"taxonomy":"post_tag","embeddable":true,"href":"https:\/\/dkder.org\/index.php\/wp-json\/wp\/v2\/tags?post=5110"}],"curies":[{"name":"wp","href":"https:\/\/api.w.org\/{rel}","templated":true}]}}