{"id":5116,"date":"2026-08-31T06:11:26","date_gmt":"2026-08-31T06:11:26","guid":{"rendered":"https:\/\/dkder.org\/?p=5116"},"modified":"2026-08-31T06:11:26","modified_gmt":"2026-08-31T06:11:26","slug":"bugun31-agustos-etkinlikler-ve-gundemden","status":"publish","type":"post","link":"https:\/\/dkder.org\/index.php\/2026\/08\/31\/bugun31-agustos-etkinlikler-ve-gundemden\/","title":{"rendered":"BUG\u00dcN(31 A\u011eUSTOS) ETK\u0130NL\u0130KLER VE G\u00dcNDEMDEN"},"content":{"rendered":"<p>\u0130ZM\u0130R<\/p>\n<p>Bug\u00fcn saat 11.00\u2019de, \u00d6nceki d\u00f6nem \u0130HD \u0130zmir \u015eubesi E\u015f Ba\u015fkan\u0131, insan haklar\u0131 savunucusu Av. Ali Ayd\u0131n\u2019\u0131n katledilmesine ili\u015fkin davan\u0131n 2 Eyl\u00fcl\u2019de g\u00f6r\u00fclecek ilk duru\u015fmas\u0131 \u00f6ncesinde \u0130zmir Barosu Av. Nevzat Erdemir Konferans Salonu\u2019nda bas\u0131n toplant\u0131s\u0131 d\u00fczenlenecek.<\/p>\n<p>ANKARA<\/p>\n<p>Bug\u00fcn saat 11.00\u2019de, KESK, &#8220;Miras\u0131m\u0131z direni\u015f s\u00f6z\u00fcm\u00fcz m\u00fccadele&#8221; \u015fiar\u0131yla 4-6 Eyl\u00fcl&#8217;de ger\u00e7ekle\u015ftirece\u011fi 3&#8217;\u00fcnc\u00fc Kad\u0131n Kurultay\u0131\u2019na ili\u015fkin Tar\u0131m Orkam-Sen Genel Merkezi&#8217;nde bas\u0131n toplant\u0131s\u0131 d\u00fczenleyecek.<\/p>\n<p>D\u0130YARBAKIR<\/p>\n<p>Bug\u00fcn saat 21.30\u2019da, S\u00fcper Lig\u2019in 3\u2019\u00fcnc\u00fc haftas\u0131nda Amedspor ile Trabzonspor, Tahir El\u00e7i Stadyumu\u2019nda kar\u015f\u0131 kar\u015f\u0131ya gelecek.<\/p>\n<p>\u2026\u2026<\/p>\n<p>1977 y\u0131l\u0131nda halk\u0131n oylar\u0131yla se\u00e7ilen, 12 Eyl\u00fcl darbesiyle g\u00f6revden al\u0131narak Diyarbak\u0131r 5 No&#8217;lu Cezaevinde a\u011f\u0131r i\u015fkenceler g\u00f6ren Mehdi Zana, Diyarbak\u0131r B\u00fcy\u00fck\u015fehir Belediyesi \u00f6n\u00fcnde d\u00fczenlenen t\u00f6renin ard\u0131ndan topra\u011fa verildi.<\/p>\n<p>\u2026\u2026<\/p>\n<p>\u00c7al\u0131dere k\u00f6y\u00fcnde JES projesine kar\u015f\u0131 s\u00fcrd\u00fcr\u00fclen \u00e7ad\u0131r n\u00f6betine sanat\u00e7\u0131 I\u015f\u0131k Berfin konseriyle destek verdi. K\u00f6yl\u00fcler ise 119 g\u00fcnd\u00fcr devam eden m\u00fccadelede projeye kar\u015f\u0131 direni\u015flerini s\u00fcrd\u00fcr\u00fcyor.<\/p>\n<p>\u2026..<\/p>\n<p>Emek\u00e7i Hareket Partisi (EHP), &#8220;Ekme\u011fe ve demokrasiye a\u00e7l\u0131\u011f\u0131 bitirece\u011fiz&#8221; \u015fiar\u0131yla \u0130stanbul \u00dcsk\u00fcdar Meydan\u0131&#8217;nda bas\u0131n a\u00e7\u0131klamas\u0131 d\u00fczenledi. A\u00e7\u0131klamaya \u00e7ok say\u0131da siyasi parti temsilcisi ve yurtta\u015f kat\u0131ld\u0131.EHP, asgari \u00fccretin 71 bin TL\u2019ye \u00e7\u0131kar\u0131lmas\u0131 \u00e7a\u011fr\u0131s\u0131 yaparak, b\u00f6lgesel asgari \u00fccret uygulamas\u0131na tepki g\u00f6sterdi.<\/p>\n<p>\u2026\u2026<\/p>\n<p>Bar\u0131\u015fa \u0130htiyac\u0131m Var Kad\u0131n \u0130nisiyatifi, \u015f\u00fcpheli kad\u0131n \u00f6l\u00fcmlerini, \u00fcniformal\u0131 erkek \u015fiddetini ve devlet destekli \u00e7etelerin bask\u0131s\u0131na kar\u015f\u0131 m\u00fccadele yollar\u0131na ili\u015fkin \u00c7and Amed Kongre Merkezi&#8217;nde a\u00e7\u0131klama ger\u00e7ekle\u015ftirdi. &#8220;\u015e\u00fcpheli \u00f6l\u00fcm de\u011fil kad\u0131n cinayeti! \u00dcniformal\u0131 erkek \u015fiddeti ve cezas\u0131zl\u0131k son bulsun&#8221; pankart\u0131 a\u00e7\u0131ld\u0131.<\/p>\n<p>\u2026..<\/p>\n<p>Ankara&#8217;da d\u00fczenlenen toplant\u0131da, 12 politik parti ve grubun temsilcileri ile \u00c7in El\u00e7ili\u011fi Siyasi M\u00fcste\u015far\u0131 bir araya geldi ve \u00c7in&#8217;de sosyalizm \u00fczerine g\u00f6r\u00fc\u015flerini birbirine aktard\u0131.<\/p>\n<p>\u2026.<\/p>\n<p>Devrimcilerin dostu, devrimci gazeteci, matbaac\u0131 Fevzi I\u015f\u0131k, \u00f6l\u00fcm\u00fcn\u00fcn 1.y\u0131l\u0131nda arkada\u015flar\u0131 ve ailesi taraf\u0131ndan Maltepe\u2019de mezar\u0131 ba\u015f\u0131nda an\u0131ld\u0131. Anmada, yolu emekten ve \u00f6zg\u00fcrl\u00fck m\u00fccadelesinden ge\u00e7en herkese emek veren bir gazeteci olarak hep an\u0131laca\u011f\u0131 dile getirildi.<\/p>\n","protected":false},"excerpt":{"rendered":"<p>\u0130ZM\u0130R Bug\u00fcn saat 11.00\u2019de, \u00d6nceki d\u00f6nem \u0130HD \u0130zmir \u015eubesi E\u015f Ba\u015fkan\u0131, insan haklar\u0131 savunucusu Av. Ali Ayd\u0131n\u2019\u0131n katledilmesine ili\u015fkin davan\u0131n<\/p>\n","protected":false},"author":1,"featured_media":4835,"comment_status":"closed","ping_status":"closed","sticky":false,"template":"","format":"standard","meta":{"footnotes":""},"categories":[72],"tags":[],"class_list":["post-5116","post","type-post","status-publish","format-standard","has-post-thumbnail","hentry","category-guncel"],"_links":{"self":[{"href":"https:\/\/dkder.org\/index.php\/wp-json\/wp\/v2\/posts\/5116","targetHints":{"allow":["GET"]}}],"collection":[{"href":"https:\/\/dkder.org\/index.php\/wp-json\/wp\/v2\/posts"}],"about":[{"href":"https:\/\/dkder.org\/index.php\/wp-json\/wp\/v2\/types\/post"}],"author":[{"embeddable":true,"href":"https:\/\/dkder.org\/index.php\/wp-json\/wp\/v2\/users\/1"}],"replies":[{"embeddable":true,"href":"https:\/\/dkder.org\/index.php\/wp-json\/wp\/v2\/comments?post=5116"}],"version-history":[{"count":1,"href":"https:\/\/dkder.org\/index.php\/wp-json\/wp\/v2\/posts\/5116\/revisions"}],"predecessor-version":[{"id":5117,"href":"https:\/\/dkder.org\/index.php\/wp-json\/wp\/v2\/posts\/5116\/revisions\/5117"}],"wp:featuredmedia":[{"embeddable":true,"href":"https:\/\/dkder.org\/index.php\/wp-json\/wp\/v2\/media\/4835"}],"wp:attachment":[{"href":"https:\/\/dkder.org\/index.php\/wp-json\/wp\/v2\/media?parent=5116"}],"wp:term":[{"taxonomy":"category","embeddable":true,"href":"https:\/\/dkder.org\/index.php\/wp-json\/wp\/v2\/categories?post=5116"},{"taxonomy":"post_tag","embeddable":true,"href":"https:\/\/dkder.org\/index.php\/wp-json\/wp\/v2\/tags?post=5116"}],"curies":[{"name":"wp","href":"https:\/\/api.w.org\/{rel}","templated":true}]}}