{"id":5119,"date":"2026-08-31T10:40:34","date_gmt":"2026-08-31T10:40:34","guid":{"rendered":"https:\/\/dkder.org\/?p=5119"},"modified":"2026-08-31T11:56:04","modified_gmt":"2026-08-31T11:56:04","slug":"didar-abla-sozumuz-soz-seni-mucadelemizde-yasatacagiz","status":"publish","type":"post","link":"https:\/\/dkder.org\/index.php\/2026\/08\/31\/didar-abla-sozumuz-soz-seni-mucadelemizde-yasatacagiz\/","title":{"rendered":"D\u0130DAR ABLA S\u00d6Z\u00dcM\u00dcZ S\u00d6Z: SEN\u0130 M\u00dcCADELEM\u0130ZDE YA\u015eATACA\u011eIZ!"},"content":{"rendered":"<p><iframe loading=\"lazy\" title=\"Didar \u015eensoy, \u0130nsan Haklar\u0131 M\u00fccadelesinin ve 12 Eyl\u00fcl Direni\u015finin Simgesi\" width=\"800\" height=\"450\" src=\"https:\/\/www.youtube.com\/embed\/N3j42h0TuSk?feature=oembed\" frameborder=\"0\" allow=\"accelerometer; autoplay; clipboard-write; encrypted-media; gyroscope; picture-in-picture; web-share\" referrerpolicy=\"strict-origin-when-cross-origin\" allowfullscreen><\/iframe><\/p>\n<p>Bizler senin karde\u015flerin olarak her ge\u00e7en g\u00fcn artan sevgi ve sayg\u0131 ile an\u0131yoruz seni.<\/p>\n<p>Tutsaklara o karanl\u0131k g\u00fcnlerde umut verdin, \u0131\u015f\u0131k oldun. Uzun a\u00e7l\u0131k grevlerinin i\u00e7inde direni\u015f, dillerde tat oldun.<\/p>\n<p>Herg\u00fcn kulaklara f\u0131s\u0131lt\u0131yla dolan m\u00fccadele haberlerin, fiili direni\u015flerin enerjisi, sesi, \u00e7\u0131\u011fl\u0131\u011f\u0131 oldu.<\/p>\n<p>E\u011fer bug\u00fcn ya\u015f\u0131yorsak, e\u011fer bug\u00fcn nefes al\u0131yorsak, e\u011fer bug\u00fcn geride sa\u011f kalan annelerimize sar\u0131l\u0131p \u00f6p\u00fcyorsak, bir k\u0131sm\u0131m\u0131z \u00e7ocuklar\u0131m\u0131z\u0131n, e\u015flerimizin y\u00fczlerini g\u00f6rd\u00fcyse bunda senin, direnen annelerimizin pay\u0131 b\u00fcy\u00fckt\u00fcr. \u00c7ok b\u00fcy\u00fck emekleri vard\u0131r!<\/p>\n<p>Seninle beraber nizamiye \u00f6nlerinde, mahkeme salonlar\u0131nda, meclis yollar\u0131nda dayan\u0131p m\u00fccadele eden arkada\u015flar\u0131na, \u00a0direnen anne, baba, karde\u015f ve &#8221;gelinlerim &#8221; dedi\u011fin kad\u0131n yolda\u015flar\u0131m\u0131za \u00e7ok \u015fey bor\u00e7luyuz. Ve elbette S\u0131k\u0131y\u00f6netim askeri mahkemelerinde devrimcileri aslanlar gibi savunan avukatlar Nebi Barlas, Ali R\u0131za Dizdar, Ayhan Soysal, \u00a0Kemal Kele\u015fo\u011flu, G\u00fcl\u00e7in \u00c7ayl\u0131\u011fil, Sedat K\u00fc\u00e7\u00fcky\u0131lmaz ve Nesrin \u0130nceo\u011flu gibi de\u011ferli avukatlar\u0131m\u0131z\u0131 unutmad\u0131k.<\/p>\n<p>Unutmad\u0131k\u00a0 Didar Abla, senin \u00a0yol arkada\u015flar\u0131n\u0131, direni\u015fin \u00f6nc\u00fclerini\u2026<\/p>\n<p>Unutmad\u0131k!\u00a0 \u015eaziment \u015e\u00fcleko\u011flu, Ay\u015fenur Zarakolu, G\u00fclizar \u00c7a\u011flayan, Medine \u015eener, \u015e\u00fckriye Nazari, T\u00fclay S\u00f6nmez, Hatun Albayrak, Zehra Karahan, Alev \u00c7evik, Mesude Tatlav, Cevriye Biber, G\u00fcler Demirel, Nilg\u00fcn \u00d6ge, Avni Ba\u015far, \u015eehriban \u00c7a\u011flayan Tayhani,\u00a0 Z\u00fcbeyde Sarsmaz Filiz Aslaner \u00d6zg\u00fcrdamar, Arife \u00d6zbay, Bade Uygun,\u00a0 Vahide A\u00e7an,\u00a0 Hatay \u00c7atalkaya, Hayriye G\u00fcm\u00fc\u015f, Vasfiye Kaya, Aysel Kumonova, Feriha Nal\u00e7ac\u0131, Leman F\u0131rt\u0131na,\u00a0 Sacide \u00c7ekmeci, G\u00fczel \u015eahin, \u00a0Melahat Sarptunal\u0131, \u00dcmit Efe, \u00a0Mustafa Bayo\u011flu, Mustafa Bayram, Hasan A\u00e7an, H\u00fcseyin \u015eensoy,\u00a0 G\u00fcldane Uluk, Tang\u00fcl \u00d6zer, \u00dcmit Sezer, \u00a0Nimet Tanr\u0131kulu, Neriman Durmaz ve Sevin\u00e7 Yorganc\u0131 Bali\u00e7\u2019i\u2026Ve daha ismini sayamad\u0131\u011f\u0131m\u0131z anneler, karde\u015fleri\u2026<\/p>\n<p>Selimiye kaps\u0131nda d\u00f6v\u00fclerek al\u0131n\u0131p Metris cezaevi g\u00f6zetiminde 15 g\u00fcn tutulan 17 anneyi\u2026<\/p>\n<p>Selam olsun hepsine!<\/p>\n<p>Selam olsun her birini sayamad\u0131\u011f\u0131m\u0131z t\u00fcm y\u00fcrekli annelerimize\u2026<\/p>\n<p>S\u00f6z\u00fcm\u00fcz s\u00f6z Didar Abla, unutmayaca\u011f\u0131z, unutturmayaca\u011f\u0131z seni, sizleri.<\/p>\n<p>Sevgili Didar Ablam\u0131z, bizlere b\u0131rakt\u0131\u011f\u0131n\u0131z kararl\u0131, inat\u00e7\u0131, \u0131srarl\u0131 m\u00fccadele ve dayan\u0131\u015fma k\u00fclt\u00fcr\u00fcn\u00fc \u00f6rg\u00fctlenerek s\u00fcrd\u00fcrece\u011fiz.<\/p>\n<p>Biz k\u0131zlar\u0131n ve o\u011fullar\u0131n sana ve u\u011fruna topra\u011fa d\u00fc\u015ft\u00fc\u011f\u00fcn ya\u015fama sesleniyoruz:<\/p>\n<p>Anneyiz, babay\u0131z, karde\u015fiz,\u00a0 fabrikada i\u015f\u00e7i, tarlada \u00e7ift\u00e7i, meydanlarda Didar&#8217;\u0131z.<\/p>\n<p>Direniyor k\u0131zlar\u0131n ve o\u011fullar\u0131n,\u00a0 direnerek kuraca\u011f\u0131z gelecek \u00f6zg\u00fcr yar\u0131nlar\u0131.<\/p>\n<p>S\u00f6z\u00fcm\u00fcz var bizden \u00f6nce d\u00fc\u015fenlere, hep beraber elele y\u00fcr\u00fcyoruz bu yolda. Y\u00fcr\u00fcyece\u011fiz yery\u00fcz\u00fc \u00f6zg\u00fcrle\u015finceye kadar.<\/p>\n<p>\u2026\u2026\u2026<\/p>\n<p>&nbsp;<\/p>\n","protected":false},"excerpt":{"rendered":"<p>Bizler senin karde\u015flerin olarak her ge\u00e7en g\u00fcn artan sevgi ve sayg\u0131 ile an\u0131yoruz seni. Tutsaklara o karanl\u0131k g\u00fcnlerde umut verdin,<\/p>\n","protected":false},"author":1,"featured_media":5120,"comment_status":"closed","ping_status":"closed","sticky":false,"template":"","format":"standard","meta":{"footnotes":""},"categories":[72],"tags":[],"class_list":["post-5119","post","type-post","status-publish","format-standard","has-post-thumbnail","hentry","category-guncel"],"_links":{"self":[{"href":"https:\/\/dkder.org\/index.php\/wp-json\/wp\/v2\/posts\/5119","targetHints":{"allow":["GET"]}}],"collection":[{"href":"https:\/\/dkder.org\/index.php\/wp-json\/wp\/v2\/posts"}],"about":[{"href":"https:\/\/dkder.org\/index.php\/wp-json\/wp\/v2\/types\/post"}],"author":[{"embeddable":true,"href":"https:\/\/dkder.org\/index.php\/wp-json\/wp\/v2\/users\/1"}],"replies":[{"embeddable":true,"href":"https:\/\/dkder.org\/index.php\/wp-json\/wp\/v2\/comments?post=5119"}],"version-history":[{"count":6,"href":"https:\/\/dkder.org\/index.php\/wp-json\/wp\/v2\/posts\/5119\/revisions"}],"predecessor-version":[{"id":5126,"href":"https:\/\/dkder.org\/index.php\/wp-json\/wp\/v2\/posts\/5119\/revisions\/5126"}],"wp:featuredmedia":[{"embeddable":true,"href":"https:\/\/dkder.org\/index.php\/wp-json\/wp\/v2\/media\/5120"}],"wp:attachment":[{"href":"https:\/\/dkder.org\/index.php\/wp-json\/wp\/v2\/media?parent=5119"}],"wp:term":[{"taxonomy":"category","embeddable":true,"href":"https:\/\/dkder.org\/index.php\/wp-json\/wp\/v2\/categories?post=5119"},{"taxonomy":"post_tag","embeddable":true,"href":"https:\/\/dkder.org\/index.php\/wp-json\/wp\/v2\/tags?post=5119"}],"curies":[{"name":"wp","href":"https:\/\/api.w.org\/{rel}","templated":true}]}}