{"id":5127,"date":"2026-08-31T19:49:26","date_gmt":"2026-08-31T19:49:26","guid":{"rendered":"https:\/\/dkder.org\/?p=5127"},"modified":"2026-09-01T03:55:30","modified_gmt":"2026-09-01T03:55:30","slug":"bugun-1-eylul-etkinlikler-ve-gundemden","status":"publish","type":"post","link":"https:\/\/dkder.org\/index.php\/2026\/08\/31\/bugun-1-eylul-etkinlikler-ve-gundemden\/","title":{"rendered":"BUG\u00dcN( 1 EYL\u00dcL) ETK\u0130NL\u0130KLER VE G\u00dcNDEMDEN"},"content":{"rendered":"<p>\u0130STANBUL<\/p>\n<p>Bug\u00fcn saat 12.00\u2019de, \u00a0\u0130nsan Haklar\u0131 savunucu, \u0130HD kurucular\u0131ndan, 1 Eyl\u00fcl 1987\u2019de, \u0130stanbul Ankara aras\u0131 hapishanelerdeki tutsaklara destek ama\u00e7l\u0131 TBMM\u2019ye y\u00fcr\u00fcy\u00fc\u015f s\u0131ras\u0131nda, TBMM \u00f6n\u00fcnde ya\u015fam\u0131n\u0131 yitiren Didar \u015eensoy, Ferik\u00f6y Mezarl\u0131\u011f\u0131nda an\u0131lacak.(Bulu\u015fma saat 11.30, mezarl\u0131k giri\u015fi).<\/p>\n<p>\u2026\u2026..<\/p>\n<p>Bug\u00fcn saat 18.30&#8217;da, Emek, Bar\u0131\u015f ve Demokrasi G\u00fc\u00e7leri, 1 Eyl\u00fcl D\u00fcnya Bar\u0131\u015f G\u00fcn\u00fc nedeniyle Kad\u0131k\u00f6y Bo\u011fa&#8217;dan \u0130skeleye y\u00fcr\u00fcy\u00fc\u015f yapacak ve a\u00e7\u0131klamada bulunacak.<\/p>\n<p>Bug\u00fcn saat 13.30\u2019da, \u0130stanbul Alevi Kurumlar\u0131, \u00a0\u2018Nefret Su\u00e7lar\u0131 Cezas\u0131z Kalmas\u0131n\u2019 diye Kemal \u00d6zt\u00fcrk ve Altan Tan hakk\u0131nda \u0130stanbul Adalet Saray\u0131\u2019nda (\u00c7a\u011flayan) su\u00e7 duyurusunda bulunacak, saat 14.30\u2019da ise kamuoyuna y\u00f6nelik bas\u0131n a\u00e7\u0131klamam\u0131z\u0131 ger\u00e7ekle\u015ftirecek.<\/p>\n<p>\u0130ZM\u0130R<\/p>\n<p>Bug\u00fcn saat 18.30&#8217;da \u0130zmir Emek ve Demokrasi G\u00fc\u00e7leri, 1 Eyl\u00fcl D\u00fcnya Bar\u0131\u015f G\u00fcn\u00fc nedeniyle, \u00a0Alsancak \u00d6SYM \u00f6n\u00fcnde bulu\u015fup, TSKM \u00f6n\u00fcnde a\u00e7\u0131klama yap\u0131l\u0131p, denize karanfil ataca\u011f\u0131z.<\/p>\n<p>\u2026..<\/p>\n<p>Bug\u00fcn saat 12.30\u2019da, \u0130HD \u0130zmir \u015eubesi taraf\u0131ndan, \u015fube binas\u0131nda, \u0130HD E\u015e Genel Ba\u015fkan\u0131 Cihan Ayd\u0131n\u2019\u0131n kat\u0131l\u0131m\u0131yla, 1 Eyl\u00fcl D\u00fcnya Bar\u0131\u015f g\u00fcn\u00fc nedeniyle bas\u0131n a\u00e7\u0131klamas\u0131 yap\u0131lacak.<\/p>\n<p>\u2026\u2026<\/p>\n<p>Bug\u00fcn saat 15.00\u201317.0\u2019de, Barohan \u0130\u015f Merkezi, 6. Kat \u2013 Nevzat Erdemir Salonunda Yar\u0131mada\u2019n\u0131n yan\u0131 s\u0131ra Kaz Da\u011flar\u0131\u2019n\u0131n do\u011fal ve k\u00fclt\u00fcrel varl\u0131klar\u0131n\u0131n korunmas\u0131, do\u011fayla uyumlu ya\u015fam, \u00e7evresel de\u011ferlerin gelecek ku\u015faklara aktar\u0131lmas\u0131 ve yerel \u00f6l\u00e7ekte y\u00fcr\u00fct\u00fclen do\u011fa m\u00fccadelesi s\u00f6yle\u015fi ger\u00e7ekle\u015ftirilecek.<\/p>\n<p>ANKARA<\/p>\n<p>Bug\u00fcn saat 18.30\u2019da, Ankara Emek ve Demokrasi G\u00fc\u00e7leri, Kolejde toplan\u0131p \u2018Bar\u0131\u015fa A\u00e7\u0131lan Yoldan M\u00fccadeleye Devam\u2019 y\u00fcr\u00fcy\u00fc\u015f\u00fc ve a\u00e7\u0131klama yap\u0131lacak.<\/p>\n<p>\u2026..<\/p>\n<p>Bug\u00fcn saat 13.00\u2019de, Ordu \u00dcnye \u00dc\u00e7p\u0131nar k\u00f6yl\u00fcleri \u00c7ED olumlu raporuna itiraz etmek i\u00e7in \u00c7evre ve \u015eehircilik Bakanl\u0131\u011f\u0131 \u00f6n\u00fcnde bas\u0131n a\u00e7\u0131klamas\u0131 yapacak, saat 14:00&#8242; de Bakanl\u0131kta toplant\u0131 olacak.<\/p>\n<p>\u2026\u2026.<\/p>\n<p>Bug\u00fcn saat 18.00\u2019de, Bilim Sanat ve Edebiyat Derne\u011fi taraf\u0131ndan, Rasa Cafe. Selanik Caddesi no: 74 K\u0131z\u0131lay Adresinde, \u2018Bar\u0131\u015fa Sanatla Y\u00fcr\u00fcmek\u2019 \u015fiir okumalar\u0131 ve m\u00fczik etkinli\u011fi ger\u00e7ekle\u015ftirilecek.<\/p>\n<p>D\u0130YARBAKIR<\/p>\n<p>Bug\u00fcn saat 18.00\u2019de, Demokratik Kurumlar Platformu taraf\u0131ndan 1 Eyl\u00fcl D\u00fcnya Bar\u0131\u015f G\u00fcn\u00fc dolay\u0131s\u0131yla Diyarbak\u0131r\u2019da y\u00fcr\u00fcy\u00fc\u015f d\u00fczenlenecek. Halklar\u0131n E\u015fitlik ve Demokrasi Partisi (DEM Parti) Rezan (Ba\u011flar) il\u00e7e binas\u0131 \u00f6n\u00fcnden Yeni\u015fehir \u0130l\u00e7esi Ofis semti AZC Plaza \u00f6n\u00fcne kadar s\u00fcrecek.<\/p>\n<p>\u2026\u2026<\/p>\n<p>T\u00fcrkiye \u0130\u015f\u00e7i Sendikalar\u0131 Konfederasyonu (T\u00dcRK-\u0130\u015e), A\u011fustos 2026 d\u00f6nemine ili\u015fkin A\u00e7l\u0131k ve Yoksulluk S\u0131n\u0131r\u0131 Ara\u015ft\u0131rmas\u0131&#8217;n\u0131n sonu\u00e7lar\u0131n\u0131 kamuoyuyla payla\u015ft\u0131. A\u00e7l\u0131k s\u0131n\u0131r\u0131 37 bin 388 TL&#8217;ye, yoksulluk s\u0131n\u0131r\u0131 121 bin 786 TL&#8217;ye y\u00fckseldi.<\/p>\n<p>\u2026..<\/p>\n<p>Samsun\u2019da demirli Volgo-Don 5021 gemisinde aylard\u0131r \u00f6denmeyen \u00fccretleri i\u00e7in gemiyi terk etmeyerek fiili grev ba\u015flatan deniz i\u015f\u00e7ileri kazand\u0131. T\u00fcrkiye limanlar\u0131nda bilinen ilk fiili \u00fccret grevini \u00f6rg\u00fctl\u00fc m\u00fccadeleyle zafere ta\u015f\u0131yan i\u015f\u00e7iler, alacaklar\u0131n\u0131n \u00f6nemli b\u00f6l\u00fcm\u00fcn\u00fc tahsil ederken kalan \u00fccretlerinin \u00f6denmesini de yaz\u0131l\u0131 taahh\u00fct alt\u0131na ald\u0131.<\/p>\n<p>\u2026\u2026<\/p>\n<p>Adalet Pe\u015finde Aileleri Platformu, yar\u0131n ba\u015flayacak yeni adli y\u0131l \u00f6ncesinde deprem davalar\u0131na ili\u015fkin \u00c7a\u011fda\u015f Hukuk\u00e7ular Derne\u011fi&#8217;nde bas\u0131n toplant\u0131s\u0131 d\u00fczenledi. Depremda yak\u0131nlar\u0131n\u0131 kaybeden Avukat Eren Can ve Avukat Duygu \u0130neg\u00f6ll\u00fc bas\u0131n a\u00e7\u0131klamas\u0131n\u0131 yapt\u0131. Avukat Duygu \u0130neg\u00f6ll\u00fc, 4 y\u0131ld\u0131r ya\u015fanan dava durumlar\u0131na ili\u015fkin bilgiler verdi.\u00a0Avukat Eren Can ise &#8220;acil taleplerini&#8221; s\u0131ralad\u0131.<\/p>\n<p>\u2026..<\/p>\n<p>\u0130zmir&#8217;in \u00c7i\u011fli il\u00e7esinde 14 Ocak&#8217;ta \u015f\u00fcpheli \u015fekilde ya\u015fam\u0131n\u0131 yitiren eski \u0130HD \u0130zmir \u015eubesi E\u015fba\u015fkan\u0131 Ali Ayd\u0131n&#8217;\u0131n \u00f6l\u00fcm\u00fcyle ilgili davan\u0131n ilk duru\u015fmas\u0131 2 Eyl\u00fcl&#8217;de Kar\u015f\u0131yaka 1. A\u011f\u0131r Ceza Mahkemesi&#8217;nde g\u00f6r\u00fclecek. Dava \u00f6ncesi Ayd\u0131n&#8217;\u0131n e\u015fi K\u0131zbes Ayd\u0131n, \u0130zmir Barosu, \u00d6HD, \u00c7HD ve \u0130HD, baro binas\u0131nda bas\u0131n toplant\u0131s\u0131 d\u00fczenledi.<\/p>\n<p>\u2026\u2026<\/p>\n<p>Kamu Emek\u00e7ileri Sendikalar\u0131 Konfederasyonu (KESK), 4-6 Eyl\u00fcl\u2019de \u201cMiras\u0131m\u0131z direni\u015f, s\u00f6z\u00fcm\u00fcz m\u00fccadele\u201d \u015fiar\u0131yla ger\u00e7ekle\u015ftirece\u011fi 3. KESK Kad\u0131n Kurultay\u0131na dair bas\u0131n toplant\u0131s\u0131 d\u00fczenledi. Tar\u0131m ve Ormanc\u0131l\u0131k Hizmet Kolu Kamu Emek\u00e7ileri Sendikas\u0131 (TARIM ORKAM-SEN) Genel Merkezi\u2019nde d\u00fczenlenen toplant\u0131da a\u00e7\u0131klamay\u0131 KESK Kad\u0131n Sekreteri D\u00f6ne Gevher okudu.<\/p>\n<p>\u2026..<\/p>\n<p>\u00c7anakkale zaten 5 faal termik santralin g\u00f6lgesinde ya\u015f\u0131yor. \u015eimdi Cengiz Holding, Karabiga\u2019daki mevcut CENAL Termik Santrali\u2019ne \u201ckapasite art\u0131\u015f\u0131\u201d ad\u0131 alt\u0131nda\u00a0ithal k\u00f6m\u00fcrle \u00e7al\u0131\u015facak 1050 MW\u2019l\u0131k devasa bir yeni \u00fcnite\u00a0eklemek istiyor. \u00c7anakkale\u2019de yeni k\u00f6m\u00fcr santralini durdurmak i\u00e7in imza kampanyas\u0131 ba\u015flat\u0131ld\u0131.<\/p>\n<p>\u2026.<\/p>\n<p>Hopa&#8217;daki sendika ve sivil toplum \u00f6rg\u00fctleri ile yurtta\u015flar, Ba\u011f\u0131ms\u0131z Maden-\u0130\u015f Sendikas\u0131 Genel Ba\u015fkan\u0131 G\u00f6kay \u00c7ak\u0131r ve \u00d6rg\u00fctlenme Uzman\u0131 Ba\u015faran Aksu&#8217;nun tutuklanmas\u0131n\u0131 protesto etti. Hopa Park\u0131\u2019nda bir araya gelen kitle, &#8220;Sendikac\u0131l\u0131k su\u00e7 de\u011fildir G\u00f6kay \u00c7ak\u0131r ve Ba\u015faran Aksu serbest b\u0131rak\u0131ls\u0131n&#8221; yaz\u0131l\u0131 pankart a\u00e7arak Metin Lokumcu Meydan\u0131&#8217;na do\u011fru y\u00fcr\u00fcy\u00fc\u015fe ge\u00e7ti. Y\u00fcr\u00fcy\u00fc\u015f boyunca &#8220;Direne direne kazanaca\u011f\u0131z&#8221; slogan at\u0131ld\u0131.<\/p>\n<p>\u2026.<\/p>\n<p>Sincan Kad\u0131n Kapal\u0131 Cezaevi&#8217;nde 32 y\u0131ld\u0131r tutsak edilen G\u00fcl\u015fen Adet&#8217;in tahliyesi, \u0130dare ve G\u00f6zlem Kurulu taraf\u0131ndan 6&#8217;nc\u0131 kez uzat\u0131ld\u0131. 2024&#8217;ten bu yana tahliyesi engellenen G\u00fcl\u015fen Adet&#8217;in tahliyesi 1 y\u0131l daha ertelendi. G\u00fcl\u015fen Adet\u2019in bir sonraki \u0130dare ve G\u00f6zlem Kurulu toplant\u0131 tarihi 26 A\u011fustos 2027&#8217;ye ertelendi.<\/p>\n","protected":false},"excerpt":{"rendered":"<p>\u0130STANBUL Bug\u00fcn saat 12.00\u2019de, \u00a0\u0130nsan Haklar\u0131 savunucu, \u0130HD kurucular\u0131ndan, 1 Eyl\u00fcl 1987\u2019de, \u0130stanbul Ankara aras\u0131 hapishanelerdeki tutsaklara destek ama\u00e7l\u0131 TBMM\u2019ye<\/p>\n","protected":false},"author":1,"featured_media":4835,"comment_status":"closed","ping_status":"closed","sticky":false,"template":"","format":"standard","meta":{"footnotes":""},"categories":[72],"tags":[],"class_list":["post-5127","post","type-post","status-publish","format-standard","has-post-thumbnail","hentry","category-guncel"],"_links":{"self":[{"href":"https:\/\/dkder.org\/index.php\/wp-json\/wp\/v2\/posts\/5127","targetHints":{"allow":["GET"]}}],"collection":[{"href":"https:\/\/dkder.org\/index.php\/wp-json\/wp\/v2\/posts"}],"about":[{"href":"https:\/\/dkder.org\/index.php\/wp-json\/wp\/v2\/types\/post"}],"author":[{"embeddable":true,"href":"https:\/\/dkder.org\/index.php\/wp-json\/wp\/v2\/users\/1"}],"replies":[{"embeddable":true,"href":"https:\/\/dkder.org\/index.php\/wp-json\/wp\/v2\/comments?post=5127"}],"version-history":[{"count":1,"href":"https:\/\/dkder.org\/index.php\/wp-json\/wp\/v2\/posts\/5127\/revisions"}],"predecessor-version":[{"id":5128,"href":"https:\/\/dkder.org\/index.php\/wp-json\/wp\/v2\/posts\/5127\/revisions\/5128"}],"wp:featuredmedia":[{"embeddable":true,"href":"https:\/\/dkder.org\/index.php\/wp-json\/wp\/v2\/media\/4835"}],"wp:attachment":[{"href":"https:\/\/dkder.org\/index.php\/wp-json\/wp\/v2\/media?parent=5127"}],"wp:term":[{"taxonomy":"category","embeddable":true,"href":"https:\/\/dkder.org\/index.php\/wp-json\/wp\/v2\/categories?post=5127"},{"taxonomy":"post_tag","embeddable":true,"href":"https:\/\/dkder.org\/index.php\/wp-json\/wp\/v2\/tags?post=5127"}],"curies":[{"name":"wp","href":"https:\/\/api.w.org\/{rel}","templated":true}]}}