{"id":5145,"date":"2026-09-05T06:09:47","date_gmt":"2026-09-05T06:09:47","guid":{"rendered":"https:\/\/dkder.org\/?p=5145"},"modified":"2026-09-05T06:28:23","modified_gmt":"2026-09-05T06:28:23","slug":"bugun05-eylul-ulke-gundeminden","status":"publish","type":"post","link":"https:\/\/dkder.org\/index.php\/2026\/09\/05\/bugun05-eylul-ulke-gundeminden\/","title":{"rendered":"BUG\u00dcN(05 EYL\u00dcL) \u00dcLKE G\u00dcNDEM\u0130NDEN"},"content":{"rendered":"<p>\u0130STANBUL<\/p>\n<p>Bug\u00fcn saat 12.00\u2019de, Cumartesi Anneleri, bin 1119&#8217;uncu haftas\u0131nda, Galatasaray Meydan\u0131nda, g\u00f6zalt\u0131nda kay\u0131plar\u0131n bulunmas\u0131 ve adalet i\u00e7in \u00e7a\u011fr\u0131s\u0131n\u0131 s\u00fcrd\u00fcrecek.<\/p>\n<p>\u2026..<\/p>\n<p>Bug\u00fcn saat 13.30\u2019da, \u0130HD \u0130stanbul \u015eubesi Hapishane Komisyonu, 754 hafta, \u015eube \u00f6n\u00fcnde, hasta tutuklu Kadir Karabak ve hasta tutsaklar\u0131n serbest b\u0131rak\u0131lmas\u0131 i\u00e7in \u00e7a\u011fr\u0131 yapacak.<\/p>\n<p>\u2026.<\/p>\n<p>Bug\u00fcn saat 15.00\u2019de, \u0130HD Irk\u00e7\u0131l\u0131k ve Ayr\u0131mc\u0131l\u0131\u011fa Kar\u015f\u0131 Komisyon taraf\u0131ndan, \u0130HD \u0130stanbul \u015eubesinde, \u00a0Serdar Korucu ile kitab\u0131 \u00fczerinden\u2019 5-6 Eyl\u00fcl 1955 Pogromu \u00fczerine s\u00f6yle\u015fi ger\u00e7ekle\u015ftirilecek.<\/p>\n<p>\u2026..<\/p>\n<p>Bug\u00fcn saat 13.00-16.00 aras\u0131nda, GADEV Kitap fuar\u0131 b\u00fcnyesinde Garip Dede Cemevi&#8217;nde, &#8220;Ge\u00e7mi\u015ften bug\u00fcne Alevi inan\u00e7 gelene\u011fi ve ocaklar ve Ortado\u011fu yeniden kurulurken Aleviler&#8221; konular\u0131nda panel d\u00fczenlenecek.<\/p>\n<p>\u2026..<\/p>\n<p>\u0130ZM\u0130R<\/p>\n<p>Bug\u00fcn saat 13.00\u2019de, \u0130HD \u0130zmir \u015eubesi, 385. Haftas\u0131nda, Konak eski S\u00fcmerbank \u00f6n\u00fcnde, G\u00f6zlem Kurulu karar\u0131yla \u00fc\u00e7\u00fcnc\u00fc kez cezas\u0131 engellenen hasta mahpus Mehmet Sait Y\u0131ld\u0131r\u0131m ve a\u011f\u0131r hasta mahpuslar\u0131n serbest b\u0131rak\u0131lmas\u0131 i\u00e7in a\u00e7\u0131klama yapacak.<\/p>\n<p>ANKARA<\/p>\n<p>Bug\u00fcn saat 13.30\u2019da, Hasta Tutsaklara \u00d6zg\u00fcrl\u00fck \u0130nsiyatifi, hasta tutsaklara \u00f6zg\u00fcrl\u00fck i\u00e7in Sakarya caddesinde a\u00e7\u0131klama yapacak.<\/p>\n<p>&#8230;..<\/p>\n<p>Bug\u00fcn saat 18.00\u2019de, Fikri S\u00f6nmez Vakf\u0131 taraf\u0131ndan, \u00a0M\u00fclkiyeliler Birli\u011fi_Teras Kat\u2019ta, \u2018D\u00fcnden Bug\u00fcne Fatsa Fikri\u2019 s\u00f6yle\u015fisi ve imza t\u00f6reni ger\u00e7ekle\u015ftirilecek.<\/p>\n<p>D\u0130YARBAKIR-HAKKAR\u0130-BATMAN<\/p>\n<p>Bug\u00fcn saat 12.00\u2019de, Diyarbak\u0131r, Hakkari ve Batman\u2019da &#8220;Kay\u0131plar bulunsun, failler yarg\u0131lans\u0131n&#8221; eylemeleri s\u00fcrecek.\u201d<\/p>\n<p>\u2026\u2026<\/p>\n<p>10 g\u00fcnd\u00fcr tutuklu bulunan Ba\u011f\u0131ms\u0131z Maden-\u0130\u015f Genel Ba\u015fkan\u0131 G\u00f6kay \u00c7ak\u0131r ve sendikan\u0131n \u00f6rg\u00fctlenme uzman\u0131 Ba\u015faran Aksu hakk\u0131nda tahliye karar\u0131 verildi.<\/p>\n<p>\u2026\u2026.<\/p>\n<p>\u00c7HD \u0130stanbul \u015eubesi \u00c7a\u011flayan\u2019da bulunan \u0130stanbul Adliyesi C kap\u0131s\u0131 \u00f6n\u00fcnde d\u00fczenledi\u011fi bas\u0131n a\u00e7\u0131klamas\u0131nda tutsak edilen avukatlar\u0131n serbest b\u0131rak\u0131lmas\u0131n\u0131 istedi.<\/p>\n<p>\u2026..<\/p>\n<p>Soru\u015fturma kapsam\u0131nda ETHA \u00e7al\u0131\u015fanlar\u0131 P\u0131nar Gay\u0131p, Nadiye G\u00fcrb\u00fcz ve Elif Bayburt da tutuklanm\u0131\u015ft\u0131.Gazeteciler hakk\u0131nda haz\u0131rlanan iddianame, tutukluluklar\u0131n\u0131n \u00fczerinden yakla\u015f\u0131k yedi ay ge\u00e7tikten sonra tamamland\u0131. \u00dc\u00e7 gazetecinin ilk duru\u015fma tarihleri de belli oldu.Gay\u0131p, 14 Eyl\u00fcl\u2019de \u0130stanbul 23. A\u011f\u0131r Ceza Mahkemesi\u2019nde; G\u00fcrb\u00fcz, 15 Eyl\u00fcl\u2019de 25. A\u011f\u0131r Ceza Mahkemesi\u2019nde; Bayburt ise 29 Eyl\u00fcl\u2019de 24. A\u011f\u0131r Ceza Mahkemesi\u2019nde hakim kar\u015f\u0131s\u0131na \u00e7\u0131kacak.<\/p>\n<p>\u2026\u2026.<\/p>\n<p>\u0130HD\u2019nin 2025 Y\u0131l\u0131 Hak \u0130hlalleri Raporu, \u00e7at\u0131\u015fmal\u0131 s\u00fcre\u00e7 geride kalsa da hak ihlallerinin a\u011f\u0131rla\u015ft\u0131\u011f\u0131n\u0131 g\u00f6sterdi. \u0130\u015f cinayetlerinde 2 bin 105 ki\u015fi ya\u015fam\u0131n\u0131 yitirirken; 27 belediyeye kayyum atand\u0131, 42 gazeteci tutukland\u0131.<\/p>\n<p>\u2026\u2026<\/p>\n<p>Komedyen Deniz G\u00f6kta\u015f hakk\u0131nda \u201cCumhurba\u015fkan\u0131na hakaret\u201d, \u201chalk\u0131 kin ve d\u00fc\u015fmanl\u0131\u011fa tahrik\u201d ve \u201csu\u00e7u ve su\u00e7luyu \u00f6vme\u201d su\u00e7lamalar\u0131yla iddianame haz\u0131rland\u0131. Savc\u0131l\u0131k, G\u00f6kta\u015f hakk\u0131nda 2 y\u0131l 8 aydan, 12 y\u0131l 2 aya kadar hapis cezas\u0131 talep etti.<\/p>\n<p>\u2026.<\/p>\n<p>\u0130stanbul Esenyurt\u2019ta 10 Ekim 2025&#8217;te katledilen gazeteci Hakan Tosun i\u00e7in ailesi ve arkada\u015flar\u0131 taraf\u0131ndan, Maltepe\u2019de bulunan Mimarlar Odas\u0131 Konferans salonunda anma d\u00fczenlendi.Anmada konu\u015fmalar\u0131n yan\u0131s\u0131ra sinevizyon g\u00f6sterimi yap\u0131ld\u0131. \u00a0Ayr\u0131ca, 22 Eyl\u00fcl\u2019de yap\u0131lacak olan Tosun dava duru\u015fmas\u0131na kat\u0131l\u0131m \u00e7a\u011fr\u0131s\u0131 yapan bro\u015f\u00fcrler da\u011f\u0131t\u0131ld\u0131.<\/p>\n<p>\u2026..<\/p>\n<p>Okullar\u0131n a\u00e7\u0131lmas\u0131na say\u0131l\u0131 g\u00fcnler kala e\u011fitim masraflar\u0131ndaki art\u0131\u015fa dikkat \u00e7eken Emek Partisi Kocaeli \u0130l \u00d6rg\u00fct\u00fc, \u0130zmit Belediye \u0130\u015f Han\u0131 \u00f6n\u00fcnde bas\u0131n a\u00e7\u0131klamas\u0131 ger\u00e7ekle\u015ftirdi.Emek Partisi Kocaeli \u0130l \u00d6rg\u00fct\u00fc, e\u011fitimin faturas\u0131n\u0131n ailelerin s\u0131rt\u0131na y\u00fcklendi\u011fini belirterek, e\u011fitimin kamusal bir hak oldu\u011funu ve t\u00fcm \u00e7ocuklar\u0131n e\u015fit, paras\u0131z ve nitelikli e\u011fitime eri\u015fmesi gerekti\u011fini s\u00f6yledi.<\/p>\n<p><em>\u2026\u2026<\/em><\/p>\n<p>K\u0131br\u0131s T\u00fcrk Amme Memurlar\u0131 Sendikas\u0131 ve K\u0131br\u0131s \u0130\u015f\u00e7i ve Emek\u00e7i Sendikalar\u0131 Federasyonu y\u00f6neticileri Birle\u015fik Metal-\u0130\u015f&#8217;i ziyaret etti. G\u00f6r\u00fc\u015fmede ekonomik kriz, hayat pahal\u0131l\u0131\u011f\u0131, sendikal m\u00fccadele ve Girne a\u00e7\u0131klar\u0131ndaki deniz facias\u0131 ele al\u0131nd\u0131.<\/p>\n<p>\u2026\u2026<\/p>\n<h2>Mu\u011fla\u2019da iki kez \u00c7ED karar\u0131 iptal edilen Bay\u0131r-De\u015ftin Entegre \u00c7imento Fabrikas\u0131 projesine \u00fc\u00e7\u00fcnc\u00fc kez verilen \u201c\u00c7ED olumlu\u201d karar\u0131na kar\u015f\u0131 hukuki m\u00fccadele s\u00fcr\u00fcyor. Y\u00f6re halk\u0131, son bilirki\u015fi raporunun ba\u011f\u0131ms\u0131zl\u0131\u011f\u0131na ili\u015fkin tart\u0131\u015fmalar\u0131n ard\u0131ndan Mu\u011fla \u0130dare Mahkemesi \u00f6n\u00fcnde \u201cadalet n\u00f6beti\u201d ba\u015flatt\u0131.<\/h2>\n","protected":false},"excerpt":{"rendered":"<p>\u0130STANBUL Bug\u00fcn saat 12.00\u2019de, Cumartesi Anneleri, bin 1119&#8217;uncu haftas\u0131nda, Galatasaray Meydan\u0131nda, g\u00f6zalt\u0131nda kay\u0131plar\u0131n bulunmas\u0131 ve adalet i\u00e7in \u00e7a\u011fr\u0131s\u0131n\u0131 s\u00fcrd\u00fcrecek. \u2026..<\/p>\n","protected":false},"author":1,"featured_media":4835,"comment_status":"closed","ping_status":"closed","sticky":false,"template":"","format":"standard","meta":{"footnotes":""},"categories":[72],"tags":[],"class_list":["post-5145","post","type-post","status-publish","format-standard","has-post-thumbnail","hentry","category-guncel"],"_links":{"self":[{"href":"https:\/\/dkder.org\/index.php\/wp-json\/wp\/v2\/posts\/5145","targetHints":{"allow":["GET"]}}],"collection":[{"href":"https:\/\/dkder.org\/index.php\/wp-json\/wp\/v2\/posts"}],"about":[{"href":"https:\/\/dkder.org\/index.php\/wp-json\/wp\/v2\/types\/post"}],"author":[{"embeddable":true,"href":"https:\/\/dkder.org\/index.php\/wp-json\/wp\/v2\/users\/1"}],"replies":[{"embeddable":true,"href":"https:\/\/dkder.org\/index.php\/wp-json\/wp\/v2\/comments?post=5145"}],"version-history":[{"count":2,"href":"https:\/\/dkder.org\/index.php\/wp-json\/wp\/v2\/posts\/5145\/revisions"}],"predecessor-version":[{"id":5149,"href":"https:\/\/dkder.org\/index.php\/wp-json\/wp\/v2\/posts\/5145\/revisions\/5149"}],"wp:featuredmedia":[{"embeddable":true,"href":"https:\/\/dkder.org\/index.php\/wp-json\/wp\/v2\/media\/4835"}],"wp:attachment":[{"href":"https:\/\/dkder.org\/index.php\/wp-json\/wp\/v2\/media?parent=5145"}],"wp:term":[{"taxonomy":"category","embeddable":true,"href":"https:\/\/dkder.org\/index.php\/wp-json\/wp\/v2\/categories?post=5145"},{"taxonomy":"post_tag","embeddable":true,"href":"https:\/\/dkder.org\/index.php\/wp-json\/wp\/v2\/tags?post=5145"}],"curies":[{"name":"wp","href":"https:\/\/api.w.org\/{rel}","templated":true}]}}