{"id":5150,"date":"2026-09-06T06:20:45","date_gmt":"2026-09-06T06:20:45","guid":{"rendered":"https:\/\/dkder.org\/?p=5150"},"modified":"2026-09-06T06:20:51","modified_gmt":"2026-09-06T06:20:51","slug":"bugun-06-eylul-ulke-gundeminden","status":"publish","type":"post","link":"https:\/\/dkder.org\/index.php\/2026\/09\/06\/bugun-06-eylul-ulke-gundeminden\/","title":{"rendered":"BUG\u00dcN (06 EYL\u00dcL) \u00dcLKE G\u00dcNDEM\u0130NDEN"},"content":{"rendered":"<p>ANKARA<\/p>\n<p>Bug\u00fcn saat 10.00\u2019da, DEM Parti, 5&#8217;inci Ola\u011fan B\u00fcy\u00fck Kongresi&#8217;ni Yenimahalle Naz\u0131m Hikmet K\u00fclt\u00fcr Merkezi&#8217;nde ger\u00e7ekle\u015ftirecek.<\/p>\n<p>MU\u015e<\/p>\n<p>Bug\u00fcn saat 12.00-21.00 aras\u0131nda, Varto\u2019da,JES projesine kar\u015f\u0131 ba\u015flat\u0131lan n\u00f6bet eylemi 126\u2019nc\u0131 g\u00fcn\u00fcnde devam edecek.<\/p>\n<p>\u0130STANBUL<\/p>\n<p>Bug\u00fcn saat 13.00\u2019de, Garip Dede Dergah\u0131 Vakf\u0131\u2019n\u0131n (GADEV) d\u00fczenledi\u011fi kitap fuar\u0131\u00a0 \u2018Erken cumhuriyet bas\u0131n\u0131nda K\u0131z\u0131lba\u015fl\u0131k halleri\u2019, saat 16.00\u2019da ise \u2018Alevilerin hak m\u00fccadelesinde e\u015fit yurtta\u015fl\u0131k ve gelecek\u2019 panel d\u00fczenlenecek. Sanat\u00e7\u0131 H\u00fcseyin Korkankorkmaz ve Y\u0131lmaz \u00c7elik\u2019in konseri yap\u0131lacak.<\/p>\n<p>\u2026\u2026.<\/p>\n<p>Resmi Gazete&#8217;de yay\u0131mlanan kararla \u0130stanbul&#8217;da yer alan Bo\u011fazi\u00e7i K\u00f6pr\u00fcs\u00fc ve Fatih Sultan Mehmet K\u00f6pr\u00fcs\u00fc dahil olmak \u00fczere pek \u00e7ok otoyol i\u00e7in \u00f6zelle\u015ftirme karar\u0131 al\u0131nd\u0131. Hazine Bakanl\u0131\u011f\u0131&#8217;ndan yap\u0131lan a\u00e7\u0131klamada yap\u0131lan i\u015flemin sat\u0131\u015f de\u011fil i\u015fletme hakk\u0131n\u0131n devri oldu\u011fu belirtildi.<\/p>\n<p>\u2026\u2026<\/p>\n<p>Cumartesi Anneleri 1119. hafta bulu\u015fmas\u0131nda, 33 y\u0131l \u00f6nce \u015e\u0131rnak&#8217;ta ka\u00e7\u0131r\u0131lan ve i\u015fkenceye maruz b\u0131rak\u0131lm\u0131\u015f cans\u0131z bedeni bulunan Fethi Ild\u0131r\u2019\u0131n ya\u015fad\u0131klar\u0131 anlat\u0131ld\u0131. A\u00e7\u0131klamada, zorla kaybetme su\u00e7lar\u0131nda cezas\u0131zl\u0131\u011f\u0131n devletin soru\u015fturma yapamamas\u0131yla ve faillerin \u00fczerine gitmemesiyle olu\u015ftu\u011fu vurguland\u0131.<\/p>\n<p>\u2026\u2026<\/p>\n<p>Birle\u015fik Kamu-\u0130\u015f Konfederasyonu, k\u00f6pr\u00fc ve otoyollar\u0131n \u00f6zelle\u015ftirilmesini \u00f6ng\u00f6ren Cumhurba\u015fkan\u0131 Karar\u0131\u2019n\u0131n iptali i\u00e7in Dan\u0131\u015ftay\u2019da dava a\u00e7t\u0131\u011f\u0131n\u0131 duyurdu.<\/p>\n<p>\u2026..<\/p>\n<p>\u0130nsan Haklar\u0131 Derne\u011fi (\u0130HD) \u0130stanbul \u015eubesi, 6-7 Eyl\u00fcl olaylar\u0131n\u0131n y\u0131l d\u00f6n\u00fcm\u00fc dolay\u0131s\u0131yla forum d\u00fczenledi. Dernek binas\u0131nda d\u00fczenlenen forumda \u201c6-7 Eyl\u00fcl 1955 pogromunu unutma unutturma\u201d yaz\u0131l\u0131 ozalit as\u0131ld\u0131.<\/p>\n<p>\u2026<\/p>\n<p>Demokrasi \u0130\u00e7in Birlik, SAH\u0130 Sosyal Adalet Hareketi, GADEV ve Ortado\u011fu Dayan\u0131\u015fma A\u011f\u0131 taraf\u0131ndan, Garip Dede Cemevi&#8217;nde, akademisyen ve yazarlar\u0131n kat\u0131l\u0131m\u0131yla &#8216;Ortado\u011fu Yeniden Kurulurken ALEV\u0130LER&#8217; konulu s\u00f6yle\u015fi ger\u00e7ekle\u015ftirilecek.Panelde, Alevilik inanc\u0131n\u0131n do\u011fru anla\u015f\u0131l\u0131p ya\u015fanmas\u0131 gerekti\u011fi belirtilerek, t\u00fcm halklar\u0131n birlikte ortakla\u015fmas\u0131n\u0131n \u00f6nemli oldu\u011fu vurguland\u0131.<\/p>\n<p>\u2026\u2026<\/p>\n<p>\u0130nsan Haklar\u0131 Derne\u011fi (\u0130HD) \u0130stanbul \u015eubesi Hapishane Komisyonu 754. F Oturmas\u0131nda halen Marmara 6 No\u2019lu L Tipi Hapishanesi\u2019nde tutulan hasta tutsak Kadir Karabak\u2019\u0131n serbest b\u0131rak\u0131lmas\u0131n\u0131 istedi.<\/p>\n<p>\u2026..<\/p>\n<p>\u0130nsan Haklar\u0131 Derne\u011fi (\u0130HD)\u00a0Diyarbak\u0131r\u00a0\u015eubesi \u00fcyeleri ve kay\u0131p yak\u0131nlar\u0131, 917\u2019inci hafta eylemini Ko\u015fuyolu Park\u0131\u2019nda bulunan Ya\u015fam Hakk\u0131 An\u0131t\u0131 \u00f6n\u00fcnde d\u00fczenledi. Bu hafta eylemde 4 Eyl\u00fcl 1993 tarihinde u\u011frad\u0131\u011f\u0131 silahl\u0131 sald\u0131r\u0131da ya\u015fam\u0131n\u0131 yitiren Mehmet Sincar\u2019\u0131n faillerinin a\u00e7\u0131\u011fa \u00e7\u0131kar\u0131lmas\u0131 istendi. A\u00e7\u0131klaman\u0131n ard\u0131ndan oturma eylemi yap\u0131ld\u0131.<\/p>\n<p>\u2026\u2026.<\/p>\n<p>\u0130HD\u00a0Batman\u00a0\u015eubesi \u00fcyeleri ve kay\u0131p yak\u0131nlar\u0131, 753&#8217;\u00fcnc\u00fc hafta eylemini G\u00fclistan Caddesi\u2019ndeki \u0130nsan Haklar\u0131 An\u0131t\u0131 \u00f6n\u00fcnde ger\u00e7ekle\u015ftirdi. Bu haftaki eylemde Mehmet Sincar ve parti y\u00f6neticisi Metin \u00d6zdemir&#8217;in failleri soruldu. Bas\u0131n metnini \u0130HD Batman \u015eube y\u00f6netiminden \u0130hsan \u00d6nel okuduktan sonra oturma eylemi yap\u0131ld\u0131.<\/p>\n<p>\u0130HD\u00a0Hakk\u00e2ri\u00a0\u015eubesi \u00fcyeleri ve kay\u0131p yak\u0131nlar\u0131 243&#8217;\u00fcnc\u00fc hafta eylemini Y\u00fcksekova\u2019da bulunan Sanat Soka\u011f\u0131\u2019nda yapt\u0131. Bu hafta eylemde 1996 y\u0131l\u0131nda Hakkari\u2019de katledilen 5 \u00e7oban i\u00e7in \u201cadalet\u201d talep edildi<\/p>\n<p>\u2026.<\/p>\n<p>\u0130HD\u00a0\u0130zmir\u00a0\u015eubesi \u00fcyeleri eylemlerini Konak Eski S\u00fcmerbank \u00f6n\u00fcnde d\u00fczenledi. Bu hafta eylemde K\u0131r\u0131klar F Tipi Y\u00fcksek G\u00fcvenlikli Kapal\u0131 Hapishanesi\u2019nde tutulan 31 y\u0131ll\u0131k tutsak Mehmet Sait Y\u0131ld\u0131r\u0131m\u2019\u0131n serbest b\u0131rak\u0131lmas\u0131 istendi.<\/p>\n<p>\u2026\u2026.<\/p>\n<p>Ankara\u2019da Hasta Mahpuslar \u00d6zg\u00fcrl\u00fck \u0130nisiyatifi 626\u2019nc\u0131 hafta eylemini Sakarya Caddesi\u2019nde yapt\u0131. Bu hafta eylemde Kocaeli Kand\u0131ra 2 No\u2019lu F Tipi Kapal\u0131 Hapishanesi\u2019nde tutulan hasta tutsak Neytullah Bayram\u2019\u0131n serbest b\u0131rak\u0131lmas\u0131 istendi.<\/p>\n<p>\u2026\u2026.<\/p>\n<p>K\u00fc\u00e7\u00fck\u00e7ekmece Ekmek ve G\u00fcl Kad\u0131n Dayan\u0131\u015fma Derne\u011fi \u0130kitelli\u2019de tekstil at\u00f6lyelerini dola\u015ft\u0131, kad\u0131n i\u015f\u00e7ilerin \u00e7al\u0131\u015fma ko\u015fullar\u0131na dair izlenimlerini yazd\u0131. K\u00fc\u00e7\u00fck\u00e7ekmece\u2019de tekstil at\u00f6lyelerinin tablosu: G\u00fcvencesiz, sa\u011fl\u0131ks\u0131z, bask\u0131 alt\u0131nda.<\/p>\n<p>\u2026.<\/p>\n<p>Manos Kitap ve D\u0130SK\/G\u0131da-\u0130\u015f taraf\u0131ndan bu y\u0131l 11\u2019incisi d\u00fczenlenen Sennur Sezer Emek-Direni\u015f \u015eiir ve \u00d6yk\u00fc \u00d6d\u00fclleri t\u00f6reni, K\u00fc\u00e7\u00fck\u00e7ekmece Belediyesinin katk\u0131lar\u0131yla Ali \u0130smail Korkmaz Park\u0131\u2019nda ger\u00e7ekle\u015ftirildi.<\/p>\n<p>\u2026..<\/p>\n<p>ODT\u00dc orman\u0131ndan ge\u00e7en Bilkent-\u0130ncek yolu projesinde \u00e7al\u0131\u015fmalar s\u00fcrerken \u00f6\u011frenciler projeye kar\u015f\u0131 eylemde: \u201c\u015eehrimizin ci\u011ferinin rant\u00e7\u0131lar\u0131n k\u00e2r hevesi i\u00e7in talan edilmesine kar\u015f\u0131y\u0131z\u201d.<\/p>\n<p>\u2026..<\/p>\n<p>2023&#8217;te 38 bin olan tutuklu say\u0131s\u0131, 1 Eyl\u00fcl 2026 itibar\u0131yla 70 bin 693\u2019e ula\u015ft\u0131.<\/p>\n","protected":false},"excerpt":{"rendered":"<p>ANKARA Bug\u00fcn saat 10.00\u2019da, DEM Parti, 5&#8217;inci Ola\u011fan B\u00fcy\u00fck Kongresi&#8217;ni Yenimahalle Naz\u0131m Hikmet K\u00fclt\u00fcr Merkezi&#8217;nde ger\u00e7ekle\u015ftirecek. MU\u015e Bug\u00fcn saat 12.00-21.00<\/p>\n","protected":false},"author":1,"featured_media":4835,"comment_status":"closed","ping_status":"closed","sticky":false,"template":"","format":"standard","meta":{"footnotes":""},"categories":[72],"tags":[],"class_list":["post-5150","post","type-post","status-publish","format-standard","has-post-thumbnail","hentry","category-guncel"],"_links":{"self":[{"href":"https:\/\/dkder.org\/index.php\/wp-json\/wp\/v2\/posts\/5150","targetHints":{"allow":["GET"]}}],"collection":[{"href":"https:\/\/dkder.org\/index.php\/wp-json\/wp\/v2\/posts"}],"about":[{"href":"https:\/\/dkder.org\/index.php\/wp-json\/wp\/v2\/types\/post"}],"author":[{"embeddable":true,"href":"https:\/\/dkder.org\/index.php\/wp-json\/wp\/v2\/users\/1"}],"replies":[{"embeddable":true,"href":"https:\/\/dkder.org\/index.php\/wp-json\/wp\/v2\/comments?post=5150"}],"version-history":[{"count":1,"href":"https:\/\/dkder.org\/index.php\/wp-json\/wp\/v2\/posts\/5150\/revisions"}],"predecessor-version":[{"id":5151,"href":"https:\/\/dkder.org\/index.php\/wp-json\/wp\/v2\/posts\/5150\/revisions\/5151"}],"wp:featuredmedia":[{"embeddable":true,"href":"https:\/\/dkder.org\/index.php\/wp-json\/wp\/v2\/media\/4835"}],"wp:attachment":[{"href":"https:\/\/dkder.org\/index.php\/wp-json\/wp\/v2\/media?parent=5150"}],"wp:term":[{"taxonomy":"category","embeddable":true,"href":"https:\/\/dkder.org\/index.php\/wp-json\/wp\/v2\/categories?post=5150"},{"taxonomy":"post_tag","embeddable":true,"href":"https:\/\/dkder.org\/index.php\/wp-json\/wp\/v2\/tags?post=5150"}],"curies":[{"name":"wp","href":"https:\/\/api.w.org\/{rel}","templated":true}]}}