{"id":853,"date":"2023-11-06T16:50:31","date_gmt":"2023-11-06T16:50:31","guid":{"rendered":"https:\/\/ensantane.com\/?p=853"},"modified":"2023-11-06T16:50:31","modified_gmt":"2023-11-06T16:50:31","slug":"19-kasim-mitingi-icin-kapi-kapi-davet","status":"publish","type":"post","link":"https:\/\/dkder.org\/index.php\/2023\/11\/06\/19-kasim-mitingi-icin-kapi-kapi-davet\/","title":{"rendered":"19 Kas\u0131m mitingi i\u00e7in kap\u0131 kap\u0131 davet"},"content":{"rendered":"<p>\u0130\u015f\u00e7i Emek\u00e7i Birli\u011fi ve bile\u015fenleri taraf\u0131ndan 19 Kas\u0131m Kartal\u2019da ger\u00e7ekle\u015ftirilecek olan A\u00e7l\u0131k, Yoksulluk, Bask\u0131, Sava\u015f ve S\u00f6m\u00fcr\u00fc D\u00fczenine Kar\u015f\u0131 ARTIK YETER mitingi i\u00e7in il\u00e7elerde mitingde seslerini y\u00fckseltmeleri i\u00e7in demokratik kitle \u00f6rg\u00fctleri, siyasi partiler, y\u00f6re derneklerine davet ve bilgilendirme ziyaretleri ba\u015flad\u0131.<\/p>\n<p>Esenyurt il\u00e7esinde \u00e7ok say\u0131da kurumu ziyaret eden miting g\u00f6revlileri, ger\u00e7ekle\u015ftirilecek mitingin sadece d\u00fczenleyen kurumlar\u0131n mitingi olmad\u0131\u011f\u0131n\u0131, kapitalist sistemin ma\u011fdur etti\u011fi, i\u015fsiz ve yoksul b\u0131rakt\u0131\u011f\u0131, s\u00f6m\u00fcr\u00fc \u00e7arklar\u0131 aras\u0131nda ezdi\u011fi, ya\u015fam\u0131 zehir etti\u011fi t\u00fcm halk kesimlerini s\u00f6zlerinin s\u00f6ylemeleri i\u00e7in mitinde yerlerini almalar\u0131n\u0131 istediler.<\/p>\n<p>Miting g\u00f6revlileri, \u201cMitingimizin talepleri her kesimden ezilen ve s\u00f6m\u00fcr\u00fclen kesimlerin ortak talepleridir. Kendi taleplerimize sahip \u00e7\u0131kmal\u0131y\u0131z ama bu da yetmez, bunun i\u00e7in m\u00fccadele etmeliyiz. Bunun yollar\u0131ndan biri de mitingimizdir. Bu y\u00fczden g\u00fcc\u00fcm\u00fcz\u00fc, sesimizi, s\u00f6z\u00fcm\u00fcz\u00fc birle\u015ftirmeliyiz. Ailemizin t\u00fcm fertleri ile, kom\u015fular\u0131m\u0131zla mitingde ses y\u00fckselmeye davet ediyoruz\u201d diyerek davetlerini ilettiler.<\/p>\n","protected":false},"excerpt":{"rendered":"<p>\u0130\u015f\u00e7i Emek\u00e7i Birli\u011fi ve bile\u015fenleri taraf\u0131ndan 19 Kas\u0131m Kartal\u2019da ger\u00e7ekle\u015ftirilecek olan A\u00e7l\u0131k, Yoksulluk, Bask\u0131, Sava\u015f ve S\u00f6m\u00fcr\u00fc D\u00fczenine Kar\u015f\u0131 ARTIK<\/p>\n","protected":false},"author":1,"featured_media":854,"comment_status":"open","ping_status":"closed","sticky":false,"template":"","format":"standard","meta":{"footnotes":""},"categories":[72],"tags":[],"class_list":["post-853","post","type-post","status-publish","format-standard","has-post-thumbnail","hentry","category-guncel"],"_links":{"self":[{"href":"https:\/\/dkder.org\/index.php\/wp-json\/wp\/v2\/posts\/853","targetHints":{"allow":["GET"]}}],"collection":[{"href":"https:\/\/dkder.org\/index.php\/wp-json\/wp\/v2\/posts"}],"about":[{"href":"https:\/\/dkder.org\/index.php\/wp-json\/wp\/v2\/types\/post"}],"author":[{"embeddable":true,"href":"https:\/\/dkder.org\/index.php\/wp-json\/wp\/v2\/users\/1"}],"replies":[{"embeddable":true,"href":"https:\/\/dkder.org\/index.php\/wp-json\/wp\/v2\/comments?post=853"}],"version-history":[{"count":1,"href":"https:\/\/dkder.org\/index.php\/wp-json\/wp\/v2\/posts\/853\/revisions"}],"predecessor-version":[{"id":855,"href":"https:\/\/dkder.org\/index.php\/wp-json\/wp\/v2\/posts\/853\/revisions\/855"}],"wp:featuredmedia":[{"embeddable":true,"href":"https:\/\/dkder.org\/index.php\/wp-json\/wp\/v2\/media\/854"}],"wp:attachment":[{"href":"https:\/\/dkder.org\/index.php\/wp-json\/wp\/v2\/media?parent=853"}],"wp:term":[{"taxonomy":"category","embeddable":true,"href":"https:\/\/dkder.org\/index.php\/wp-json\/wp\/v2\/categories?post=853"},{"taxonomy":"post_tag","embeddable":true,"href":"https:\/\/dkder.org\/index.php\/wp-json\/wp\/v2\/tags?post=853"}],"curies":[{"name":"wp","href":"https:\/\/api.w.org\/{rel}","templated":true}]}}