{"id":948,"date":"2023-08-22T22:20:59","date_gmt":"2023-08-22T22:20:59","guid":{"rendered":"https:\/\/ensantane.com\/?p=948"},"modified":"2023-11-15T22:37:26","modified_gmt":"2023-11-15T22:37:26","slug":"kesk-alsancaktan-seslendi-genel-grev-genel-direnis","status":"publish","type":"post","link":"https:\/\/dkder.org\/index.php\/2023\/08\/22\/kesk-alsancaktan-seslendi-genel-grev-genel-direnis\/","title":{"rendered":"KESK ALSANCAK\u2019TAN SESLEND\u0130: GENEL GREV GENEL D\u0130REN\u0130\u015e"},"content":{"rendered":"<p>KESK \u0130zmir \u015eubeler Platformu, 2024-2025 d\u00f6nemini kapsayacak T\u0130S g\u00f6r\u00fc\u015fmelerine dair Alsancak Gar \u00f6n\u00fcnde bas\u0131n a\u00e7\u0131klamas\u0131 d\u00fczenledi.<\/p>\n<p>DKDER de kat\u0131larak destek verdi.<\/p>\n<p>\u201cGenel grev, genel direni\u015f\u201d ve \u201cH\u00fck\u00fcmet zamm\u0131n\u0131 al ba\u015f\u0131na \u00e7al\u201d sloganlar\u0131n\u0131n at\u0131ld\u0131\u011f\u0131 eylemde ilk a\u00e7\u0131klamay\u0131 Birle\u015fik Ta\u015f\u0131mac\u0131l\u0131k Sendikas\u0131 Ba\u015fkan\u0131 Erdal Akyol yapt\u0131.<\/p>\n<p>KESK \u0130zmir \u015eubeler Platformu ad\u0131na bas\u0131n metnini ise SES \u0130zmir \u015eube E\u015f Ba\u015fkan\u0131 Nursel Y\u00fccesoy okudu.<\/p>\n<p>Genel taleplere ili\u015fkin y\u00fcr\u00fct\u00fclen g\u00f6r\u00fc\u015fmelerde \u00fc\u00e7\u00fcnc\u00fc oturumu 17 A\u011fustos tarihinde ger\u00e7ekle\u015fti\u011fini aktaran Y\u00fccesoy, \u201cBuna g\u00f6re; 2024 y\u0131l\u0131n\u0131n ilk alt\u0131 ay\u0131 i\u00e7in y\u00fczde 15, ikinci alt\u0131 ay\u0131 i\u00e7in y\u00fczde 10, 2025 y\u0131l\u0131n\u0131n ilk alt\u0131 ay\u0131 i\u00e7in y\u00fczde 6 ve ikinci alt\u0131 i\u00e7in y\u00fczde 5 teklif edilmi\u015ftir. Birinci dereceye ula\u015fan kamu emek\u00e7ilerine 3600 ek g\u00f6sterge verilmesi, disiplin su\u00e7lar\u0131n\u0131n aff\u0131, g\u00f6revde y\u00fckselme s\u0131navlar\u0131n\u0131n belli periyodlarla yap\u0131lmas\u0131, hacca gidecek memurlara destek sunulmas\u0131, kamuda engelli istihdam\u0131n\u0131n art\u0131r\u0131lmas\u0131 gibi konularda bir \u00e7al\u0131\u015fma y\u00fcr\u00fct\u00fclece\u011fi belirtilmi\u015fse de ba\u011flay\u0131c\u0131 bir T\u0130S h\u00fckm\u00fc haline getirilmeyece\u011fi, zamana yay\u0131laca\u011f\u0131 anla\u015f\u0131lm\u0131\u015ft\u0131r\u201d diye konu\u015ftu.<\/p>\n<p>Y\u00fccesoy, s\u00f6zlerine \u015f\u00f6yle devam etti; \u201cSadece 2024 y\u0131l\u0131 i\u00e7in ilk teklifteki oranlara birer puan art\u0131r\u0131lmak suretiyle getirilen bu teklifle adeta T\u0130S masas\u0131yla alay edilmi\u015ftir.\u201d<\/p>\n<p>Ortada bir toplu s\u00f6zle\u015fme teklifi olmad\u0131\u011f\u0131n\u0131 belirten Y\u00fccesoy, \u201cKESK olarak ba\u015ftan itibaren seyyanen, ek \u00f6deme, ilave \u00f6deme gibi adlar alt\u0131nda getirilen ve taban ayl\u0131\u011f\u0131m\u0131za yans\u0131t\u0131lmayan kalemlerin \u00f6nce taban ayl\u0131\u011f\u0131m\u0131za yans\u0131t\u0131lmas\u0131n\u0131, y\u00fczdelik art\u0131\u015f\u0131n daha sonra eklenmesini talep etmekteyiz. Ger\u00e7ek\u00e7i bir teklif ile gelinecekse yoksulluk s\u0131n\u0131r\u0131n\u0131n baz al\u0131nmas\u0131n\u0131 ve \u00fc\u00e7 ayda bir art\u0131\u015flar\u0131n g\u00fcncellenmesi gerekmektedir\u201d dedi.<\/p>\n<p>Mevcut sendika yasas\u0131n\u0131n art\u0131k ge\u00e7ersiz oldu\u011funu s\u00f6yleyen Y\u00fccesoy, \u201cT\u00fcm konfederasyonlar\u0131 ger\u00e7ekten grevli ve T\u0130S\u2019li bir sendika hakk\u0131 ve emek\u00e7inin toplu s\u00f6zle\u015fmesi i\u00e7in birlikte m\u00fccadeleye \u00e7a\u011f\u0131r\u0131yoruz. Bu anlamda art\u0131k h\u00fck\u00fcmetin masas\u0131 haline gelen emek\u00e7ileri a\u015fa\u011f\u0131layan bu masadan kalk\u0131n emek\u00e7inin T\u0130S masas\u0131nda bulu\u015fal\u0131m. Bizler KESK olarak t\u00fcm i\u015fyerlerimizde ve online olarak grev oylamas\u0131 i\u00e7in sand\u0131klar kuruyoruz. Oylama de\u011ferlendirmesi sonucunda \u00f6n\u00fcm\u00fczdeki s\u00fcreci t\u00fcm emek\u00e7ileri kapsayacak \u015fekilde ger\u00e7ek bir sendika yasas\u0131 ve hakk\u0131m\u0131z olan\u0131 almak i\u00e7in genel greve evirip birlikte m\u00fccadele ederek kazanaca\u011f\u0131z\u201d diye konu\u015ftu.(21 A\u011fustos)<\/p>\n","protected":false},"excerpt":{"rendered":"<p>KESK \u0130zmir \u015eubeler Platformu, 2024-2025 d\u00f6nemini kapsayacak T\u0130S g\u00f6r\u00fc\u015fmelerine dair Alsancak Gar \u00f6n\u00fcnde bas\u0131n a\u00e7\u0131klamas\u0131 d\u00fczenledi. DKDER de kat\u0131larak destek<\/p>\n","protected":false},"author":1,"featured_media":950,"comment_status":"open","ping_status":"closed","sticky":false,"template":"","format":"standard","meta":{"footnotes":""},"categories":[72],"tags":[],"class_list":["post-948","post","type-post","status-publish","format-standard","has-post-thumbnail","hentry","category-guncel"],"_links":{"self":[{"href":"https:\/\/dkder.org\/index.php\/wp-json\/wp\/v2\/posts\/948","targetHints":{"allow":["GET"]}}],"collection":[{"href":"https:\/\/dkder.org\/index.php\/wp-json\/wp\/v2\/posts"}],"about":[{"href":"https:\/\/dkder.org\/index.php\/wp-json\/wp\/v2\/types\/post"}],"author":[{"embeddable":true,"href":"https:\/\/dkder.org\/index.php\/wp-json\/wp\/v2\/users\/1"}],"replies":[{"embeddable":true,"href":"https:\/\/dkder.org\/index.php\/wp-json\/wp\/v2\/comments?post=948"}],"version-history":[{"count":1,"href":"https:\/\/dkder.org\/index.php\/wp-json\/wp\/v2\/posts\/948\/revisions"}],"predecessor-version":[{"id":949,"href":"https:\/\/dkder.org\/index.php\/wp-json\/wp\/v2\/posts\/948\/revisions\/949"}],"wp:featuredmedia":[{"embeddable":true,"href":"https:\/\/dkder.org\/index.php\/wp-json\/wp\/v2\/media\/950"}],"wp:attachment":[{"href":"https:\/\/dkder.org\/index.php\/wp-json\/wp\/v2\/media?parent=948"}],"wp:term":[{"taxonomy":"category","embeddable":true,"href":"https:\/\/dkder.org\/index.php\/wp-json\/wp\/v2\/categories?post=948"},{"taxonomy":"post_tag","embeddable":true,"href":"https:\/\/dkder.org\/index.php\/wp-json\/wp\/v2\/tags?post=948"}],"curies":[{"name":"wp","href":"https:\/\/api.w.org\/{rel}","templated":true}]}}